{"id":49011,"date":"2021-03-18T00:00:00","date_gmt":"2021-03-17T23:00:00","guid":{"rendered":"https:\/\/biorius.com\/cosmetic-news\/impatto-della-legge-agec-sui-prodotti-cosmetici-venduti-in-francia\/"},"modified":"2024-05-08T11:29:51","modified_gmt":"2024-05-08T09:29:51","slug":"impatto-della-legge-agec-sui-prodotti-cosmetici-venduti-in-francia","status":"publish","type":"post","link":"https:\/\/biorius.com\/it\/cosmetic-news\/impatto-della-legge-agec-sui-prodotti-cosmetici-venduti-in-francia\/","title":{"rendered":"Impatto della legge AGEC sui prodotti cosmetici venduti in Francia"},"content":{"rendered":"\n<h2 class=\"wp-block-heading\">Legge anti-rifiuti per un&#8217;economia circolare<\/h2>\n\n<div class=\"wp-block-image\"><figure class=\"alignleft size-large is-resized\"><img fetchpriority=\"high\" decoding=\"async\" src=\"https:\/\/biorius.com\/wp-content\/uploads\/2023\/10\/pexels-vlada-karpovich-4668363-1-682x1024-1.jpg\" alt=\"\" class=\"wp-image-7937\" width=\"282\" height=\"424\"\/><\/figure><\/div>\n\n<p>La <a href=\"https:\/\/www.legifrance.gouv.fr\/download\/pdf?id=tIvlngK1-pPYKGFzbZJvgnB0La5rYk6ys5dm_FwTPZs=\" target=\"_blank\" rel=\"noreferrer noopener\">legge<\/a> francese <a href=\"https:\/\/www.legifrance.gouv.fr\/download\/pdf?id=tIvlngK1-pPYKGFzbZJvgnB0La5rYk6ys5dm_FwTPZs=\" target=\"_blank\" rel=\"noreferrer noopener\">anti-rifiuti per un&#8217;economia circolare<\/a> n\u00b02020-105 (nota come legge AGEC) \u00e8 stata pubblicata nel febbraio 2020. L&#8217;obiettivo di questa legge \u00e8 quello di migliorare il riutilizzo e il riciclo e di ridurre il consumo di plastica. L&#8217;obiettivo \u00e8 quello di trasformare gradualmente l&#8217;attuale modo lineare di produrre, consumare e gestire i rifiuti in un&#8217;economia circolare. La legge comprende un centinaio di misure organizzate intorno a 5 assi principali:<\/p>\n\n<ul class=\"wp-block-list\"><li>Eliminazione graduale della plastica monouso<\/li><li>Informare meglio i consumatori<\/li><li>Combattere gli sprechi e promuovere il riutilizzo<\/li><li>Agire contro l&#8217;obsolescenza programmata<\/li><li>Produrre meglio<\/li><\/ul>\n\n<p><\/p>\n\n<h2 class=\"wp-block-heading\"><strong>Che impatto avr\u00e0 questa legge sui prodotti cosmetici immessi sul mercato francese?<\/strong><\/h2>\n\n<div class=\"wp-block-image is-style-default\"><figure class=\"alignright size-large is-resized\"><img decoding=\"async\" src=\"https:\/\/biorius.com\/wp-content\/uploads\/2023\/10\/pexels-ekaterina-bolovtsova-6077326-1024x683-1.jpg\" alt=\"\" class=\"wp-image-7925\" width=\"273\" height=\"181\"\/><\/figure><\/div>\n\n<p class=\"has-text-align-left\">Questa legge avr\u00e0 diversi impatti sull&#8217;industria cosmetica, come ad esempio il divieto di distruggere i prodotti invenduti, l&#8217;aumento della frazione di materiale riciclato nelle confezioni, la promozione dei prodotti venduti sfusi, l&#8217;informazione dei consumatori sulle caratteristiche ambientali dei prodotti, ecc. La maggior parte di queste misure entrer\u00e0 in vigore dopo il<sup>1\u00b0<\/sup> gennaio 2022.<\/p>\n\n<p>Questa lettera informativa si concentra sulle tre prime azioni che avranno un impatto sull&#8217;etichettatura dei prodotti cosmetici. L&#8217;obiettivo \u00e8 quello di rendere pi\u00f9 efficace lo smistamento attraverso un unico logo e istruzioni di smistamento:<\/p>\n\n<ul class=\"wp-block-list\"><li>Obbligo di esporre il logo Triman sulla confezione a partire dal<sup>1\u00b0<\/sup> gennaio 2022.<\/li><li>Le istruzioni di smistamento dovranno essere riportate sulla confezione a partire dal<sup>1\u00b0<\/sup> gennaio 2022.<\/li><li>Rimuovi qualsiasi altro segno che possa confondere i consumatori in merito alle regole di smistamento a partire dal <strong><sup>1\u00b0<\/sup> gennaio 2022<\/strong>.<\/li><\/ul>\n\n<p>Il <strong>logo Triman<\/strong> indica che almeno uno degli imballaggi \u00e8 riciclabile. Questo logo esiste in Francia dal 2012, senza l&#8217;obbligo di esporlo direttamente sulla confezione: pu\u00f2 essere dematerializzato (ad esempio solo sul sito internet).<\/p>\n\n<p>Tuttavia, a partire dal<sup>1\u00b0<\/sup> gennaio 2022 dovr\u00e0 essere indicato su tutti gli imballaggi che possono essere riciclati, come previsto dall&#8217;articolo 17 della legge AGEC.<\/p>\n\n<p>Logo Triman:<\/p>\n\n<div class=\"wp-block-image\"><figure class=\"aligncenter size-large\"><img decoding=\"async\" src=\"https:\/\/biorius.com\/wp-content\/uploads\/2023\/10\/image-8.png\" alt=\"\" class=\"wp-image-8071\"\/><\/figure><\/div>\n\n<p>Inoltre, devono essere disponibili anche <strong>istruzioni<\/strong> precise <strong>per lo smistamento<\/strong>. Se le diverse parti dell&#8217;imballaggio hanno istruzioni di smistamento diverse, queste devono essere dettagliate separatamente. Il decreto attuativo \u00e8 in attesa e dovrebbe fornire informazioni pi\u00f9 pratiche e specificare dove queste istruzioni dovrebbero essere esposte: sulla confezione stessa o in forma dematerializzata? Questo decreto probabilmente conceder\u00e0 dei periodi di transizione per consentire la liquidazione delle scorte esistenti per i prodotti immessi sul mercato francese prima del<sup>1\u00b0<\/sup> gennaio 2022.<\/p>\n\n<p>L&#8217;articolo 62 della legge AGEC prevede l&#8217;imposizione di una <strong>sanzione pecuniaria<\/strong> per <strong>qualsiasi marchio o segno che possa confondere le<\/strong> regole di selezione o la quantit\u00e0 di rifiuti del prodotto. Il<sup>24<\/sup> dicembre 2020 \u00e8 stata pubblicata l&#8217;ordinanza ministeriale<a href=\"https:\/\/www.legifrance.gouv.fr\/download\/pdf?id=sM5ZqyNsqdXbNvk7BGvpnUOKybiynhwl4zWmqSZPghk=\" target=\"_blank\" rel=\"noreferrer noopener\">(Arr\u00eat\u00e9 du 30 novembre 2020<\/a>) relativa ai segni e ai contrassegni che possono generare confusione sulle regole di smistamento, che stabilisce che qualsiasi segno che rappresenti 2 o pi\u00f9 frecce a spirale in un cerchio \u00e8 confondibile, ad eccezione di:<\/p>\n\n<ul class=\"wp-block-list\"><li>Il logo Triman<\/li><li>Loghi associati al marchio del prodotto o alla societ\u00e0 di distribuzione<\/li><li>Cartelli regolamentati dagli Stati membri che informano il consumatore che il prodotto \u00e8 riciclabile o che riportano istruzioni per la raccolta differenziata<\/li><\/ul>\n\n<p>Il <strong>Punto Verde<\/strong> \u00e8 quindi interessato da questa disposizione nazionale. Logo Punto Verde:<\/p>\n\n<div class=\"wp-block-image\"><figure class=\"aligncenter size-large\"><img decoding=\"async\" width=\"59\" height=\"60\" src=\"https:\/\/biorius.com\/wp-content\/uploads\/2023\/10\/image-6.png\" alt=\"\" class=\"wp-image-8062\"\/><\/figure><\/div>\n\n<p>La sanzione pecuniaria per qualsiasi prodotto con il Punto Verde sar\u00e0 applicabile a partire dal<sup>1\u00b0<\/sup> gennaio 2022, anzich\u00e9 dal<sup>1\u00b0<\/sup> aprile come inizialmente previsto, come deciso dall&#8217;<a href=\"https:\/\/www.emballagesmagazine.com\/mediatheque\/8\/0\/1\/000046108.pdf\" target=\"_blank\" rel=\"noreferrer noopener\">Ordinanza del Consiglio di Stato del<sup>15<\/sup> marzo 2021<\/a>. Saranno concessi periodi di transizione. Verranno aggiornati in base alla nuova data di presentazione della domanda.<\/p>\n\n<h2 class=\"wp-block-heading\">Raccomandazione degli esperti Biorius<\/h2>\n\n<p><strong>BIORIUS consiglia di<\/strong><\/p>\n\n<ul class=\"wp-block-list\"><li>Elimina il punto verde dalla tua confezione il prima possibile (tranne nel caso in cui la stessa confezione sia venduta anche a Cipro e in Spagna, poich\u00e9 in questi paesi il punto verde \u00e8 ancora obbligatorio).<\/li><li>Per i prodotti che non riportano il logo Triman, attendere la pubblicazione dei testi che chiariscono le regole di selezione prima di aggiungere il logo Triman sulle etichette delle confezioni (prevista per il <strong>secondo trimestre 2021<\/strong>).<\/li><\/ul>\n\n<div class=\"wp-block-image is-style-bottom-wave\"><figure class=\"alignleft size-large is-resized\"><img loading=\"lazy\" decoding=\"async\" src=\"https:\/\/biorius.com\/wp-content\/uploads\/2023\/10\/pexels-atypeek-dgn-5781917-1-1020x1024-1.jpg\" alt=\"\" class=\"wp-image-8014\" width=\"209\" height=\"209\"\/><\/figure><\/div>\n\n<p><strong>Si noti che il rispetto di tutti questi obblighi nazionali \u00e8 sotto la responsabilit\u00e0 della persona che immette il prodotto nel mercato francese.  <\/strong>Biorius rimane a tua disposizione per qualsiasi domanda relativa a questo argomento e faremo in modo che tu sia informato sugli ultimi aggiornamenti e su tutti gli sviluppi normativi relativi alla Legge AGEC.  <strong>Tuttavia, invitiamo i marchi di cosmetici a verificare con i loro importatori o distributori la conformit\u00e0 a questi requisiti.<\/strong><\/p>\n\n<p><\/p>\n\n<p>Biorius pu\u00f2 aiutarti ad affrontare un ambiente normativo impegnativo e in rapida evoluzione e ti tiene aggiornato sullo stato di conformit\u00e0 del tuo portafoglio prodotti. Non esitare a contattarci per maggiori informazioni.<\/p>\n\n<p>Autore : Signora St\u00e9phanie Annet<\/p>\n\n<p><\/p>\n\n<div class=\"wp-block-image is-style-cut-corner\"><figure class=\"alignleft size-large is-resized\"><img loading=\"lazy\" decoding=\"async\" src=\"https:\/\/biorius.com\/wp-content\/uploads\/2023\/10\/books-1845614_1920-1024x556-1.jpg\" alt=\"\" class=\"wp-image-3022\" width=\"115\" height=\"63\"\/><\/figure><\/div>\n\n<p>Se stai cercando altri argomenti che possano influenzare il tuo business cosmetico europeo. Biorius ti invita a visitare il <a href=\"https:\/\/biorius.com\/category\/regulatory\/\" target=\"_blank\" rel=\"noreferrer noopener\">blog <\/a>sulle tematiche normative  <\/p>\n","protected":false},"excerpt":{"rendered":"<p>Legge anti-rifiuti per un&#8217;economia circolare La legge francese anti-rifiuti per un&#8217;economia circolare n\u00b02020-105 (nota come legge AGEC) \u00e8 stata pubblicata nel febbraio 2020. L&#8217;obiettivo di&#8230;<\/p>\n","protected":false},"author":2,"featured_media":40959,"comment_status":"open","ping_status":"open","sticky":false,"template":"","format":"standard","meta":{"_acf_changed":false,"_coblocks_attr":"","_coblocks_dimensions":"","_coblocks_responsive_height":"","_coblocks_accordion_ie_support":"","footnotes":""},"categories":[2291],"tags":[],"ppma_author":[],"class_list":["post-49011","post","type-post","status-publish","format-standard","has-post-thumbnail","hentry","category-regolamenti-cosmetici"],"acf":[],"yoast_head":"<!-- This site is optimized with the Yoast SEO plugin v27.5 - https:\/\/yoast.com\/product\/yoast-seo-wordpress\/ -->\n<title>Impatto della legge AGEC sui prodotti cosmetici venduti in Francia - Biorius<\/title>\n<meta name=\"description\" content=\"Nel febbraio 2020 \u00e8 stata pubblicata una legge francese contro i rifiuti per un&#039;economia circolare. Questa legge avr\u00e0 diversi impatti sull&#039;industria cosmetica.\" \/>\n<meta name=\"robots\" content=\"index, follow, max-snippet:-1, max-image-preview:large, max-video-preview:-1\" \/>\n<link rel=\"canonical\" href=\"https:\/\/biorius.com\/it\/cosmetic-news\/impatto-della-legge-agec-sui-prodotti-cosmetici-venduti-in-francia\/\" \/>\n<meta property=\"og:locale\" content=\"it_IT\" \/>\n<meta property=\"og:type\" content=\"article\" \/>\n<meta property=\"og:title\" content=\"Impatto della legge AGEC sui prodotti cosmetici venduti in Francia - Biorius\" \/>\n<meta property=\"og:description\" content=\"Nel febbraio 2020 \u00e8 stata pubblicata una legge francese contro i rifiuti per un&#039;economia circolare. Questa legge avr\u00e0 diversi impatti sull&#039;industria cosmetica.\" \/>\n<meta property=\"og:url\" content=\"https:\/\/biorius.com\/it\/cosmetic-news\/impatto-della-legge-agec-sui-prodotti-cosmetici-venduti-in-francia\/\" \/>\n<meta property=\"og:site_name\" content=\"Biorius\" \/>\n<meta property=\"article:published_time\" content=\"2021-03-17T23:00:00+00:00\" \/>\n<meta property=\"article:modified_time\" content=\"2024-05-08T09:29:51+00:00\" \/>\n<meta property=\"og:image\" content=\"https:\/\/biorius.com\/wp-content\/uploads\/2023\/10\/pexels-ekaterina-bolovtsova-6077326.jpg\" \/>\n\t<meta property=\"og:image:width\" content=\"1920\" \/>\n\t<meta property=\"og:image:height\" content=\"1280\" \/>\n\t<meta property=\"og:image:type\" content=\"image\/jpeg\" \/>\n<meta name=\"author\" content=\"nicolas.lenaers@biorius.com\" \/>\n<meta name=\"twitter:card\" content=\"summary_large_image\" \/>\n<meta name=\"twitter:label1\" content=\"Scritto da\" \/>\n\t<meta name=\"twitter:data1\" content=\"nicolas.lenaers@biorius.com\" \/>\n\t<meta name=\"twitter:label2\" content=\"Tempo di lettura stimato\" \/>\n\t<meta name=\"twitter:data2\" content=\"4 minuti\" \/>\n<script type=\"application\/ld+json\" class=\"yoast-schema-graph\">{\"@context\":\"https:\\\/\\\/schema.org\",\"@graph\":[{\"@type\":\"Article\",\"@id\":\"https:\\\/\\\/biorius.com\\\/it\\\/cosmetic-news\\\/impatto-della-legge-agec-sui-prodotti-cosmetici-venduti-in-francia\\\/#article\",\"isPartOf\":{\"@id\":\"https:\\\/\\\/biorius.com\\\/it\\\/cosmetic-news\\\/impatto-della-legge-agec-sui-prodotti-cosmetici-venduti-in-francia\\\/\"},\"author\":{\"name\":\"nicolas.lenaers@biorius.com\",\"@id\":\"https:\\\/\\\/biorius.com\\\/it\\\/#\\\/schema\\\/person\\\/118636d0af6db915f51e7a434d16faa3\"},\"headline\":\"Impatto della legge AGEC sui prodotti cosmetici venduti in Francia\",\"datePublished\":\"2021-03-17T23:00:00+00:00\",\"dateModified\":\"2024-05-08T09:29:51+00:00\",\"mainEntityOfPage\":{\"@id\":\"https:\\\/\\\/biorius.com\\\/it\\\/cosmetic-news\\\/impatto-della-legge-agec-sui-prodotti-cosmetici-venduti-in-francia\\\/\"},\"wordCount\":772,\"commentCount\":0,\"image\":{\"@id\":\"https:\\\/\\\/biorius.com\\\/it\\\/cosmetic-news\\\/impatto-della-legge-agec-sui-prodotti-cosmetici-venduti-in-francia\\\/#primaryimage\"},\"thumbnailUrl\":\"https:\\\/\\\/biorius.com\\\/wp-content\\\/uploads\\\/2023\\\/10\\\/pexels-ekaterina-bolovtsova-6077326.jpg\",\"articleSection\":[\"Regolamenti Cosmetici\"],\"inLanguage\":\"it-IT\",\"potentialAction\":[{\"@type\":\"CommentAction\",\"name\":\"Comment\",\"target\":[\"https:\\\/\\\/biorius.com\\\/it\\\/cosmetic-news\\\/impatto-della-legge-agec-sui-prodotti-cosmetici-venduti-in-francia\\\/#respond\"]}]},{\"@type\":\"WebPage\",\"@id\":\"https:\\\/\\\/biorius.com\\\/it\\\/cosmetic-news\\\/impatto-della-legge-agec-sui-prodotti-cosmetici-venduti-in-francia\\\/\",\"url\":\"https:\\\/\\\/biorius.com\\\/it\\\/cosmetic-news\\\/impatto-della-legge-agec-sui-prodotti-cosmetici-venduti-in-francia\\\/\",\"name\":\"Impatto della legge AGEC sui prodotti cosmetici venduti in Francia - Biorius\",\"isPartOf\":{\"@id\":\"https:\\\/\\\/biorius.com\\\/it\\\/#website\"},\"primaryImageOfPage\":{\"@id\":\"https:\\\/\\\/biorius.com\\\/it\\\/cosmetic-news\\\/impatto-della-legge-agec-sui-prodotti-cosmetici-venduti-in-francia\\\/#primaryimage\"},\"image\":{\"@id\":\"https:\\\/\\\/biorius.com\\\/it\\\/cosmetic-news\\\/impatto-della-legge-agec-sui-prodotti-cosmetici-venduti-in-francia\\\/#primaryimage\"},\"thumbnailUrl\":\"https:\\\/\\\/biorius.com\\\/wp-content\\\/uploads\\\/2023\\\/10\\\/pexels-ekaterina-bolovtsova-6077326.jpg\",\"datePublished\":\"2021-03-17T23:00:00+00:00\",\"dateModified\":\"2024-05-08T09:29:51+00:00\",\"author\":{\"@id\":\"https:\\\/\\\/biorius.com\\\/it\\\/#\\\/schema\\\/person\\\/118636d0af6db915f51e7a434d16faa3\"},\"description\":\"Nel febbraio 2020 \u00e8 stata pubblicata una legge francese contro i rifiuti per un'economia circolare. Questa legge avr\u00e0 diversi impatti sull'industria cosmetica.\",\"breadcrumb\":{\"@id\":\"https:\\\/\\\/biorius.com\\\/it\\\/cosmetic-news\\\/impatto-della-legge-agec-sui-prodotti-cosmetici-venduti-in-francia\\\/#breadcrumb\"},\"inLanguage\":\"it-IT\",\"potentialAction\":[{\"@type\":\"ReadAction\",\"target\":[\"https:\\\/\\\/biorius.com\\\/it\\\/cosmetic-news\\\/impatto-della-legge-agec-sui-prodotti-cosmetici-venduti-in-francia\\\/\"]}]},{\"@type\":\"ImageObject\",\"inLanguage\":\"it-IT\",\"@id\":\"https:\\\/\\\/biorius.com\\\/it\\\/cosmetic-news\\\/impatto-della-legge-agec-sui-prodotti-cosmetici-venduti-in-francia\\\/#primaryimage\",\"url\":\"https:\\\/\\\/biorius.com\\\/wp-content\\\/uploads\\\/2023\\\/10\\\/pexels-ekaterina-bolovtsova-6077326.jpg\",\"contentUrl\":\"https:\\\/\\\/biorius.com\\\/wp-content\\\/uploads\\\/2023\\\/10\\\/pexels-ekaterina-bolovtsova-6077326.jpg\",\"width\":1920,\"height\":1280},{\"@type\":\"BreadcrumbList\",\"@id\":\"https:\\\/\\\/biorius.com\\\/it\\\/cosmetic-news\\\/impatto-della-legge-agec-sui-prodotti-cosmetici-venduti-in-francia\\\/#breadcrumb\",\"itemListElement\":[{\"@type\":\"ListItem\",\"position\":1,\"name\":\"Casa\",\"item\":\"https:\\\/\\\/biorius.com\\\/it\\\/\"},{\"@type\":\"ListItem\",\"position\":2,\"name\":\"Impatto della legge AGEC sui prodotti cosmetici venduti in Francia\"}]},{\"@type\":\"WebSite\",\"@id\":\"https:\\\/\\\/biorius.com\\\/it\\\/#website\",\"url\":\"https:\\\/\\\/biorius.com\\\/it\\\/\",\"name\":\"Biorius\",\"description\":\"You create dreams we protect them\",\"potentialAction\":[{\"@type\":\"SearchAction\",\"target\":{\"@type\":\"EntryPoint\",\"urlTemplate\":\"https:\\\/\\\/biorius.com\\\/it\\\/?s={search_term_string}\"},\"query-input\":{\"@type\":\"PropertyValueSpecification\",\"valueRequired\":true,\"valueName\":\"search_term_string\"}}],\"inLanguage\":\"it-IT\"},{\"@type\":\"Person\",\"@id\":\"https:\\\/\\\/biorius.com\\\/it\\\/#\\\/schema\\\/person\\\/118636d0af6db915f51e7a434d16faa3\",\"name\":\"nicolas.lenaers@biorius.com\",\"image\":{\"@type\":\"ImageObject\",\"inLanguage\":\"it-IT\",\"@id\":\"https:\\\/\\\/secure.gravatar.com\\\/avatar\\\/3a520f0f485dafed9d1c4b410310d05d541c8291d6f54c1e0e2b3687906b3979?s=96&d=mm&r=gafd756382464e9b8c7dd55685562e5f5\",\"url\":\"https:\\\/\\\/secure.gravatar.com\\\/avatar\\\/3a520f0f485dafed9d1c4b410310d05d541c8291d6f54c1e0e2b3687906b3979?s=96&d=mm&r=g\",\"contentUrl\":\"https:\\\/\\\/secure.gravatar.com\\\/avatar\\\/3a520f0f485dafed9d1c4b410310d05d541c8291d6f54c1e0e2b3687906b3979?s=96&d=mm&r=g\",\"caption\":\"nicolas.lenaers@biorius.com\"},\"url\":\"https:\\\/\\\/biorius.com\\\/cosmetic-news\\\/author\\\/nicolas-lenaersbiorius-com\\\/\"}]}<\/script>\n<!-- \/ Yoast SEO plugin. -->","yoast_head_json":{"title":"Impatto della legge AGEC sui prodotti cosmetici venduti in Francia - Biorius","description":"Nel febbraio 2020 \u00e8 stata pubblicata una legge francese contro i rifiuti per un'economia circolare. Questa legge avr\u00e0 diversi impatti sull'industria cosmetica.","robots":{"index":"index","follow":"follow","max-snippet":"max-snippet:-1","max-image-preview":"max-image-preview:large","max-video-preview":"max-video-preview:-1"},"canonical":"https:\/\/biorius.com\/it\/cosmetic-news\/impatto-della-legge-agec-sui-prodotti-cosmetici-venduti-in-francia\/","og_locale":"it_IT","og_type":"article","og_title":"Impatto della legge AGEC sui prodotti cosmetici venduti in Francia - Biorius","og_description":"Nel febbraio 2020 \u00e8 stata pubblicata una legge francese contro i rifiuti per un'economia circolare. Questa legge avr\u00e0 diversi impatti sull'industria cosmetica.","og_url":"https:\/\/biorius.com\/it\/cosmetic-news\/impatto-della-legge-agec-sui-prodotti-cosmetici-venduti-in-francia\/","og_site_name":"Biorius","article_published_time":"2021-03-17T23:00:00+00:00","article_modified_time":"2024-05-08T09:29:51+00:00","og_image":[{"width":1920,"height":1280,"url":"https:\/\/biorius.com\/wp-content\/uploads\/2023\/10\/pexels-ekaterina-bolovtsova-6077326.jpg","type":"image\/jpeg"}],"author":"nicolas.lenaers@biorius.com","twitter_card":"summary_large_image","twitter_misc":{"Scritto da":"nicolas.lenaers@biorius.com","Tempo di lettura stimato":"4 minuti"},"schema":{"@context":"https:\/\/schema.org","@graph":[{"@type":"Article","@id":"https:\/\/biorius.com\/it\/cosmetic-news\/impatto-della-legge-agec-sui-prodotti-cosmetici-venduti-in-francia\/#article","isPartOf":{"@id":"https:\/\/biorius.com\/it\/cosmetic-news\/impatto-della-legge-agec-sui-prodotti-cosmetici-venduti-in-francia\/"},"author":{"name":"nicolas.lenaers@biorius.com","@id":"https:\/\/biorius.com\/it\/#\/schema\/person\/118636d0af6db915f51e7a434d16faa3"},"headline":"Impatto della legge AGEC sui prodotti cosmetici venduti in Francia","datePublished":"2021-03-17T23:00:00+00:00","dateModified":"2024-05-08T09:29:51+00:00","mainEntityOfPage":{"@id":"https:\/\/biorius.com\/it\/cosmetic-news\/impatto-della-legge-agec-sui-prodotti-cosmetici-venduti-in-francia\/"},"wordCount":772,"commentCount":0,"image":{"@id":"https:\/\/biorius.com\/it\/cosmetic-news\/impatto-della-legge-agec-sui-prodotti-cosmetici-venduti-in-francia\/#primaryimage"},"thumbnailUrl":"https:\/\/biorius.com\/wp-content\/uploads\/2023\/10\/pexels-ekaterina-bolovtsova-6077326.jpg","articleSection":["Regolamenti Cosmetici"],"inLanguage":"it-IT","potentialAction":[{"@type":"CommentAction","name":"Comment","target":["https:\/\/biorius.com\/it\/cosmetic-news\/impatto-della-legge-agec-sui-prodotti-cosmetici-venduti-in-francia\/#respond"]}]},{"@type":"WebPage","@id":"https:\/\/biorius.com\/it\/cosmetic-news\/impatto-della-legge-agec-sui-prodotti-cosmetici-venduti-in-francia\/","url":"https:\/\/biorius.com\/it\/cosmetic-news\/impatto-della-legge-agec-sui-prodotti-cosmetici-venduti-in-francia\/","name":"Impatto della legge AGEC sui prodotti cosmetici venduti in Francia - Biorius","isPartOf":{"@id":"https:\/\/biorius.com\/it\/#website"},"primaryImageOfPage":{"@id":"https:\/\/biorius.com\/it\/cosmetic-news\/impatto-della-legge-agec-sui-prodotti-cosmetici-venduti-in-francia\/#primaryimage"},"image":{"@id":"https:\/\/biorius.com\/it\/cosmetic-news\/impatto-della-legge-agec-sui-prodotti-cosmetici-venduti-in-francia\/#primaryimage"},"thumbnailUrl":"https:\/\/biorius.com\/wp-content\/uploads\/2023\/10\/pexels-ekaterina-bolovtsova-6077326.jpg","datePublished":"2021-03-17T23:00:00+00:00","dateModified":"2024-05-08T09:29:51+00:00","author":{"@id":"https:\/\/biorius.com\/it\/#\/schema\/person\/118636d0af6db915f51e7a434d16faa3"},"description":"Nel febbraio 2020 \u00e8 stata pubblicata una legge francese contro i rifiuti per un'economia circolare. Questa legge avr\u00e0 diversi impatti sull'industria cosmetica.","breadcrumb":{"@id":"https:\/\/biorius.com\/it\/cosmetic-news\/impatto-della-legge-agec-sui-prodotti-cosmetici-venduti-in-francia\/#breadcrumb"},"inLanguage":"it-IT","potentialAction":[{"@type":"ReadAction","target":["https:\/\/biorius.com\/it\/cosmetic-news\/impatto-della-legge-agec-sui-prodotti-cosmetici-venduti-in-francia\/"]}]},{"@type":"ImageObject","inLanguage":"it-IT","@id":"https:\/\/biorius.com\/it\/cosmetic-news\/impatto-della-legge-agec-sui-prodotti-cosmetici-venduti-in-francia\/#primaryimage","url":"https:\/\/biorius.com\/wp-content\/uploads\/2023\/10\/pexels-ekaterina-bolovtsova-6077326.jpg","contentUrl":"https:\/\/biorius.com\/wp-content\/uploads\/2023\/10\/pexels-ekaterina-bolovtsova-6077326.jpg","width":1920,"height":1280},{"@type":"BreadcrumbList","@id":"https:\/\/biorius.com\/it\/cosmetic-news\/impatto-della-legge-agec-sui-prodotti-cosmetici-venduti-in-francia\/#breadcrumb","itemListElement":[{"@type":"ListItem","position":1,"name":"Casa","item":"https:\/\/biorius.com\/it\/"},{"@type":"ListItem","position":2,"name":"Impatto della legge AGEC sui prodotti cosmetici venduti in Francia"}]},{"@type":"WebSite","@id":"https:\/\/biorius.com\/it\/#website","url":"https:\/\/biorius.com\/it\/","name":"Biorius","description":"You create dreams we protect them","potentialAction":[{"@type":"SearchAction","target":{"@type":"EntryPoint","urlTemplate":"https:\/\/biorius.com\/it\/?s={search_term_string}"},"query-input":{"@type":"PropertyValueSpecification","valueRequired":true,"valueName":"search_term_string"}}],"inLanguage":"it-IT"},{"@type":"Person","@id":"https:\/\/biorius.com\/it\/#\/schema\/person\/118636d0af6db915f51e7a434d16faa3","name":"nicolas.lenaers@biorius.com","image":{"@type":"ImageObject","inLanguage":"it-IT","@id":"https:\/\/secure.gravatar.com\/avatar\/3a520f0f485dafed9d1c4b410310d05d541c8291d6f54c1e0e2b3687906b3979?s=96&d=mm&r=gafd756382464e9b8c7dd55685562e5f5","url":"https:\/\/secure.gravatar.com\/avatar\/3a520f0f485dafed9d1c4b410310d05d541c8291d6f54c1e0e2b3687906b3979?s=96&d=mm&r=g","contentUrl":"https:\/\/secure.gravatar.com\/avatar\/3a520f0f485dafed9d1c4b410310d05d541c8291d6f54c1e0e2b3687906b3979?s=96&d=mm&r=g","caption":"nicolas.lenaers@biorius.com"},"url":"https:\/\/biorius.com\/cosmetic-news\/author\/nicolas-lenaersbiorius-com\/"}]}},"authors":[{"term_id":2340,"user_id":2,"is_guest":0,"slug":"nicolas-lenaersbiorius-com","display_name":"nicolas.lenaers@biorius.com","avatar_url":"https:\/\/secure.gravatar.com\/avatar\/3a520f0f485dafed9d1c4b410310d05d541c8291d6f54c1e0e2b3687906b3979?s=96&d=mm&r=g","0":null,"1":"","2":"","3":"","4":"","5":"","6":"","7":"","8":""}],"_links":{"self":[{"href":"https:\/\/biorius.com\/it\/wp-json\/wp\/v2\/posts\/49011","targetHints":{"allow":["GET"]}}],"collection":[{"href":"https:\/\/biorius.com\/it\/wp-json\/wp\/v2\/posts"}],"about":[{"href":"https:\/\/biorius.com\/it\/wp-json\/wp\/v2\/types\/post"}],"author":[{"embeddable":true,"href":"https:\/\/biorius.com\/it\/wp-json\/wp\/v2\/users\/2"}],"replies":[{"embeddable":true,"href":"https:\/\/biorius.com\/it\/wp-json\/wp\/v2\/comments?post=49011"}],"version-history":[{"count":0,"href":"https:\/\/biorius.com\/it\/wp-json\/wp\/v2\/posts\/49011\/revisions"}],"wp:featuredmedia":[{"embeddable":true,"href":"https:\/\/biorius.com\/it\/wp-json\/wp\/v2\/media\/40959"}],"wp:attachment":[{"href":"https:\/\/biorius.com\/it\/wp-json\/wp\/v2\/media?parent=49011"}],"wp:term":[{"taxonomy":"category","embeddable":true,"href":"https:\/\/biorius.com\/it\/wp-json\/wp\/v2\/categories?post=49011"},{"taxonomy":"post_tag","embeddable":true,"href":"https:\/\/biorius.com\/it\/wp-json\/wp\/v2\/tags?post=49011"},{"taxonomy":"author","embeddable":true,"href":"https:\/\/biorius.com\/it\/wp-json\/wp\/v2\/ppma_author?post=49011"}],"curies":[{"name":"wp","href":"https:\/\/api.w.org\/{rel}","templated":true}]}}