{"id":48777,"date":"2015-07-22T00:00:00","date_gmt":"2015-07-21T22:00:00","guid":{"rendered":"https:\/\/biorius.com\/cosmetic-news\/reglement-europeen-sur-les-cosmetiques-etat-des-lieux-des-developpements-reglementaires-actuels\/"},"modified":"2025-01-13T10:10:17","modified_gmt":"2025-01-13T09:10:17","slug":"reglement-europeen-sur-les-cosmetiques-etat-des-lieux-des-developpements-reglementaires-actuels","status":"publish","type":"post","link":"https:\/\/biorius.com\/fr\/cosmetic-news\/reglement-europeen-sur-les-cosmetiques-etat-des-lieux-des-developpements-reglementaires-actuels\/","title":{"rendered":"R\u00e8glement europ\u00e9en sur les cosm\u00e9tiques : Etat des lieux des d\u00e9veloppements r\u00e9glementaires actuels"},"content":{"rendered":"&#13;\n<p>Plusieurs ingr\u00e9dients cosm\u00e9tiques importants sont actuellement en cours de r\u00e9glementation par la Commission europ\u00e9enne et la plus grande incertitude concerne le calendrier d&#8217;application et de mise en \u0153uvre de ces nouvelles mesures de gestion des risques.<br\/><br\/>Biorius vous a inform\u00e9 de plusieurs questions en cours et a formul\u00e9 des hypoth\u00e8ses sur la date de publication de ces amendements au r\u00e8glement europ\u00e9en sur les produits cosm\u00e9tiques. Le fait est que la plupart de ces d\u00e9veloppements r\u00e9glementaires prennent plus de temps que pr\u00e9vu et, avec cette lettre d&#8217;information, Biorius souhaite faire le point sur ces d\u00e9veloppements r\u00e9glementaires actuels et expliquer pourquoi ils ont \u00e9t\u00e9 retard\u00e9s.<br\/><br\/>Le traitement des dossiers en cours a \u00e9t\u00e9 consid\u00e9rablement ralenti, voire suspendu, par la Commission europ\u00e9enne en raison d&#8217;importants changements organisationnels. Ces changements ont co\u00efncid\u00e9 \u00e0 plusieurs niveaux de gouvernance et peuvent \u00eatre r\u00e9sum\u00e9s comme suit :<\/p>&#13;\n&#13;\n<p><strong>Changements politiques \u00e0 la Commission europ\u00e9enne<\/strong><\/p>&#13;\n&#13;\n<p>\u00c0 la suite des \u00e9lections europ\u00e9ennes du 22 au 25 mai 2014, un nouveau Parlement europ\u00e9en a vu le jour et une nouvelle Commission a \u00e9t\u00e9 nomm\u00e9e. Jean-Claude Juncker, confirm\u00e9 par le Parlement le 15 juillet 2014, est le nouveau pr\u00e9sident de la Commission europ\u00e9enne depuis le 1er novembre 2014.<\/p>&#13;\n&#13;\n<p>La nouvelle Commission europ\u00e9enne nomm\u00e9e par Juncker est beaucoup plus politique que le coll\u00e8ge des commissaires de Manuel Barroso, a une structure diff\u00e9rente et vise clairement des priorit\u00e9s diff\u00e9rentes. Alors que la Commission europ\u00e9enne est relativement plate dans sa structure (avec le pr\u00e9sident et autant de commissaires qu&#8217;il y a d&#8217;\u00c9tats membres de l&#8217;UE, tous au m\u00eame niveau hi\u00e9rarchique), la <a href=\"https:\/\/europa.eu\/rapid\/pressrelease_IP-14-984_en.htm\" target=\"_blank\" rel=\"noreferrer noopener\" aria-label=\"undefined (opens in a new tab)\">Commission Juncker<\/a> est compos\u00e9e du pr\u00e9sident, du premier vice-pr\u00e9sident, du haut repr\u00e9sentant, de cinq vice-pr\u00e9sidents (\u00e9galement appel\u00e9s &#8220;super-commissaires&#8221;) et de vingt commissaires.<\/p>&#13;\n&#13;\n<p><strong>Modifications de l&#8217;organigramme<\/strong><\/p>&#13;\n&#13;\n<p>Il convient \u00e9galement de noter que la responsabilit\u00e9 de la gestion des technologies de la sant\u00e9 et des cosm\u00e9tiques est pass\u00e9e de la DG SANCO (unit\u00e9 B2) \u00e0 la DG GROWTH (unit\u00e9 D4) dans la Commission Juncker. Le personnel de haut niveau a \u00e9t\u00e9 enti\u00e8rement remani\u00e9 et l&#8217;ancien chef de l&#8217;unit\u00e9 &#8220;Technologies de la sant\u00e9 et produits cosm\u00e9tiques&#8221;, Sabine Lecrenier, est d\u00e9sormais remplac\u00e9 par Salvatore d&#8217;Acunto.<\/p>&#13;\n&#13;\n<p><strong>Changements dans le personnel de l&#8217;unit\u00e9<\/strong><\/p>&#13;\n&#13;\n<p>Presque aussi important que les points mentionn\u00e9s ci-dessus, le personnel de l&#8217;unit\u00e9 &#8220;Technologies de la sant\u00e9 et produits cosm\u00e9tiques&#8221; a \u00e9t\u00e9 partiellement remplac\u00e9 pour diverses raisons au cours des derniers mois et le nouveau personnel n&#8217;a encore qu&#8217;une exp\u00e9rience relativement limit\u00e9e des dossiers en cours.<\/p>&#13;\n&#13;\n<p><strong>Cons\u00e9quences<\/strong><\/p>&#13;\n&#13;\n<p>Quelles sont les cons\u00e9quences pratiques pour les d\u00e9veloppements r\u00e9glementaires actuels ? Il serait sp\u00e9culatif de la part de Biorius de calculer une nouvelle date pour la publication de chaque dossier en cours. Toutefois, on peut au moins signaler que l&#8217;amendement sur les allerg\u00e8nes de parfumerie devrait \u00eatre appliqu\u00e9 vers f\u00e9vrier 2016 (au lieu de mai-juin 2015 !). Cette information provient directement de l&#8217;IFRA et une lettre d&#8217;information donnant plus de d\u00e9tails sur ce sujet sera publi\u00e9e prochainement.<\/p>&#13;\n&#13;\n<p>En outre, Biorius a re\u00e7u de nombreuses questions sur l&#8217;oxyde de zinc, car l&#8217;\u00e9volution r\u00e9glementaire actuelle visant \u00e0 ajouter cet ingr\u00e9dient \u00e0 l&#8217;annexe VI (liste positive de filtres UV) du r\u00e8glement europ\u00e9en sur les produits cosm\u00e9tiques est tr\u00e8s attendue par les fabricants de produits cosm\u00e9tiques. Sur la base des r\u00e9cents avis scientifiques du CSSC sur ce sujet et des \u00e9changes entre la Commission europ\u00e9enne, l&#8217;industrie et<br\/>les \u00c9tats membres de l&#8217;UE, Biorius peut conclure sans risque que cet ajout \u00e0 l&#8217;annexe se fera un jour, m\u00eame s&#8217;il n&#8217;y a pas de certitude quant \u00e0 la date. Contest\u00e9 par l&#8217;industrie sur la d\u00e9finition des &#8220;produits pulv\u00e9risables&#8221;, le CSSC a r\u00e9vis\u00e9 son dernier avis le 16 d\u00e9cembre 2014 pour confirmer que l&#8217;oxyde de zinc peut \u00eatre utilis\u00e9 en toute s\u00e9curit\u00e9 dans tous les produits, y compris les produits pulv\u00e9risables, \u00e0 l&#8217;exclusion des cosm\u00e9tiques distribu\u00e9s au moyen d&#8217;un gaz propulseur, qui g\u00e9n\u00e8re des particules respirables en suspension dans l&#8217;air. Il semble que tout soit d\u00e9sormais clair d&#8217;un point de vue scientifique et que l&#8217;amendement devrait maintenant<br\/>\u00eatre formellement valid\u00e9 par la Commission europ\u00e9enne.<\/p>&#13;\n\n<div id=\"\" class=\"wp-block-ugb-cta ugb-cta ugb-642fd03 ugb-cta ugb-cta--v2 ugb-cta--design-plain ugb-main-block\"><style>.ugb-642fd03 .ugb-button .ugb-button--inner{color:#93D500 !important}.ugb-642fd03 .ugb-button{border-color:#93D500 !important}.ugb-642fd03 .ugb-button:hover .ugb-button--inner{color:#93D500 !important}<\/style>\n<div class=\"ugb-inner-block\">\n<div class=\"ugb-block-content\">\n<div class=\"ugb-cta__item\">\n<h3 class=\"ugb-cta__title\">Des questions ?<\/h3>\n<div class=\"ugb-button-container\"><a class=\"ugb-button ugb-button--size-normal ugb-button--design-ghost\" href=\"https:\/\/biorius.com\/fr\/contact\/\" rel=\"\"><span class=\"ugb-button--inner\">Contactez nous<\/span><\/a><\/div>\n<\/div>\n<\/div>\n<\/div>\n<\/div>\n","protected":false},"excerpt":{"rendered":"<p>&#13; Plusieurs ingr\u00e9dients cosm\u00e9tiques importants sont actuellement en cours de r\u00e9glementation par la Commission europ\u00e9enne et la plus grande incertitude concerne le calendrier d&#8217;application et&#8230;<\/p>\n","protected":false},"author":2,"featured_media":44703,"comment_status":"open","ping_status":"open","sticky":false,"template":"","format":"standard","meta":{"_acf_changed":false,"_coblocks_attr":"","_coblocks_dimensions":"","_coblocks_responsive_height":"","_coblocks_accordion_ie_support":"","footnotes":""},"categories":[2290],"tags":[],"ppma_author":[2288],"class_list":["post-48777","post","type-post","status-publish","format-standard","has-post-thumbnail","hentry","category-reglementations-cosmetique","author-christophe-brault-chevalier"],"acf":[],"yoast_head":"<!-- This site is optimized with the Yoast SEO plugin v27.5 - https:\/\/yoast.com\/product\/yoast-seo-wordpress\/ -->\n<title>R\u00e8glement europ\u00e9en sur les cosm\u00e9tiques : \u00e9volution de la r\u00e9glementation - Biorius<\/title>\n<meta name=\"description\" content=\"L&#039;UE retarde les mises \u00e0 jour du r\u00e8glement sur les cosm\u00e9tiques en raison de changements organisationnels, ce qui affecte le calendrier d&#039;application des nouvelles mesures de gestion des risques.\" \/>\n<meta name=\"robots\" content=\"index, follow, max-snippet:-1, max-image-preview:large, max-video-preview:-1\" \/>\n<link rel=\"canonical\" href=\"https:\/\/biorius.com\/fr\/cosmetic-news\/reglement-europeen-sur-les-cosmetiques-etat-des-lieux-des-developpements-reglementaires-actuels\/\" \/>\n<meta property=\"og:locale\" content=\"fr_FR\" \/>\n<meta property=\"og:type\" content=\"article\" \/>\n<meta property=\"og:title\" content=\"R\u00e8glement europ\u00e9en sur les cosm\u00e9tiques : \u00e9volution de la r\u00e9glementation - Biorius\" \/>\n<meta property=\"og:description\" content=\"L&#039;UE retarde les mises \u00e0 jour du r\u00e8glement sur les cosm\u00e9tiques en raison de changements organisationnels, ce qui affecte le calendrier d&#039;application des nouvelles mesures de gestion des risques.\" \/>\n<meta property=\"og:url\" content=\"https:\/\/biorius.com\/fr\/cosmetic-news\/reglement-europeen-sur-les-cosmetiques-etat-des-lieux-des-developpements-reglementaires-actuels\/\" \/>\n<meta property=\"og:site_name\" content=\"Biorius\" \/>\n<meta property=\"article:published_time\" content=\"2015-07-21T22:00:00+00:00\" \/>\n<meta property=\"article:modified_time\" content=\"2025-01-13T09:10:17+00:00\" \/>\n<meta property=\"og:image\" content=\"https:\/\/biorius.com\/wp-content\/uploads\/2023\/10\/books-1845614_1920.jpg\" \/>\n\t<meta property=\"og:image:width\" content=\"1920\" \/>\n\t<meta property=\"og:image:height\" content=\"1042\" \/>\n\t<meta property=\"og:image:type\" content=\"image\/jpeg\" \/>\n<meta name=\"author\" content=\"Christophe Brault-Chevalier\" \/>\n<meta name=\"twitter:card\" content=\"summary_large_image\" \/>\n<meta name=\"twitter:label1\" content=\"\u00c9crit par\" \/>\n\t<meta name=\"twitter:data1\" content=\"nicolas.lenaers@biorius.com\" \/>\n\t<meta name=\"twitter:label2\" content=\"Dur\u00e9e de lecture estim\u00e9e\" \/>\n\t<meta name=\"twitter:data2\" content=\"4 minutes\" \/>\n<script type=\"application\/ld+json\" class=\"yoast-schema-graph\">{\"@context\":\"https:\\\/\\\/schema.org\",\"@graph\":[{\"@type\":\"Article\",\"@id\":\"https:\\\/\\\/biorius.com\\\/fr\\\/cosmetic-news\\\/reglement-europeen-sur-les-cosmetiques-etat-des-lieux-des-developpements-reglementaires-actuels\\\/#article\",\"isPartOf\":{\"@id\":\"https:\\\/\\\/biorius.com\\\/fr\\\/cosmetic-news\\\/reglement-europeen-sur-les-cosmetiques-etat-des-lieux-des-developpements-reglementaires-actuels\\\/\"},\"author\":{\"name\":\"nicolas.lenaers@biorius.com\",\"@id\":\"https:\\\/\\\/biorius.com\\\/fr\\\/#\\\/schema\\\/person\\\/118636d0af6db915f51e7a434d16faa3\"},\"headline\":\"R\u00e8glement europ\u00e9en sur les cosm\u00e9tiques : Etat des lieux des d\u00e9veloppements r\u00e9glementaires actuels\",\"datePublished\":\"2015-07-21T22:00:00+00:00\",\"dateModified\":\"2025-01-13T09:10:17+00:00\",\"mainEntityOfPage\":{\"@id\":\"https:\\\/\\\/biorius.com\\\/fr\\\/cosmetic-news\\\/reglement-europeen-sur-les-cosmetiques-etat-des-lieux-des-developpements-reglementaires-actuels\\\/\"},\"wordCount\":768,\"commentCount\":0,\"image\":{\"@id\":\"https:\\\/\\\/biorius.com\\\/fr\\\/cosmetic-news\\\/reglement-europeen-sur-les-cosmetiques-etat-des-lieux-des-developpements-reglementaires-actuels\\\/#primaryimage\"},\"thumbnailUrl\":\"https:\\\/\\\/biorius.com\\\/wp-content\\\/uploads\\\/2023\\\/10\\\/books-1845614_1920.jpg\",\"articleSection\":[\"R\u00e9glementations Cosm\u00e9tique\"],\"inLanguage\":\"fr-FR\",\"potentialAction\":[{\"@type\":\"CommentAction\",\"name\":\"Comment\",\"target\":[\"https:\\\/\\\/biorius.com\\\/fr\\\/cosmetic-news\\\/reglement-europeen-sur-les-cosmetiques-etat-des-lieux-des-developpements-reglementaires-actuels\\\/#respond\"]}]},{\"@type\":\"WebPage\",\"@id\":\"https:\\\/\\\/biorius.com\\\/fr\\\/cosmetic-news\\\/reglement-europeen-sur-les-cosmetiques-etat-des-lieux-des-developpements-reglementaires-actuels\\\/\",\"url\":\"https:\\\/\\\/biorius.com\\\/fr\\\/cosmetic-news\\\/reglement-europeen-sur-les-cosmetiques-etat-des-lieux-des-developpements-reglementaires-actuels\\\/\",\"name\":\"R\u00e8glement europ\u00e9en sur les cosm\u00e9tiques : \u00e9volution de la r\u00e9glementation - Biorius\",\"isPartOf\":{\"@id\":\"https:\\\/\\\/biorius.com\\\/fr\\\/#website\"},\"primaryImageOfPage\":{\"@id\":\"https:\\\/\\\/biorius.com\\\/fr\\\/cosmetic-news\\\/reglement-europeen-sur-les-cosmetiques-etat-des-lieux-des-developpements-reglementaires-actuels\\\/#primaryimage\"},\"image\":{\"@id\":\"https:\\\/\\\/biorius.com\\\/fr\\\/cosmetic-news\\\/reglement-europeen-sur-les-cosmetiques-etat-des-lieux-des-developpements-reglementaires-actuels\\\/#primaryimage\"},\"thumbnailUrl\":\"https:\\\/\\\/biorius.com\\\/wp-content\\\/uploads\\\/2023\\\/10\\\/books-1845614_1920.jpg\",\"datePublished\":\"2015-07-21T22:00:00+00:00\",\"dateModified\":\"2025-01-13T09:10:17+00:00\",\"author\":{\"@id\":\"https:\\\/\\\/biorius.com\\\/fr\\\/#\\\/schema\\\/person\\\/118636d0af6db915f51e7a434d16faa3\"},\"description\":\"L'UE retarde les mises \u00e0 jour du r\u00e8glement sur les cosm\u00e9tiques en raison de changements organisationnels, ce qui affecte le calendrier d'application des nouvelles mesures de gestion des risques.\",\"breadcrumb\":{\"@id\":\"https:\\\/\\\/biorius.com\\\/fr\\\/cosmetic-news\\\/reglement-europeen-sur-les-cosmetiques-etat-des-lieux-des-developpements-reglementaires-actuels\\\/#breadcrumb\"},\"inLanguage\":\"fr-FR\",\"potentialAction\":[{\"@type\":\"ReadAction\",\"target\":[\"https:\\\/\\\/biorius.com\\\/fr\\\/cosmetic-news\\\/reglement-europeen-sur-les-cosmetiques-etat-des-lieux-des-developpements-reglementaires-actuels\\\/\"]}]},{\"@type\":\"ImageObject\",\"inLanguage\":\"fr-FR\",\"@id\":\"https:\\\/\\\/biorius.com\\\/fr\\\/cosmetic-news\\\/reglement-europeen-sur-les-cosmetiques-etat-des-lieux-des-developpements-reglementaires-actuels\\\/#primaryimage\",\"url\":\"https:\\\/\\\/biorius.com\\\/wp-content\\\/uploads\\\/2023\\\/10\\\/books-1845614_1920.jpg\",\"contentUrl\":\"https:\\\/\\\/biorius.com\\\/wp-content\\\/uploads\\\/2023\\\/10\\\/books-1845614_1920.jpg\",\"width\":1920,\"height\":1042,\"caption\":\"Discover how the 2019 Omnibus Regulation impacts cosmetics, including new restrictions on Salicylic Acid and updates on prohibited substances.\"},{\"@type\":\"BreadcrumbList\",\"@id\":\"https:\\\/\\\/biorius.com\\\/fr\\\/cosmetic-news\\\/reglement-europeen-sur-les-cosmetiques-etat-des-lieux-des-developpements-reglementaires-actuels\\\/#breadcrumb\",\"itemListElement\":[{\"@type\":\"ListItem\",\"position\":1,\"name\":\"Accueil\",\"item\":\"https:\\\/\\\/biorius.com\\\/fr\\\/\"},{\"@type\":\"ListItem\",\"position\":2,\"name\":\"R\u00e8glement europ\u00e9en sur les cosm\u00e9tiques : Etat des lieux des d\u00e9veloppements r\u00e9glementaires actuels\"}]},{\"@type\":\"WebSite\",\"@id\":\"https:\\\/\\\/biorius.com\\\/fr\\\/#website\",\"url\":\"https:\\\/\\\/biorius.com\\\/fr\\\/\",\"name\":\"Biorius\",\"description\":\"You create dreams we protect them\",\"potentialAction\":[{\"@type\":\"SearchAction\",\"target\":{\"@type\":\"EntryPoint\",\"urlTemplate\":\"https:\\\/\\\/biorius.com\\\/fr\\\/?s={search_term_string}\"},\"query-input\":{\"@type\":\"PropertyValueSpecification\",\"valueRequired\":true,\"valueName\":\"search_term_string\"}}],\"inLanguage\":\"fr-FR\"},{\"@type\":\"Person\",\"@id\":\"https:\\\/\\\/biorius.com\\\/fr\\\/#\\\/schema\\\/person\\\/118636d0af6db915f51e7a434d16faa3\",\"name\":\"nicolas.lenaers@biorius.com\",\"image\":{\"@type\":\"ImageObject\",\"inLanguage\":\"fr-FR\",\"@id\":\"https:\\\/\\\/secure.gravatar.com\\\/avatar\\\/3a520f0f485dafed9d1c4b410310d05d541c8291d6f54c1e0e2b3687906b3979?s=96&d=mm&r=gafd756382464e9b8c7dd55685562e5f5\",\"url\":\"https:\\\/\\\/secure.gravatar.com\\\/avatar\\\/3a520f0f485dafed9d1c4b410310d05d541c8291d6f54c1e0e2b3687906b3979?s=96&d=mm&r=g\",\"contentUrl\":\"https:\\\/\\\/secure.gravatar.com\\\/avatar\\\/3a520f0f485dafed9d1c4b410310d05d541c8291d6f54c1e0e2b3687906b3979?s=96&d=mm&r=g\",\"caption\":\"nicolas.lenaers@biorius.com\"},\"url\":\"https:\\\/\\\/biorius.com\\\/fr\\\/cosmetic-news\\\/author\\\/nicolas-lenaersbiorius-com\\\/\"}]}<\/script>\n<!-- \/ Yoast SEO plugin. -->","yoast_head_json":{"title":"R\u00e8glement europ\u00e9en sur les cosm\u00e9tiques : \u00e9volution de la r\u00e9glementation - Biorius","description":"L'UE retarde les mises \u00e0 jour du r\u00e8glement sur les cosm\u00e9tiques en raison de changements organisationnels, ce qui affecte le calendrier d'application des nouvelles mesures de gestion des risques.","robots":{"index":"index","follow":"follow","max-snippet":"max-snippet:-1","max-image-preview":"max-image-preview:large","max-video-preview":"max-video-preview:-1"},"canonical":"https:\/\/biorius.com\/fr\/cosmetic-news\/reglement-europeen-sur-les-cosmetiques-etat-des-lieux-des-developpements-reglementaires-actuels\/","og_locale":"fr_FR","og_type":"article","og_title":"R\u00e8glement europ\u00e9en sur les cosm\u00e9tiques : \u00e9volution de la r\u00e9glementation - Biorius","og_description":"L'UE retarde les mises \u00e0 jour du r\u00e8glement sur les cosm\u00e9tiques en raison de changements organisationnels, ce qui affecte le calendrier d'application des nouvelles mesures de gestion des risques.","og_url":"https:\/\/biorius.com\/fr\/cosmetic-news\/reglement-europeen-sur-les-cosmetiques-etat-des-lieux-des-developpements-reglementaires-actuels\/","og_site_name":"Biorius","article_published_time":"2015-07-21T22:00:00+00:00","article_modified_time":"2025-01-13T09:10:17+00:00","og_image":[{"width":1920,"height":1042,"url":"https:\/\/biorius.com\/wp-content\/uploads\/2023\/10\/books-1845614_1920.jpg","type":"image\/jpeg"}],"author":"Christophe Brault-Chevalier","twitter_card":"summary_large_image","twitter_misc":{"\u00c9crit par":"nicolas.lenaers@biorius.com","Dur\u00e9e de lecture estim\u00e9e":"4 minutes"},"schema":{"@context":"https:\/\/schema.org","@graph":[{"@type":"Article","@id":"https:\/\/biorius.com\/fr\/cosmetic-news\/reglement-europeen-sur-les-cosmetiques-etat-des-lieux-des-developpements-reglementaires-actuels\/#article","isPartOf":{"@id":"https:\/\/biorius.com\/fr\/cosmetic-news\/reglement-europeen-sur-les-cosmetiques-etat-des-lieux-des-developpements-reglementaires-actuels\/"},"author":{"name":"nicolas.lenaers@biorius.com","@id":"https:\/\/biorius.com\/fr\/#\/schema\/person\/118636d0af6db915f51e7a434d16faa3"},"headline":"R\u00e8glement europ\u00e9en sur les cosm\u00e9tiques : Etat des lieux des d\u00e9veloppements r\u00e9glementaires actuels","datePublished":"2015-07-21T22:00:00+00:00","dateModified":"2025-01-13T09:10:17+00:00","mainEntityOfPage":{"@id":"https:\/\/biorius.com\/fr\/cosmetic-news\/reglement-europeen-sur-les-cosmetiques-etat-des-lieux-des-developpements-reglementaires-actuels\/"},"wordCount":768,"commentCount":0,"image":{"@id":"https:\/\/biorius.com\/fr\/cosmetic-news\/reglement-europeen-sur-les-cosmetiques-etat-des-lieux-des-developpements-reglementaires-actuels\/#primaryimage"},"thumbnailUrl":"https:\/\/biorius.com\/wp-content\/uploads\/2023\/10\/books-1845614_1920.jpg","articleSection":["R\u00e9glementations Cosm\u00e9tique"],"inLanguage":"fr-FR","potentialAction":[{"@type":"CommentAction","name":"Comment","target":["https:\/\/biorius.com\/fr\/cosmetic-news\/reglement-europeen-sur-les-cosmetiques-etat-des-lieux-des-developpements-reglementaires-actuels\/#respond"]}]},{"@type":"WebPage","@id":"https:\/\/biorius.com\/fr\/cosmetic-news\/reglement-europeen-sur-les-cosmetiques-etat-des-lieux-des-developpements-reglementaires-actuels\/","url":"https:\/\/biorius.com\/fr\/cosmetic-news\/reglement-europeen-sur-les-cosmetiques-etat-des-lieux-des-developpements-reglementaires-actuels\/","name":"R\u00e8glement europ\u00e9en sur les cosm\u00e9tiques : \u00e9volution de la r\u00e9glementation - Biorius","isPartOf":{"@id":"https:\/\/biorius.com\/fr\/#website"},"primaryImageOfPage":{"@id":"https:\/\/biorius.com\/fr\/cosmetic-news\/reglement-europeen-sur-les-cosmetiques-etat-des-lieux-des-developpements-reglementaires-actuels\/#primaryimage"},"image":{"@id":"https:\/\/biorius.com\/fr\/cosmetic-news\/reglement-europeen-sur-les-cosmetiques-etat-des-lieux-des-developpements-reglementaires-actuels\/#primaryimage"},"thumbnailUrl":"https:\/\/biorius.com\/wp-content\/uploads\/2023\/10\/books-1845614_1920.jpg","datePublished":"2015-07-21T22:00:00+00:00","dateModified":"2025-01-13T09:10:17+00:00","author":{"@id":"https:\/\/biorius.com\/fr\/#\/schema\/person\/118636d0af6db915f51e7a434d16faa3"},"description":"L'UE retarde les mises \u00e0 jour du r\u00e8glement sur les cosm\u00e9tiques en raison de changements organisationnels, ce qui affecte le calendrier d'application des nouvelles mesures de gestion des risques.","breadcrumb":{"@id":"https:\/\/biorius.com\/fr\/cosmetic-news\/reglement-europeen-sur-les-cosmetiques-etat-des-lieux-des-developpements-reglementaires-actuels\/#breadcrumb"},"inLanguage":"fr-FR","potentialAction":[{"@type":"ReadAction","target":["https:\/\/biorius.com\/fr\/cosmetic-news\/reglement-europeen-sur-les-cosmetiques-etat-des-lieux-des-developpements-reglementaires-actuels\/"]}]},{"@type":"ImageObject","inLanguage":"fr-FR","@id":"https:\/\/biorius.com\/fr\/cosmetic-news\/reglement-europeen-sur-les-cosmetiques-etat-des-lieux-des-developpements-reglementaires-actuels\/#primaryimage","url":"https:\/\/biorius.com\/wp-content\/uploads\/2023\/10\/books-1845614_1920.jpg","contentUrl":"https:\/\/biorius.com\/wp-content\/uploads\/2023\/10\/books-1845614_1920.jpg","width":1920,"height":1042,"caption":"Discover how the 2019 Omnibus Regulation impacts cosmetics, including new restrictions on Salicylic Acid and updates on prohibited substances."},{"@type":"BreadcrumbList","@id":"https:\/\/biorius.com\/fr\/cosmetic-news\/reglement-europeen-sur-les-cosmetiques-etat-des-lieux-des-developpements-reglementaires-actuels\/#breadcrumb","itemListElement":[{"@type":"ListItem","position":1,"name":"Accueil","item":"https:\/\/biorius.com\/fr\/"},{"@type":"ListItem","position":2,"name":"R\u00e8glement europ\u00e9en sur les cosm\u00e9tiques : Etat des lieux des d\u00e9veloppements r\u00e9glementaires actuels"}]},{"@type":"WebSite","@id":"https:\/\/biorius.com\/fr\/#website","url":"https:\/\/biorius.com\/fr\/","name":"Biorius","description":"You create dreams we protect them","potentialAction":[{"@type":"SearchAction","target":{"@type":"EntryPoint","urlTemplate":"https:\/\/biorius.com\/fr\/?s={search_term_string}"},"query-input":{"@type":"PropertyValueSpecification","valueRequired":true,"valueName":"search_term_string"}}],"inLanguage":"fr-FR"},{"@type":"Person","@id":"https:\/\/biorius.com\/fr\/#\/schema\/person\/118636d0af6db915f51e7a434d16faa3","name":"nicolas.lenaers@biorius.com","image":{"@type":"ImageObject","inLanguage":"fr-FR","@id":"https:\/\/secure.gravatar.com\/avatar\/3a520f0f485dafed9d1c4b410310d05d541c8291d6f54c1e0e2b3687906b3979?s=96&d=mm&r=gafd756382464e9b8c7dd55685562e5f5","url":"https:\/\/secure.gravatar.com\/avatar\/3a520f0f485dafed9d1c4b410310d05d541c8291d6f54c1e0e2b3687906b3979?s=96&d=mm&r=g","contentUrl":"https:\/\/secure.gravatar.com\/avatar\/3a520f0f485dafed9d1c4b410310d05d541c8291d6f54c1e0e2b3687906b3979?s=96&d=mm&r=g","caption":"nicolas.lenaers@biorius.com"},"url":"https:\/\/biorius.com\/fr\/cosmetic-news\/author\/nicolas-lenaersbiorius-com\/"}]}},"authors":[{"term_id":2288,"user_id":0,"is_guest":1,"slug":"christophe-brault-chevalier","display_name":"Christophe Brault-Chevalier","avatar_url":{"url":"https:\/\/biorius.com\/wp-content\/uploads\/2024\/08\/Christophe-Brault-Chevalier.webp","url2x":"https:\/\/biorius.com\/wp-content\/uploads\/2024\/08\/Christophe-Brault-Chevalier.webp"},"0":null,"1":"","2":"","3":"","4":"","5":"","6":"","7":"","8":""}],"_links":{"self":[{"href":"https:\/\/biorius.com\/fr\/wp-json\/wp\/v2\/posts\/48777","targetHints":{"allow":["GET"]}}],"collection":[{"href":"https:\/\/biorius.com\/fr\/wp-json\/wp\/v2\/posts"}],"about":[{"href":"https:\/\/biorius.com\/fr\/wp-json\/wp\/v2\/types\/post"}],"author":[{"embeddable":true,"href":"https:\/\/biorius.com\/fr\/wp-json\/wp\/v2\/users\/2"}],"replies":[{"embeddable":true,"href":"https:\/\/biorius.com\/fr\/wp-json\/wp\/v2\/comments?post=48777"}],"version-history":[{"count":0,"href":"https:\/\/biorius.com\/fr\/wp-json\/wp\/v2\/posts\/48777\/revisions"}],"wp:featuredmedia":[{"embeddable":true,"href":"https:\/\/biorius.com\/fr\/wp-json\/wp\/v2\/media\/44703"}],"wp:attachment":[{"href":"https:\/\/biorius.com\/fr\/wp-json\/wp\/v2\/media?parent=48777"}],"wp:term":[{"taxonomy":"category","embeddable":true,"href":"https:\/\/biorius.com\/fr\/wp-json\/wp\/v2\/categories?post=48777"},{"taxonomy":"post_tag","embeddable":true,"href":"https:\/\/biorius.com\/fr\/wp-json\/wp\/v2\/tags?post=48777"},{"taxonomy":"author","embeddable":true,"href":"https:\/\/biorius.com\/fr\/wp-json\/wp\/v2\/ppma_author?post=48777"}],"curies":[{"name":"wp","href":"https:\/\/api.w.org\/{rel}","templated":true}]}}