{"id":44373,"date":"2022-10-17T00:00:00","date_gmt":"2022-10-16T22:00:00","guid":{"rendered":"https:\/\/biorius.com\/2022\/10\/17\/information-environnementale-des-etiquettes\/"},"modified":"2024-01-19T15:29:23","modified_gmt":"2024-01-19T14:29:23","slug":"information-environnementale-des-etiquettes","status":"publish","type":"post","link":"https:\/\/biorius.com\/fr\/cosmetic-news\/information-environnementale-des-etiquettes\/","title":{"rendered":"Information environnementale des \u00e9tiquettes"},"content":{"rendered":"\n<div class=\"wp-block-columns are-vertically-aligned-center is-layout-flex wp-container-core-columns-is-layout-9d6595d7 wp-block-columns-is-layout-flex\">\n<div class=\"wp-block-column is-vertically-aligned-center is-layout-flow wp-block-column-is-layout-flow\">\n<p>Notre maison br\u00fble et apr\u00e8s un \u00e9t\u00e9 de tous les records, le <strong>changement climatique<\/strong> est au c\u0153ur des pr\u00e9occupations mondiales. Pour faire face \u00e0 cette situation, les politiques europ\u00e9ennes et nationales \u00e9voluent, deviennent plus strictes et introduisent de nouvelles exigences, par exemple en mati\u00e8re d&#8217;<strong>information environnementale<\/strong> des \u00e9tiquettes et d&#8217;obligations de recyclage.<\/p>\n\n\n\n<p>Le cadre juridique de l&#8217;UE est vaste et comprend : la directive-cadre sur les d\u00e9chets, la directive sur les <strong>emballages<\/strong> et les d\u00e9chets d&#8217;<strong>emballages <\/strong>(94\/62\/CE), la d\u00e9cision (97\/129\/CE) et les lois nationales.<\/p>\n<\/div>\n\n\n\n<div class=\"wp-block-column is-vertically-aligned-center is-layout-flow wp-block-column-is-layout-flow\">\n<figure class=\"wp-block-image size-large\"><img decoding=\"async\" src=\"https:\/\/biorius.com\/wp-content\/uploads\/2023\/10\/biorius-environmental-labeljpeg-1-1-683x1024-1.jpg\" alt=\"\" class=\"wp-image-22608\"\/><\/figure>\n<\/div>\n<\/div>\n\n\n\n<h2 class=\"wp-block-heading\">Contexte dans l&#8217;UE: une Directive, diff\u00e9rentes impl\u00e9mentations<\/h2>\n\n\n\n<p>En 1994, l&#8217;UE a mis en \u0153uvre une directive sur les emballages et les d\u00e9chets d&#8217;emballages.<\/p>\n\n\n\n<p>Les principales raisons \u00e9taient de g\u00e9rer les quantit\u00e9s croissantes de d\u00e9chets d&#8217;emballages (qui g\u00e9n\u00e8rent des soucis environnementaux) et de faciliter le fonctionnement du march\u00e9 int\u00e9rieur (puisque chaque \u00c9tat membre de l&#8217;UE avait adopt\u00e9 des r\u00e8gles diff\u00e9rentes \u00e0 cet \u00e9gard).<\/p>\n\n\n\n<p>Depuis lors, l&#8217;UE a modifi\u00e9 \u00e0 plusieurs reprises sa l\u00e9gislation sur les emballages. Ces r\u00e9visions comprenaient : des mesures pour les sacs en plastique, des obligations suppl\u00e9mentaires de pr\u00e9vention et de r\u00e9utilisation des d\u00e9chets pour les membres de l&#8217;UE, le syst\u00e8me de responsabilit\u00e9 \u00e9largie des producteurs.<\/p>\n\n\n\n<h2 class=\"wp-block-heading\">REP ou Responsabilit\u00e9 Elargie des Producteurs&#8230; Qu&#8217;est-ce que c&#8217;est?<\/h2>\n\n\n\n<p>Apparue au d\u00e9but des ann\u00e9es 1980 dans quelques \u00c9tats membres, la <a href=\"https:\/\/ec.europa.eu\/environment\/pdf\/waste\/target_review\/Guidance%20on%20EPR%20-%20Final%20Report.pdf\">responsabilit\u00e9 \u00e9largie des producteurs (REP)<\/a> est <em>une approche de la politique environnementale dans laquelle la responsabilit\u00e9 d&#8217;un producteur (fabricants et importateurs) pour un produit est \u00e9tendue \u00e0 la phase de post-consommation du cycle de vie du produit.<\/em><\/p>\n\n\n\n<p><br>Depuis lors, elle n&#8217;a cess\u00e9 de se r\u00e9pandre dans l&#8217;UE (et \u00e0 l&#8217;\u00e9tranger). Ces r\u00e8gles sont transversales et touchent tous les types d&#8217;emballages (\u00e9lectroniques, alimentaires mais aussi cosm\u00e9tiques). En pratique, la REP implique que les producteurs assument la responsabilit\u00e9 de la collecte ou de la reprise des produits usag\u00e9s, ainsi que le tri et le traitement en vue de leur recyclage \u00e9ventuel. Cette responsabilit\u00e9 peut \u00eatre financi\u00e8re ou organisationnelle. La REP doit \u00eatre consid\u00e9r\u00e9e comme un instrument majeur de soutien \u00e0 la mise en \u0153uvre de la Hi\u00e9rarchie Europ\u00e9enne des D\u00e9chets, et donc \u00e0 l&#8217;augmentation, par priorit\u00e9, de la pr\u00e9vention, de la r\u00e9utilisation et du recyclage.<\/p>\n\n\n\n<div class=\"wp-block-columns are-vertically-aligned-center is-layout-flex wp-container-core-columns-is-layout-9d6595d7 wp-block-columns-is-layout-flex\">\n<div class=\"wp-block-column is-vertically-aligned-center is-layout-flow wp-block-column-is-layout-flow\" style=\"flex-basis:66.66%\"><div class=\"wp-block-image\">\n<figure class=\"aligncenter size-full is-resized\"><img fetchpriority=\"high\" decoding=\"async\" width=\"432\" height=\"433\" src=\"https:\/\/biorius.com\/wp-content\/uploads\/2023\/10\/picture2-1.png\" alt=\"\" class=\"wp-image-22494\" style=\"width:337px;height:338px\"\/><\/figure>\n<\/div><\/div>\n\n\n\n<div class=\"wp-block-column is-vertically-aligned-center is-layout-flow wp-block-column-is-layout-flow\" style=\"flex-basis:33.33%\">\n<p>Avec d&#8217;autres instruments \u00e9conomiques cl\u00e9s, la REP peut encourager un changement de comportement de tous les acteurs impliqu\u00e9s dans la cha\u00eene de valeur des produits : fabricants de produits, d\u00e9taillants, consommateurs-citoyens, autorit\u00e9s locales, op\u00e9rateurs publics et priv\u00e9s de gestion des d\u00e9chets, recycleurs et acteurs de l&#8217;\u00e9conomie sociale.<\/p>\n<\/div>\n<\/div>\n\n\n\n<h2 class=\"wp-block-heading\">2024 : Date limite pour les \u00c9tats membres de l&#8217;UE<\/h2>\n\n\n\n<p>La derni\u00e8re modification de la directive <a href=\"https:\/\/eur-lex.europa.eu\/legal-content\/EN\/TXT\/PDF\/?uri=CELEX:31994L0062&amp;from=FR\">94\/62\/CE<\/a> comprend des mesures actualis\u00e9es visant \u00e0 :<\/p>\n\n\n\n<ul class=\"wp-block-list\">\n<li>Pr\u00e9venir la production de d\u00e9chets d&#8217;emballages<\/li>\n\n\n\n<li>Promouvoir la r\u00e9utilisation, le recyclage et d&#8217;autres formes de valorisation des d\u00e9chets d&#8217;emballages \u00e0 la place de leur \u00e9limination finale<\/li>\n<\/ul>\n\n\n\n<p>Entre autres r\u00e8gles, d&#8217;ici la fin 2024, les pays de l&#8217;UE devront veiller \u00e0 ce que des syst\u00e8mes de responsabilit\u00e9 des producteurs (politiques REP) soient mis en place pour tous les emballages. Comme il s&#8217;agit d&#8217;une directive, chaque pays peut la transposer de mani\u00e8re diff\u00e9rente dans sa l\u00e9gislation nationale. Par cons\u00e9quent, l&#8217;application de cette directive peut \u00eatre tr\u00e8s diff\u00e9rente dans chaque pays, allant d&#8217;une absence quasi totale d&#8217;obligations \u00e0 des exigences tr\u00e8s contraignantes.<\/p>\n\n\n\n<div class=\"wp-block-columns are-vertically-aligned-center is-layout-flex wp-container-core-columns-is-layout-9d6595d7 wp-block-columns-is-layout-flex\">\n<div class=\"wp-block-column is-vertically-aligned-center is-layout-flow wp-block-column-is-layout-flow\" style=\"flex-basis:66.66%\">\n<p>Mais \u00e0 ce jour, seules la France, l&#8217;Allemagne et <a href=\"https:\/\/biorius.com\/regulatory\/italian-environmental-labelling-postponed-to-2022-and-further-clarifications\/\">l&#8217;Italie<\/a> ont rendu obligatoire la conformit\u00e9 des emballages \u00e0 la RPE. Ces derni\u00e8res ann\u00e9es, les sanctions pour non-conformit\u00e9 sont devenues plus strictes.<br><\/p>\n\n\n\n<p>Nous vous montrons ci-dessous les exemples de la France et de l&#8217;Allemagne.<\/p>\n<\/div>\n\n\n\n<div class=\"wp-block-column is-vertically-aligned-center is-layout-flow wp-block-column-is-layout-flow\" style=\"flex-basis:33.33%\"><div class=\"wp-block-image\">\n<figure class=\"aligncenter size-full is-resized\"><img decoding=\"async\" width=\"602\" height=\"401\" src=\"https:\/\/biorius.com\/wp-content\/uploads\/2023\/10\/picture1-1.jpg\" alt=\"\" class=\"wp-image-22502\" style=\"width:311px;height:207px\"\/><\/figure>\n<\/div><\/div>\n<\/div>\n\n\n\n<h2 class=\"wp-block-heading\"><strong>Allemagne: la loi \u201cVerpackungsgesetz\u201d <\/strong><\/h2>\n\n\n\n<p>Voici un aper\u00e7u des modifications\/mises \u00e0 jour r\u00e9centes de la loi &#8220;Verpackungsgesetz&#8221; :<\/p>\n\n\n\n<ul class=\"wp-block-list\">\n<li>\u00c0 partir du 1er juillet 2022, tous les types d&#8217;emballages devront \u00eatre enregistr\u00e9s au sein du march\u00e9 allemand. Cela signifie que tout producteur qui met un produit sur le march\u00e9 allemand pour la premi\u00e8re fois devra s&#8217;enregistrer sur le site web &#8220;Lucid Packaging&#8221; (la plate-forme en ligne de la Zentrale Stelle Verpackungsregister (registre central des emballages)). Le producteur devra fournir des d\u00e9tails sur les types d&#8217;emballage et les noms de marque. Pour les producteurs qui se sont d\u00e9j\u00e0 enregistr\u00e9s, ils peuvent ajouter des d\u00e9tails sur l&#8217;enregistrement existant.<\/li>\n\n\n\n<li>Les sites d&#8217;e-commerce en ligne sont tenus de v\u00e9rifier si leurs partenaires commerciaux pla\u00e7ant des emballages contenant des marchandises sur le march\u00e9 allemand sont inscrits au registre des emballages LUCID. Le Zentrale Stelle Verpackungsregister (registre des emballages de l&#8217;agence centrale) fournit un extrait de registre num\u00e9rique \u00e0 cette fin.<\/li>\n<\/ul>\n\n\n\n<figure class=\"wp-block-image size-large is-resized\"><img decoding=\"async\" src=\"https:\/\/biorius.com\/wp-content\/uploads\/2023\/10\/mobile-devices-2017980-1280-1024x597-1.png\" alt=\"\" class=\"wp-image-22496\" style=\"width:275px;height:160px\"\/><\/figure>\n\n\n\n<h2 class=\"wp-block-heading\"><strong>France: la loi \u201cAgec\u201d <\/strong><\/h2>\n\n\n\n<p>Parmi les multiples mesures, voici les principales actions qui auront un impact sur l&#8217;\u00e9tiquetage des produits cosm\u00e9tiques :<\/p>\n\n\n\n<ul class=\"wp-block-list\">\n<li>Obligation d&#8217;afficher les consignes de l&#8217;Info-Tri \u00e0 partir du 1er janvier 2022 (que l&#8217;emballage soit recyclable ou non). Les emballages m\u00e9nagers doivent contenir l&#8217;Info-Tri, c&#8217;est-\u00e0-dire : le logo Triman et les consignes de tri pour informer le consommateur sur la mani\u00e8re de trier correctement l&#8217;emballage. L&#8217;info-tri est d\u00e9sormais le marquage standard, facilement reconnaissable par les consommateurs. L&#8217;Info-Tri n&#8217;est pas li\u00e9 \u00e0 la recyclabilit\u00e9 de l&#8217;emballage, et il faut suivre les r\u00e8gles d&#8217;\u00e9tiquetage sp\u00e9cifiques telles que d\u00e9finies dans le guide pr\u00e9par\u00e9 par l&#8217;\u00e9co-organisme CITEO.                                                                             <\/li>\n<\/ul>\n\n\n\n<div class=\"wp-block-columns are-vertically-aligned-center is-layout-flex wp-container-core-columns-is-layout-9d6595d7 wp-block-columns-is-layout-flex\">\n<div class=\"wp-block-column is-vertically-aligned-center is-layout-flow wp-block-column-is-layout-flow\" style=\"flex-basis:66.66%\">\n<p class=\"has-text-align-left\"> En ce qui concerne les d\u00e9lais :<\/p>\n\n\n\n<p class=\"has-text-align-left\">Les producteurs avaient jusqu&#8217;au 9 septembre 2022 pour l&#8217;apposer sur tous les emballages m\u00e9nagers. Il y a la possibilit\u00e9 de commercialiser les produits sans l&#8217;Info-Tri apr\u00e8s le 9 mars 2023 si les emballages ont \u00e9t\u00e9 fabriqu\u00e9s avant le 9 septembre 2022 et vendus  aux distributeur\/sous-traitant avant le 9 mars 2023 (contenant la marchandise ou non). A titre d&#8217;exemple, voici le montant de la p\u00e9nalit\u00e9 en cas de non-respect : 3 000 \u20ac pour une personne physique, 15 000 \u20ac pour une personne morale.<\/p>\n<\/div>\n\n\n\n<div class=\"wp-block-column is-vertically-aligned-center is-layout-flow wp-block-column-is-layout-flow\" style=\"flex-basis:33.33%\"><div class=\"wp-block-image\">\n<figure class=\"aligncenter size-full\"><img decoding=\"async\" width=\"602\" height=\"417\" src=\"https:\/\/biorius.com\/wp-content\/uploads\/2023\/10\/picture3.png\" alt=\"\" class=\"wp-image-22500\"\/><\/figure>\n<\/div><\/div>\n<\/div>\n\n\n\n<ul class=\"wp-block-list\">\n<li>Suppression de tout autre signe susceptible d&#8217;induire en erreur les consommateurs sur les r\u00e8gles de tri \u00e0 partir du 1er janvier 2022. L&#8217;article 62 de la loi AGEC stipule qu&#8217;une sanction financi\u00e8re doit \u00eatre impos\u00e9e pour tout marquage ou signe pouvant pr\u00eater \u00e0 confusion sur les r\u00e8gles de tri ou la quantit\u00e9 de d\u00e9chets du produit.<\/li>\n<\/ul>\n\n\n\n<p>L&#8217;arr\u00eat\u00e9 minist\u00e9riel (Arr\u00eat\u00e9 du 30 Novembre 2020) relatif aux signes et marquages pouvant apporter une confusion sur les r\u00e8gles de tri a \u00e9t\u00e9 publi\u00e9 le 24 d\u00e9cembre 2020 et il pr\u00e9voit que tout signe repr\u00e9sentant 2 ou plus de fl\u00e8ches enroul\u00e9es dans un cercle sont source de confusion, \u00e0 l&#8217;exception des suivants :<\/p>\n\n\n\n<ol class=\"wp-block-list\">\n<li>Le logo Triman <\/li>\n\n\n\n<li>Logos associ\u00e9s \u00e0 la marque du produit ou \u00e0 l&#8217;entreprise distributrice<\/li>\n\n\n\n<li>Signes r\u00e9glement\u00e9s des \u00c9tats membres qui informent le consommateur que le produit est recyclable ou qui portent des consignes de tri<\/li>\n<\/ol>\n\n\n\n<p>Le Point Vert (ou &#8220;Green Dot&#8221;) est donc concern\u00e9 par cette disposition nationale. Cependant, la sanction financi\u00e8re a \u00e9t\u00e9 suspendue et il n&#8217;y a pas de date pour le report de cette sanction sur le point vert pour le moment. Une d\u00e9cision d\u00e9finitive \u00e0 ce sujet est attendue dans le courant de l&#8217;ann\u00e9e 2022.<\/p>\n\n\n\n<h2 class=\"wp-block-heading\">Comment Biorius peut vous aider?<\/h2>\n\n\n\n<p>BIORIUS lance son nouveau service qui fournit des informations concernant la responsabilit\u00e9 \u00e9largie des producteurs (REP) et les nouvelles obligations d&#8217;\u00e9tiquetage, qui sont applicables si vous fabriquez ou importez des emballages sur des march\u00e9s sp\u00e9cifiques (comme la France ou l&#8217;Allemagne par exemple).<\/p>\n\n\n\n<p>En tant que client, vous pouvez choisir parmi tous les \u00c9tats membres de l&#8217;UE, ainsi que le Royaume-Uni, la Suisse et la Norv\u00e8ge. Nous pouvons \u00e9galement vous recommander les pays o\u00f9 la r\u00e9glementation exige un \u00e9tiquetage sp\u00e9cifique et\/ou la mise en place de nouvelles exigences.<\/p>\n\n\n\n<p>N&#8217;h\u00e9sitez pas \u00e0 nous contacter pour obtenir de plus amples informations sur notre assistance en mati\u00e8re d&#8217;obligations de recyclage.<\/p>\n","protected":false},"excerpt":{"rendered":"<p>Notre maison br\u00fble et apr\u00e8s un \u00e9t\u00e9 de tous les records, le changement climatique est au c\u0153ur des pr\u00e9occupations mondiales. Pour faire face \u00e0 cette&#8230;<\/p>\n","protected":false},"author":2,"featured_media":42999,"comment_status":"open","ping_status":"open","sticky":false,"template":"","format":"standard","meta":{"_acf_changed":false,"_coblocks_attr":"","_coblocks_dimensions":"","_coblocks_responsive_height":"","_coblocks_accordion_ie_support":"","footnotes":""},"categories":[2290,2290],"tags":[],"ppma_author":[],"class_list":["post-44373","post","type-post","status-publish","format-standard","has-post-thumbnail","hentry","category-reglementations-cosmetique"],"acf":[],"yoast_head":"<!-- This site is optimized with the Yoast SEO plugin v27.5 - https:\/\/yoast.com\/product\/yoast-seo-wordpress\/ -->\n<title>Information environnementale des \u00e9tiquettes - Biorius<\/title>\n<meta name=\"description\" content=\"L&#039;information environnementale des \u00e9tiquettes des cosm\u00e9tiques\" \/>\n<meta name=\"robots\" content=\"index, follow, max-snippet:-1, max-image-preview:large, max-video-preview:-1\" \/>\n<link rel=\"canonical\" href=\"https:\/\/biorius.com\/fr\/cosmetic-news\/information-environnementale-des-etiquettes\/\" \/>\n<meta property=\"og:locale\" content=\"fr_FR\" \/>\n<meta property=\"og:type\" content=\"article\" \/>\n<meta property=\"og:title\" content=\"Information environnementale des \u00e9tiquettes - Biorius\" \/>\n<meta property=\"og:description\" content=\"L&#039;information environnementale des \u00e9tiquettes des cosm\u00e9tiques\" \/>\n<meta property=\"og:url\" content=\"https:\/\/biorius.com\/fr\/cosmetic-news\/information-environnementale-des-etiquettes\/\" \/>\n<meta property=\"og:site_name\" content=\"Biorius\" \/>\n<meta property=\"article:published_time\" content=\"2022-10-16T22:00:00+00:00\" \/>\n<meta property=\"article:modified_time\" content=\"2024-01-19T14:29:23+00:00\" \/>\n<meta property=\"og:image\" content=\"https:\/\/biorius.com\/wp-content\/uploads\/2023\/10\/biorius-newjpeg-1.jpg\" \/>\n\t<meta property=\"og:image:width\" content=\"1000\" \/>\n\t<meta property=\"og:image:height\" content=\"1500\" \/>\n\t<meta property=\"og:image:type\" content=\"image\/jpeg\" \/>\n<meta name=\"author\" content=\"nicolas.lenaers@biorius.com\" \/>\n<meta name=\"twitter:card\" content=\"summary_large_image\" \/>\n<meta name=\"twitter:label1\" content=\"\u00c9crit par\" \/>\n\t<meta name=\"twitter:data1\" content=\"nicolas.lenaers@biorius.com\" \/>\n\t<meta name=\"twitter:label2\" content=\"Dur\u00e9e de lecture estim\u00e9e\" \/>\n\t<meta name=\"twitter:data2\" content=\"7 minutes\" \/>\n<script type=\"application\/ld+json\" class=\"yoast-schema-graph\">{\"@context\":\"https:\\\/\\\/schema.org\",\"@graph\":[{\"@type\":\"Article\",\"@id\":\"https:\\\/\\\/biorius.com\\\/fr\\\/cosmetic-news\\\/information-environnementale-des-etiquettes\\\/#article\",\"isPartOf\":{\"@id\":\"https:\\\/\\\/biorius.com\\\/fr\\\/cosmetic-news\\\/information-environnementale-des-etiquettes\\\/\"},\"author\":{\"name\":\"nicolas.lenaers@biorius.com\",\"@id\":\"https:\\\/\\\/biorius.com\\\/fr\\\/#\\\/schema\\\/person\\\/118636d0af6db915f51e7a434d16faa3\"},\"headline\":\"Information environnementale des \u00e9tiquettes\",\"datePublished\":\"2022-10-16T22:00:00+00:00\",\"dateModified\":\"2024-01-19T14:29:23+00:00\",\"mainEntityOfPage\":{\"@id\":\"https:\\\/\\\/biorius.com\\\/fr\\\/cosmetic-news\\\/information-environnementale-des-etiquettes\\\/\"},\"wordCount\":1359,\"commentCount\":0,\"image\":{\"@id\":\"https:\\\/\\\/biorius.com\\\/fr\\\/cosmetic-news\\\/information-environnementale-des-etiquettes\\\/#primaryimage\"},\"thumbnailUrl\":\"https:\\\/\\\/biorius.com\\\/wp-content\\\/uploads\\\/2023\\\/10\\\/biorius-newjpeg-1.jpg\",\"articleSection\":[\"R\u00e9glementations Cosm\u00e9tique\",\"R\u00e9glementations Cosm\u00e9tique\"],\"inLanguage\":\"fr-FR\",\"potentialAction\":[{\"@type\":\"CommentAction\",\"name\":\"Comment\",\"target\":[\"https:\\\/\\\/biorius.com\\\/fr\\\/cosmetic-news\\\/information-environnementale-des-etiquettes\\\/#respond\"]}]},{\"@type\":\"WebPage\",\"@id\":\"https:\\\/\\\/biorius.com\\\/fr\\\/cosmetic-news\\\/information-environnementale-des-etiquettes\\\/\",\"url\":\"https:\\\/\\\/biorius.com\\\/fr\\\/cosmetic-news\\\/information-environnementale-des-etiquettes\\\/\",\"name\":\"Information environnementale des \u00e9tiquettes - Biorius\",\"isPartOf\":{\"@id\":\"https:\\\/\\\/biorius.com\\\/fr\\\/#website\"},\"primaryImageOfPage\":{\"@id\":\"https:\\\/\\\/biorius.com\\\/fr\\\/cosmetic-news\\\/information-environnementale-des-etiquettes\\\/#primaryimage\"},\"image\":{\"@id\":\"https:\\\/\\\/biorius.com\\\/fr\\\/cosmetic-news\\\/information-environnementale-des-etiquettes\\\/#primaryimage\"},\"thumbnailUrl\":\"https:\\\/\\\/biorius.com\\\/wp-content\\\/uploads\\\/2023\\\/10\\\/biorius-newjpeg-1.jpg\",\"datePublished\":\"2022-10-16T22:00:00+00:00\",\"dateModified\":\"2024-01-19T14:29:23+00:00\",\"author\":{\"@id\":\"https:\\\/\\\/biorius.com\\\/fr\\\/#\\\/schema\\\/person\\\/118636d0af6db915f51e7a434d16faa3\"},\"description\":\"L'information environnementale des \u00e9tiquettes des cosm\u00e9tiques\",\"breadcrumb\":{\"@id\":\"https:\\\/\\\/biorius.com\\\/fr\\\/cosmetic-news\\\/information-environnementale-des-etiquettes\\\/#breadcrumb\"},\"inLanguage\":\"fr-FR\",\"potentialAction\":[{\"@type\":\"ReadAction\",\"target\":[\"https:\\\/\\\/biorius.com\\\/fr\\\/cosmetic-news\\\/information-environnementale-des-etiquettes\\\/\"]}]},{\"@type\":\"ImageObject\",\"inLanguage\":\"fr-FR\",\"@id\":\"https:\\\/\\\/biorius.com\\\/fr\\\/cosmetic-news\\\/information-environnementale-des-etiquettes\\\/#primaryimage\",\"url\":\"https:\\\/\\\/biorius.com\\\/wp-content\\\/uploads\\\/2023\\\/10\\\/biorius-newjpeg-1.jpg\",\"contentUrl\":\"https:\\\/\\\/biorius.com\\\/wp-content\\\/uploads\\\/2023\\\/10\\\/biorius-newjpeg-1.jpg\",\"width\":1000,\"height\":1500},{\"@type\":\"BreadcrumbList\",\"@id\":\"https:\\\/\\\/biorius.com\\\/fr\\\/cosmetic-news\\\/information-environnementale-des-etiquettes\\\/#breadcrumb\",\"itemListElement\":[{\"@type\":\"ListItem\",\"position\":1,\"name\":\"Accueil\",\"item\":\"https:\\\/\\\/biorius.com\\\/fr\\\/\"},{\"@type\":\"ListItem\",\"position\":2,\"name\":\"Information environnementale des \u00e9tiquettes\"}]},{\"@type\":\"WebSite\",\"@id\":\"https:\\\/\\\/biorius.com\\\/fr\\\/#website\",\"url\":\"https:\\\/\\\/biorius.com\\\/fr\\\/\",\"name\":\"Biorius\",\"description\":\"You create dreams we protect them\",\"potentialAction\":[{\"@type\":\"SearchAction\",\"target\":{\"@type\":\"EntryPoint\",\"urlTemplate\":\"https:\\\/\\\/biorius.com\\\/fr\\\/?s={search_term_string}\"},\"query-input\":{\"@type\":\"PropertyValueSpecification\",\"valueRequired\":true,\"valueName\":\"search_term_string\"}}],\"inLanguage\":\"fr-FR\"},{\"@type\":\"Person\",\"@id\":\"https:\\\/\\\/biorius.com\\\/fr\\\/#\\\/schema\\\/person\\\/118636d0af6db915f51e7a434d16faa3\",\"name\":\"nicolas.lenaers@biorius.com\",\"image\":{\"@type\":\"ImageObject\",\"inLanguage\":\"fr-FR\",\"@id\":\"https:\\\/\\\/secure.gravatar.com\\\/avatar\\\/3a520f0f485dafed9d1c4b410310d05d541c8291d6f54c1e0e2b3687906b3979?s=96&d=mm&r=gafd756382464e9b8c7dd55685562e5f5\",\"url\":\"https:\\\/\\\/secure.gravatar.com\\\/avatar\\\/3a520f0f485dafed9d1c4b410310d05d541c8291d6f54c1e0e2b3687906b3979?s=96&d=mm&r=g\",\"contentUrl\":\"https:\\\/\\\/secure.gravatar.com\\\/avatar\\\/3a520f0f485dafed9d1c4b410310d05d541c8291d6f54c1e0e2b3687906b3979?s=96&d=mm&r=g\",\"caption\":\"nicolas.lenaers@biorius.com\"},\"url\":\"https:\\\/\\\/biorius.com\\\/es\\\/cosmetic-news\\\/author\\\/nicolas-lenaersbiorius-com\\\/\"}]}<\/script>\n<!-- \/ Yoast SEO plugin. -->","yoast_head_json":{"title":"Information environnementale des \u00e9tiquettes - Biorius","description":"L'information environnementale des \u00e9tiquettes des cosm\u00e9tiques","robots":{"index":"index","follow":"follow","max-snippet":"max-snippet:-1","max-image-preview":"max-image-preview:large","max-video-preview":"max-video-preview:-1"},"canonical":"https:\/\/biorius.com\/fr\/cosmetic-news\/information-environnementale-des-etiquettes\/","og_locale":"fr_FR","og_type":"article","og_title":"Information environnementale des \u00e9tiquettes - Biorius","og_description":"L'information environnementale des \u00e9tiquettes des cosm\u00e9tiques","og_url":"https:\/\/biorius.com\/fr\/cosmetic-news\/information-environnementale-des-etiquettes\/","og_site_name":"Biorius","article_published_time":"2022-10-16T22:00:00+00:00","article_modified_time":"2024-01-19T14:29:23+00:00","og_image":[{"width":1000,"height":1500,"url":"https:\/\/biorius.com\/wp-content\/uploads\/2023\/10\/biorius-newjpeg-1.jpg","type":"image\/jpeg"}],"author":"nicolas.lenaers@biorius.com","twitter_card":"summary_large_image","twitter_misc":{"\u00c9crit par":"nicolas.lenaers@biorius.com","Dur\u00e9e de lecture estim\u00e9e":"7 minutes"},"schema":{"@context":"https:\/\/schema.org","@graph":[{"@type":"Article","@id":"https:\/\/biorius.com\/fr\/cosmetic-news\/information-environnementale-des-etiquettes\/#article","isPartOf":{"@id":"https:\/\/biorius.com\/fr\/cosmetic-news\/information-environnementale-des-etiquettes\/"},"author":{"name":"nicolas.lenaers@biorius.com","@id":"https:\/\/biorius.com\/fr\/#\/schema\/person\/118636d0af6db915f51e7a434d16faa3"},"headline":"Information environnementale des \u00e9tiquettes","datePublished":"2022-10-16T22:00:00+00:00","dateModified":"2024-01-19T14:29:23+00:00","mainEntityOfPage":{"@id":"https:\/\/biorius.com\/fr\/cosmetic-news\/information-environnementale-des-etiquettes\/"},"wordCount":1359,"commentCount":0,"image":{"@id":"https:\/\/biorius.com\/fr\/cosmetic-news\/information-environnementale-des-etiquettes\/#primaryimage"},"thumbnailUrl":"https:\/\/biorius.com\/wp-content\/uploads\/2023\/10\/biorius-newjpeg-1.jpg","articleSection":["R\u00e9glementations Cosm\u00e9tique","R\u00e9glementations Cosm\u00e9tique"],"inLanguage":"fr-FR","potentialAction":[{"@type":"CommentAction","name":"Comment","target":["https:\/\/biorius.com\/fr\/cosmetic-news\/information-environnementale-des-etiquettes\/#respond"]}]},{"@type":"WebPage","@id":"https:\/\/biorius.com\/fr\/cosmetic-news\/information-environnementale-des-etiquettes\/","url":"https:\/\/biorius.com\/fr\/cosmetic-news\/information-environnementale-des-etiquettes\/","name":"Information environnementale des \u00e9tiquettes - Biorius","isPartOf":{"@id":"https:\/\/biorius.com\/fr\/#website"},"primaryImageOfPage":{"@id":"https:\/\/biorius.com\/fr\/cosmetic-news\/information-environnementale-des-etiquettes\/#primaryimage"},"image":{"@id":"https:\/\/biorius.com\/fr\/cosmetic-news\/information-environnementale-des-etiquettes\/#primaryimage"},"thumbnailUrl":"https:\/\/biorius.com\/wp-content\/uploads\/2023\/10\/biorius-newjpeg-1.jpg","datePublished":"2022-10-16T22:00:00+00:00","dateModified":"2024-01-19T14:29:23+00:00","author":{"@id":"https:\/\/biorius.com\/fr\/#\/schema\/person\/118636d0af6db915f51e7a434d16faa3"},"description":"L'information environnementale des \u00e9tiquettes des cosm\u00e9tiques","breadcrumb":{"@id":"https:\/\/biorius.com\/fr\/cosmetic-news\/information-environnementale-des-etiquettes\/#breadcrumb"},"inLanguage":"fr-FR","potentialAction":[{"@type":"ReadAction","target":["https:\/\/biorius.com\/fr\/cosmetic-news\/information-environnementale-des-etiquettes\/"]}]},{"@type":"ImageObject","inLanguage":"fr-FR","@id":"https:\/\/biorius.com\/fr\/cosmetic-news\/information-environnementale-des-etiquettes\/#primaryimage","url":"https:\/\/biorius.com\/wp-content\/uploads\/2023\/10\/biorius-newjpeg-1.jpg","contentUrl":"https:\/\/biorius.com\/wp-content\/uploads\/2023\/10\/biorius-newjpeg-1.jpg","width":1000,"height":1500},{"@type":"BreadcrumbList","@id":"https:\/\/biorius.com\/fr\/cosmetic-news\/information-environnementale-des-etiquettes\/#breadcrumb","itemListElement":[{"@type":"ListItem","position":1,"name":"Accueil","item":"https:\/\/biorius.com\/fr\/"},{"@type":"ListItem","position":2,"name":"Information environnementale des \u00e9tiquettes"}]},{"@type":"WebSite","@id":"https:\/\/biorius.com\/fr\/#website","url":"https:\/\/biorius.com\/fr\/","name":"Biorius","description":"You create dreams we protect them","potentialAction":[{"@type":"SearchAction","target":{"@type":"EntryPoint","urlTemplate":"https:\/\/biorius.com\/fr\/?s={search_term_string}"},"query-input":{"@type":"PropertyValueSpecification","valueRequired":true,"valueName":"search_term_string"}}],"inLanguage":"fr-FR"},{"@type":"Person","@id":"https:\/\/biorius.com\/fr\/#\/schema\/person\/118636d0af6db915f51e7a434d16faa3","name":"nicolas.lenaers@biorius.com","image":{"@type":"ImageObject","inLanguage":"fr-FR","@id":"https:\/\/secure.gravatar.com\/avatar\/3a520f0f485dafed9d1c4b410310d05d541c8291d6f54c1e0e2b3687906b3979?s=96&d=mm&r=gafd756382464e9b8c7dd55685562e5f5","url":"https:\/\/secure.gravatar.com\/avatar\/3a520f0f485dafed9d1c4b410310d05d541c8291d6f54c1e0e2b3687906b3979?s=96&d=mm&r=g","contentUrl":"https:\/\/secure.gravatar.com\/avatar\/3a520f0f485dafed9d1c4b410310d05d541c8291d6f54c1e0e2b3687906b3979?s=96&d=mm&r=g","caption":"nicolas.lenaers@biorius.com"},"url":"https:\/\/biorius.com\/es\/cosmetic-news\/author\/nicolas-lenaersbiorius-com\/"}]}},"authors":[{"term_id":2340,"user_id":2,"is_guest":0,"slug":"nicolas-lenaersbiorius-com","display_name":"nicolas.lenaers@biorius.com","avatar_url":"https:\/\/secure.gravatar.com\/avatar\/3a520f0f485dafed9d1c4b410310d05d541c8291d6f54c1e0e2b3687906b3979?s=96&d=mm&r=g","0":null,"1":"","2":"","3":"","4":"","5":"","6":"","7":"","8":""}],"_links":{"self":[{"href":"https:\/\/biorius.com\/fr\/wp-json\/wp\/v2\/posts\/44373","targetHints":{"allow":["GET"]}}],"collection":[{"href":"https:\/\/biorius.com\/fr\/wp-json\/wp\/v2\/posts"}],"about":[{"href":"https:\/\/biorius.com\/fr\/wp-json\/wp\/v2\/types\/post"}],"author":[{"embeddable":true,"href":"https:\/\/biorius.com\/fr\/wp-json\/wp\/v2\/users\/2"}],"replies":[{"embeddable":true,"href":"https:\/\/biorius.com\/fr\/wp-json\/wp\/v2\/comments?post=44373"}],"version-history":[{"count":0,"href":"https:\/\/biorius.com\/fr\/wp-json\/wp\/v2\/posts\/44373\/revisions"}],"wp:featuredmedia":[{"embeddable":true,"href":"https:\/\/biorius.com\/fr\/wp-json\/wp\/v2\/media\/42999"}],"wp:attachment":[{"href":"https:\/\/biorius.com\/fr\/wp-json\/wp\/v2\/media?parent=44373"}],"wp:term":[{"taxonomy":"category","embeddable":true,"href":"https:\/\/biorius.com\/fr\/wp-json\/wp\/v2\/categories?post=44373"},{"taxonomy":"post_tag","embeddable":true,"href":"https:\/\/biorius.com\/fr\/wp-json\/wp\/v2\/tags?post=44373"},{"taxonomy":"author","embeddable":true,"href":"https:\/\/biorius.com\/fr\/wp-json\/wp\/v2\/ppma_author?post=44373"}],"curies":[{"name":"wp","href":"https:\/\/api.w.org\/{rel}","templated":true}]}}