{"id":49532,"date":"2023-04-26T00:00:00","date_gmt":"2023-04-25T22:00:00","guid":{"rendered":"https:\/\/biorius.com\/cosmetic-news\/participacion-de-biorius-en-el-dia-de-los-proveedores-del-nyscc\/"},"modified":"2024-05-08T11:42:41","modified_gmt":"2024-05-08T09:42:41","slug":"participacion-de-biorius-en-el-dia-de-los-proveedores-del-nyscc","status":"publish","type":"post","link":"https:\/\/biorius.com\/es\/cosmetic-news\/participacion-de-biorius-en-el-dia-de-los-proveedores-del-nyscc\/","title":{"rendered":"Participaci\u00f3n de Biorius en el D\u00eda de los Proveedores del NYSCC"},"content":{"rendered":"\n<p>Biorius participar\u00e1 en el mayor evento norteamericano <a><\/a><a href=\"https:\/\/nyscc.org\/suppliers-day\/\">\n  <strong>D\u00eda del Proveedor NYSCC<\/strong>\n<\/a>.<\/p>\n\n<p>La feria se celebrar\u00e1 en <strong>Nueva York del 2 al 3 de mayo de 2023<\/strong> en el <strong>Centro de Convenciones Jacob K. Javits<\/strong>.<\/p>\n\n<p>Conoce a nuestro brillante equipo Dr. Frederic Lebreux (Director General), Dr. Philippe Azam (Desarrollador Estrat\u00e9gico de Negocio, Departamento de Qu\u00edmica) y Srta. Evelina Samoili (CRM &#8211; <strong>Gestora de<\/strong> <strong>Relaciones con<\/strong> <strong>los Clientes<\/strong>): te estamos esperando y estamos listos para apoyarte, <strong>vis\u00edtanos y con\u00f3cenos en el stand n\u00ba 2013<\/strong>.<\/p>\n<div class=\"wp-block-image\">\n<figure class=\"aligncenter size-full\"><img fetchpriority=\"high\" decoding=\"async\" width=\"657\" height=\"369\" src=\"https:\/\/biorius.com\/wp-content\/uploads\/2023\/10\/nysuppliersday.png\" alt=\"\" class=\"wp-image-27423\"\/><\/figure>\n<\/div>\n<p><\/p>\n\n<h2 class=\"wp-block-heading\"><strong>Qu\u00e9 es el D\u00eda del Proveedor NYSCC<\/strong><\/h2>\n\n<p>El <a href=\"https:\/\/nyscc.org\/suppliers-day\/\">D\u00eda de los Proveedores de la Sociedad de Qu\u00edmicos Cosm\u00e9ticos de Nueva York (NYSCC<\/a> ) es uno de los acontecimientos m\u00e1s importantes de Norteam\u00e9rica dedicados al desarrollo de productos. La edici\u00f3n de este a\u00f1o parece que ser\u00e1 la mayor de todas: m\u00e1s<strong> de<\/strong> <strong>450 expositores<\/strong> presentar\u00e1n sus productos e innovaciones a los<strong> m\u00e1s de 8.000 asistentes previstos<\/strong>, entre formuladores, qu\u00edmicos e investigadores.<\/p>\n\n<p><\/p>\n\n<div class=\"wp-block-columns is-layout-flex wp-container-core-columns-is-layout-9d6595d7 wp-block-columns-is-layout-flex\">\n<div class=\"wp-block-column is-vertically-aligned-center is-layout-flow wp-block-column-is-layout-flow\"><div class=\"wp-block-image\">\n<figure class=\"alignright size-full\"><img decoding=\"async\" width=\"300\" height=\"204\" src=\"https:\/\/biorius.com\/wp-content\/uploads\/2023\/10\/nyscc-suppliers-day-1.png\" alt=\"\" class=\"wp-image-27425\"\/><\/figure>\n<\/div><\/div>\n\n\n\n<div class=\"wp-block-column is-vertically-aligned-top is-layout-flow wp-block-column-is-layout-flow\">\n<p>La lista de expositores incluye a los principales fabricantes, proveedores y distribuidores de materias primas e ingredientes, proveedores de pruebas, as\u00ed como innovadoras soluciones de servicios y proveedores de software. Y, por supuesto,<strong> Biorius<\/strong>, el mayor experto en Cosm\u00e9ticos y normativa REACh.<\/p>\n\n\n\n<p>Est\u00e1n previstas m\u00e1s de 60 conferencias y programas educativos. <a href=\"https:\/\/nyscc.org\/conference-programming-2023\/\">Aqu\u00ed<\/a> puedes encontrar la agenda con todas las ponencias y mesas redondas.<\/p>\n<\/div>\n<\/div>\n\n<p><\/p>\n\n<h2 class=\"wp-block-heading\"><strong>C\u00f3mo puede ayudar Biorius<\/strong><\/h2>\n\n<p>\u00bfEres formulador de cosm\u00e9ticos o investigador qu\u00edmico y necesitas apoyo normativo?<\/p>\n\n<p>\u00bfEst\u00e1s un poco perdido con todos los cambios de la normativa, en particular la <a href=\"https:\/\/biorius.com\/regulatory\/usa-modernization-of-cosmetic-regulation-act-mocra\/\">MoCRA<\/a>, y no sabes d\u00f3nde encontrar las respuestas adecuadas?<\/p>\n\n<p>\u00bfNecesitas ayuda con EU REACh, EU PIF y Evaluaci\u00f3n de la Seguridad?<\/p>\n\n<p>\u00bfConoces la <a href=\"https:\/\/echa.europa.eu\/regulations\/enforcement\">aplicaci\u00f3n actual de los reglamentos REACh y CLP<\/a> y buscas un consultor experto?<\/p>\n\n<p>\u00bfNecesitas una <a href=\"https:\/\/biorius.com\/safety-data-sheet-authoring-services\/\">Ficha de Datos de<\/a> Seguridad (FDS) que cumpla la normativa, como exigen muchos transportistas internacionales y aduanas?<\/p>\n\n<p><\/p>\n\n<h2 class=\"wp-block-heading\">Contacta y vis\u00edtanos<\/h2>\n\n<p>Estamos aqu\u00ed para apoyarte y ayudarte en el desarrollo de tu producto.<\/p>\n\n<p>Nuestro objetivo es ayudarte a ti y a tu empresa a triunfar en cualquier parte del mundo con productos conformes.<\/p>\n\n<p>Concierta una reuni\u00f3n con nosotros: <a href=\"mailto:info@biorius.com\">info@biorius.com<\/a> o vis\u00edtanos en el stand n\u00ba 2013 durante el <strong>\n  <a href=\"https:\/\/nyscc.org\/suppliers-day\/\">D\u00eda de los Proveedores del NYSCC.<\/a>\n<\/strong><\/p>\n","protected":false},"excerpt":{"rendered":"<p>Biorius participar\u00e1 en el D\u00eda de los Proveedores de la NYSCC, Nueva York, del 2 al 3 de mayo de 2023, en el Centro de Convenciones Jacob K. Javits, stand n\u00ba 2013.<\/p>\n","protected":false},"author":2,"featured_media":47165,"comment_status":"open","ping_status":"open","sticky":false,"template":"","format":"standard","meta":{"_acf_changed":false,"_coblocks_attr":"","_coblocks_dimensions":"","_coblocks_responsive_height":"","_coblocks_accordion_ie_support":"","footnotes":""},"categories":[2292],"tags":[],"ppma_author":[],"class_list":["post-49532","post","type-post","status-publish","format-standard","has-post-thumbnail","hentry","category-reglamento-cosmeticos"],"acf":[],"yoast_head":"<!-- This site is optimized with the Yoast SEO plugin v27.4 - https:\/\/yoast.com\/product\/yoast-seo-wordpress\/ -->\n<title>Participaci\u00f3n de Biorius en el D\u00eda de los Proveedores del NYSCC - Biorius<\/title>\n<meta name=\"description\" content=\"Biorius participar\u00e1 en el D\u00eda de los Proveedores de la NYSCC, Nueva York, del 2 al 3 de mayo de 2023, en el Centro de Convenciones Jacob K. Javits, stand n\u00ba 2013.\" \/>\n<meta name=\"robots\" content=\"index, follow, max-snippet:-1, max-image-preview:large, max-video-preview:-1\" \/>\n<link rel=\"canonical\" href=\"https:\/\/biorius.com\/es\/cosmetic-news\/participacion-de-biorius-en-el-dia-de-los-proveedores-del-nyscc\/\" \/>\n<meta property=\"og:locale\" content=\"es_ES\" \/>\n<meta property=\"og:type\" content=\"article\" \/>\n<meta property=\"og:title\" content=\"Participaci\u00f3n de Biorius en el D\u00eda de los Proveedores del NYSCC - Biorius\" \/>\n<meta property=\"og:description\" content=\"Biorius participar\u00e1 en el D\u00eda de los Proveedores de la NYSCC, Nueva York, del 2 al 3 de mayo de 2023, en el Centro de Convenciones Jacob K. Javits, stand n\u00ba 2013.\" \/>\n<meta property=\"og:url\" content=\"https:\/\/biorius.com\/es\/cosmetic-news\/participacion-de-biorius-en-el-dia-de-los-proveedores-del-nyscc\/\" \/>\n<meta property=\"og:site_name\" content=\"Biorius\" \/>\n<meta property=\"article:published_time\" content=\"2023-04-25T22:00:00+00:00\" \/>\n<meta property=\"article:modified_time\" content=\"2024-05-08T09:42:41+00:00\" \/>\n<meta property=\"og:image\" content=\"https:\/\/biorius.com\/wp-content\/uploads\/2023\/10\/nysuppliersday.webp\" \/>\n\t<meta property=\"og:image:width\" content=\"657\" \/>\n\t<meta property=\"og:image:height\" content=\"369\" \/>\n\t<meta property=\"og:image:type\" content=\"image\/png\" \/>\n<meta name=\"author\" content=\"nicolas.lenaers@biorius.com\" \/>\n<meta name=\"twitter:card\" content=\"summary_large_image\" \/>\n<meta name=\"twitter:label1\" content=\"Escrito por\" \/>\n\t<meta name=\"twitter:data1\" content=\"nicolas.lenaers@biorius.com\" \/>\n\t<meta name=\"twitter:label2\" content=\"Tiempo de lectura\" \/>\n\t<meta name=\"twitter:data2\" content=\"2 minutos\" \/>\n<script type=\"application\/ld+json\" class=\"yoast-schema-graph\">{\"@context\":\"https:\\\/\\\/schema.org\",\"@graph\":[{\"@type\":\"Article\",\"@id\":\"https:\\\/\\\/biorius.com\\\/es\\\/cosmetic-news\\\/participacion-de-biorius-en-el-dia-de-los-proveedores-del-nyscc\\\/#article\",\"isPartOf\":{\"@id\":\"https:\\\/\\\/biorius.com\\\/es\\\/cosmetic-news\\\/participacion-de-biorius-en-el-dia-de-los-proveedores-del-nyscc\\\/\"},\"author\":{\"name\":\"nicolas.lenaers@biorius.com\",\"@id\":\"https:\\\/\\\/biorius.com\\\/es\\\/#\\\/schema\\\/person\\\/118636d0af6db915f51e7a434d16faa3\"},\"headline\":\"Participaci\u00f3n de Biorius en el D\u00eda de los Proveedores del NYSCC\",\"datePublished\":\"2023-04-25T22:00:00+00:00\",\"dateModified\":\"2024-05-08T09:42:41+00:00\",\"mainEntityOfPage\":{\"@id\":\"https:\\\/\\\/biorius.com\\\/es\\\/cosmetic-news\\\/participacion-de-biorius-en-el-dia-de-los-proveedores-del-nyscc\\\/\"},\"wordCount\":392,\"commentCount\":0,\"image\":{\"@id\":\"https:\\\/\\\/biorius.com\\\/es\\\/cosmetic-news\\\/participacion-de-biorius-en-el-dia-de-los-proveedores-del-nyscc\\\/#primaryimage\"},\"thumbnailUrl\":\"https:\\\/\\\/biorius.com\\\/wp-content\\\/uploads\\\/2023\\\/10\\\/nysuppliersday.webp\",\"articleSection\":[\"Reglamento Cosm\u00e9ticos\"],\"inLanguage\":\"es\",\"potentialAction\":[{\"@type\":\"CommentAction\",\"name\":\"Comment\",\"target\":[\"https:\\\/\\\/biorius.com\\\/es\\\/cosmetic-news\\\/participacion-de-biorius-en-el-dia-de-los-proveedores-del-nyscc\\\/#respond\"]}]},{\"@type\":\"WebPage\",\"@id\":\"https:\\\/\\\/biorius.com\\\/es\\\/cosmetic-news\\\/participacion-de-biorius-en-el-dia-de-los-proveedores-del-nyscc\\\/\",\"url\":\"https:\\\/\\\/biorius.com\\\/es\\\/cosmetic-news\\\/participacion-de-biorius-en-el-dia-de-los-proveedores-del-nyscc\\\/\",\"name\":\"Participaci\u00f3n de Biorius en el D\u00eda de los Proveedores del NYSCC - Biorius\",\"isPartOf\":{\"@id\":\"https:\\\/\\\/biorius.com\\\/es\\\/#website\"},\"primaryImageOfPage\":{\"@id\":\"https:\\\/\\\/biorius.com\\\/es\\\/cosmetic-news\\\/participacion-de-biorius-en-el-dia-de-los-proveedores-del-nyscc\\\/#primaryimage\"},\"image\":{\"@id\":\"https:\\\/\\\/biorius.com\\\/es\\\/cosmetic-news\\\/participacion-de-biorius-en-el-dia-de-los-proveedores-del-nyscc\\\/#primaryimage\"},\"thumbnailUrl\":\"https:\\\/\\\/biorius.com\\\/wp-content\\\/uploads\\\/2023\\\/10\\\/nysuppliersday.webp\",\"datePublished\":\"2023-04-25T22:00:00+00:00\",\"dateModified\":\"2024-05-08T09:42:41+00:00\",\"author\":{\"@id\":\"https:\\\/\\\/biorius.com\\\/es\\\/#\\\/schema\\\/person\\\/118636d0af6db915f51e7a434d16faa3\"},\"description\":\"Biorius participar\u00e1 en el D\u00eda de los Proveedores de la NYSCC, Nueva York, del 2 al 3 de mayo de 2023, en el Centro de Convenciones Jacob K. Javits, stand n\u00ba 2013.\",\"breadcrumb\":{\"@id\":\"https:\\\/\\\/biorius.com\\\/es\\\/cosmetic-news\\\/participacion-de-biorius-en-el-dia-de-los-proveedores-del-nyscc\\\/#breadcrumb\"},\"inLanguage\":\"es\",\"potentialAction\":[{\"@type\":\"ReadAction\",\"target\":[\"https:\\\/\\\/biorius.com\\\/es\\\/cosmetic-news\\\/participacion-de-biorius-en-el-dia-de-los-proveedores-del-nyscc\\\/\"]}]},{\"@type\":\"ImageObject\",\"inLanguage\":\"es\",\"@id\":\"https:\\\/\\\/biorius.com\\\/es\\\/cosmetic-news\\\/participacion-de-biorius-en-el-dia-de-los-proveedores-del-nyscc\\\/#primaryimage\",\"url\":\"https:\\\/\\\/biorius.com\\\/wp-content\\\/uploads\\\/2023\\\/10\\\/nysuppliersday.webp\",\"contentUrl\":\"https:\\\/\\\/biorius.com\\\/wp-content\\\/uploads\\\/2023\\\/10\\\/nysuppliersday.webp\",\"width\":657,\"height\":369},{\"@type\":\"BreadcrumbList\",\"@id\":\"https:\\\/\\\/biorius.com\\\/es\\\/cosmetic-news\\\/participacion-de-biorius-en-el-dia-de-los-proveedores-del-nyscc\\\/#breadcrumb\",\"itemListElement\":[{\"@type\":\"ListItem\",\"position\":1,\"name\":\"Inicio\",\"item\":\"https:\\\/\\\/biorius.com\\\/es\\\/\"},{\"@type\":\"ListItem\",\"position\":2,\"name\":\"Participaci\u00f3n de Biorius en el D\u00eda de los Proveedores del NYSCC\"}]},{\"@type\":\"WebSite\",\"@id\":\"https:\\\/\\\/biorius.com\\\/es\\\/#website\",\"url\":\"https:\\\/\\\/biorius.com\\\/es\\\/\",\"name\":\"Biorius\",\"description\":\"You create dreams we protect them\",\"potentialAction\":[{\"@type\":\"SearchAction\",\"target\":{\"@type\":\"EntryPoint\",\"urlTemplate\":\"https:\\\/\\\/biorius.com\\\/es\\\/?s={search_term_string}\"},\"query-input\":{\"@type\":\"PropertyValueSpecification\",\"valueRequired\":true,\"valueName\":\"search_term_string\"}}],\"inLanguage\":\"es\"},{\"@type\":\"Person\",\"@id\":\"https:\\\/\\\/biorius.com\\\/es\\\/#\\\/schema\\\/person\\\/118636d0af6db915f51e7a434d16faa3\",\"name\":\"nicolas.lenaers@biorius.com\",\"image\":{\"@type\":\"ImageObject\",\"inLanguage\":\"es\",\"@id\":\"https:\\\/\\\/secure.gravatar.com\\\/avatar\\\/3a520f0f485dafed9d1c4b410310d05d541c8291d6f54c1e0e2b3687906b3979?s=96&d=mm&r=gafd756382464e9b8c7dd55685562e5f5\",\"url\":\"https:\\\/\\\/secure.gravatar.com\\\/avatar\\\/3a520f0f485dafed9d1c4b410310d05d541c8291d6f54c1e0e2b3687906b3979?s=96&d=mm&r=g\",\"contentUrl\":\"https:\\\/\\\/secure.gravatar.com\\\/avatar\\\/3a520f0f485dafed9d1c4b410310d05d541c8291d6f54c1e0e2b3687906b3979?s=96&d=mm&r=g\",\"caption\":\"nicolas.lenaers@biorius.com\"},\"url\":\"https:\\\/\\\/biorius.com\\\/cosmetic-news\\\/author\\\/nicolas-lenaersbiorius-com\\\/\"}]}<\/script>\n<!-- \/ Yoast SEO plugin. -->","yoast_head_json":{"title":"Participaci\u00f3n de Biorius en el D\u00eda de los Proveedores del NYSCC - Biorius","description":"Biorius participar\u00e1 en el D\u00eda de los Proveedores de la NYSCC, Nueva York, del 2 al 3 de mayo de 2023, en el Centro de Convenciones Jacob K. Javits, stand n\u00ba 2013.","robots":{"index":"index","follow":"follow","max-snippet":"max-snippet:-1","max-image-preview":"max-image-preview:large","max-video-preview":"max-video-preview:-1"},"canonical":"https:\/\/biorius.com\/es\/cosmetic-news\/participacion-de-biorius-en-el-dia-de-los-proveedores-del-nyscc\/","og_locale":"es_ES","og_type":"article","og_title":"Participaci\u00f3n de Biorius en el D\u00eda de los Proveedores del NYSCC - Biorius","og_description":"Biorius participar\u00e1 en el D\u00eda de los Proveedores de la NYSCC, Nueva York, del 2 al 3 de mayo de 2023, en el Centro de Convenciones Jacob K. Javits, stand n\u00ba 2013.","og_url":"https:\/\/biorius.com\/es\/cosmetic-news\/participacion-de-biorius-en-el-dia-de-los-proveedores-del-nyscc\/","og_site_name":"Biorius","article_published_time":"2023-04-25T22:00:00+00:00","article_modified_time":"2024-05-08T09:42:41+00:00","og_image":[{"width":657,"height":369,"url":"https:\/\/biorius.com\/wp-content\/uploads\/2023\/10\/nysuppliersday.webp","type":"image\/png"}],"author":"nicolas.lenaers@biorius.com","twitter_card":"summary_large_image","twitter_misc":{"Escrito por":"nicolas.lenaers@biorius.com","Tiempo de lectura":"2 minutos"},"schema":{"@context":"https:\/\/schema.org","@graph":[{"@type":"Article","@id":"https:\/\/biorius.com\/es\/cosmetic-news\/participacion-de-biorius-en-el-dia-de-los-proveedores-del-nyscc\/#article","isPartOf":{"@id":"https:\/\/biorius.com\/es\/cosmetic-news\/participacion-de-biorius-en-el-dia-de-los-proveedores-del-nyscc\/"},"author":{"name":"nicolas.lenaers@biorius.com","@id":"https:\/\/biorius.com\/es\/#\/schema\/person\/118636d0af6db915f51e7a434d16faa3"},"headline":"Participaci\u00f3n de Biorius en el D\u00eda de los Proveedores del NYSCC","datePublished":"2023-04-25T22:00:00+00:00","dateModified":"2024-05-08T09:42:41+00:00","mainEntityOfPage":{"@id":"https:\/\/biorius.com\/es\/cosmetic-news\/participacion-de-biorius-en-el-dia-de-los-proveedores-del-nyscc\/"},"wordCount":392,"commentCount":0,"image":{"@id":"https:\/\/biorius.com\/es\/cosmetic-news\/participacion-de-biorius-en-el-dia-de-los-proveedores-del-nyscc\/#primaryimage"},"thumbnailUrl":"https:\/\/biorius.com\/wp-content\/uploads\/2023\/10\/nysuppliersday.webp","articleSection":["Reglamento Cosm\u00e9ticos"],"inLanguage":"es","potentialAction":[{"@type":"CommentAction","name":"Comment","target":["https:\/\/biorius.com\/es\/cosmetic-news\/participacion-de-biorius-en-el-dia-de-los-proveedores-del-nyscc\/#respond"]}]},{"@type":"WebPage","@id":"https:\/\/biorius.com\/es\/cosmetic-news\/participacion-de-biorius-en-el-dia-de-los-proveedores-del-nyscc\/","url":"https:\/\/biorius.com\/es\/cosmetic-news\/participacion-de-biorius-en-el-dia-de-los-proveedores-del-nyscc\/","name":"Participaci\u00f3n de Biorius en el D\u00eda de los Proveedores del NYSCC - Biorius","isPartOf":{"@id":"https:\/\/biorius.com\/es\/#website"},"primaryImageOfPage":{"@id":"https:\/\/biorius.com\/es\/cosmetic-news\/participacion-de-biorius-en-el-dia-de-los-proveedores-del-nyscc\/#primaryimage"},"image":{"@id":"https:\/\/biorius.com\/es\/cosmetic-news\/participacion-de-biorius-en-el-dia-de-los-proveedores-del-nyscc\/#primaryimage"},"thumbnailUrl":"https:\/\/biorius.com\/wp-content\/uploads\/2023\/10\/nysuppliersday.webp","datePublished":"2023-04-25T22:00:00+00:00","dateModified":"2024-05-08T09:42:41+00:00","author":{"@id":"https:\/\/biorius.com\/es\/#\/schema\/person\/118636d0af6db915f51e7a434d16faa3"},"description":"Biorius participar\u00e1 en el D\u00eda de los Proveedores de la NYSCC, Nueva York, del 2 al 3 de mayo de 2023, en el Centro de Convenciones Jacob K. Javits, stand n\u00ba 2013.","breadcrumb":{"@id":"https:\/\/biorius.com\/es\/cosmetic-news\/participacion-de-biorius-en-el-dia-de-los-proveedores-del-nyscc\/#breadcrumb"},"inLanguage":"es","potentialAction":[{"@type":"ReadAction","target":["https:\/\/biorius.com\/es\/cosmetic-news\/participacion-de-biorius-en-el-dia-de-los-proveedores-del-nyscc\/"]}]},{"@type":"ImageObject","inLanguage":"es","@id":"https:\/\/biorius.com\/es\/cosmetic-news\/participacion-de-biorius-en-el-dia-de-los-proveedores-del-nyscc\/#primaryimage","url":"https:\/\/biorius.com\/wp-content\/uploads\/2023\/10\/nysuppliersday.webp","contentUrl":"https:\/\/biorius.com\/wp-content\/uploads\/2023\/10\/nysuppliersday.webp","width":657,"height":369},{"@type":"BreadcrumbList","@id":"https:\/\/biorius.com\/es\/cosmetic-news\/participacion-de-biorius-en-el-dia-de-los-proveedores-del-nyscc\/#breadcrumb","itemListElement":[{"@type":"ListItem","position":1,"name":"Inicio","item":"https:\/\/biorius.com\/es\/"},{"@type":"ListItem","position":2,"name":"Participaci\u00f3n de Biorius en el D\u00eda de los Proveedores del NYSCC"}]},{"@type":"WebSite","@id":"https:\/\/biorius.com\/es\/#website","url":"https:\/\/biorius.com\/es\/","name":"Biorius","description":"You create dreams we protect them","potentialAction":[{"@type":"SearchAction","target":{"@type":"EntryPoint","urlTemplate":"https:\/\/biorius.com\/es\/?s={search_term_string}"},"query-input":{"@type":"PropertyValueSpecification","valueRequired":true,"valueName":"search_term_string"}}],"inLanguage":"es"},{"@type":"Person","@id":"https:\/\/biorius.com\/es\/#\/schema\/person\/118636d0af6db915f51e7a434d16faa3","name":"nicolas.lenaers@biorius.com","image":{"@type":"ImageObject","inLanguage":"es","@id":"https:\/\/secure.gravatar.com\/avatar\/3a520f0f485dafed9d1c4b410310d05d541c8291d6f54c1e0e2b3687906b3979?s=96&d=mm&r=gafd756382464e9b8c7dd55685562e5f5","url":"https:\/\/secure.gravatar.com\/avatar\/3a520f0f485dafed9d1c4b410310d05d541c8291d6f54c1e0e2b3687906b3979?s=96&d=mm&r=g","contentUrl":"https:\/\/secure.gravatar.com\/avatar\/3a520f0f485dafed9d1c4b410310d05d541c8291d6f54c1e0e2b3687906b3979?s=96&d=mm&r=g","caption":"nicolas.lenaers@biorius.com"},"url":"https:\/\/biorius.com\/cosmetic-news\/author\/nicolas-lenaersbiorius-com\/"}]}},"authors":[{"term_id":2340,"user_id":2,"is_guest":0,"slug":"nicolas-lenaersbiorius-com","display_name":"nicolas.lenaers@biorius.com","avatar_url":"https:\/\/secure.gravatar.com\/avatar\/3a520f0f485dafed9d1c4b410310d05d541c8291d6f54c1e0e2b3687906b3979?s=96&d=mm&r=g","0":null,"1":"","2":"","3":"","4":"","5":"","6":"","7":"","8":""}],"_links":{"self":[{"href":"https:\/\/biorius.com\/es\/wp-json\/wp\/v2\/posts\/49532","targetHints":{"allow":["GET"]}}],"collection":[{"href":"https:\/\/biorius.com\/es\/wp-json\/wp\/v2\/posts"}],"about":[{"href":"https:\/\/biorius.com\/es\/wp-json\/wp\/v2\/types\/post"}],"author":[{"embeddable":true,"href":"https:\/\/biorius.com\/es\/wp-json\/wp\/v2\/users\/2"}],"replies":[{"embeddable":true,"href":"https:\/\/biorius.com\/es\/wp-json\/wp\/v2\/comments?post=49532"}],"version-history":[{"count":0,"href":"https:\/\/biorius.com\/es\/wp-json\/wp\/v2\/posts\/49532\/revisions"}],"wp:featuredmedia":[{"embeddable":true,"href":"https:\/\/biorius.com\/es\/wp-json\/wp\/v2\/media\/47165"}],"wp:attachment":[{"href":"https:\/\/biorius.com\/es\/wp-json\/wp\/v2\/media?parent=49532"}],"wp:term":[{"taxonomy":"category","embeddable":true,"href":"https:\/\/biorius.com\/es\/wp-json\/wp\/v2\/categories?post=49532"},{"taxonomy":"post_tag","embeddable":true,"href":"https:\/\/biorius.com\/es\/wp-json\/wp\/v2\/tags?post=49532"},{"taxonomy":"author","embeddable":true,"href":"https:\/\/biorius.com\/es\/wp-json\/wp\/v2\/ppma_author?post=49532"}],"curies":[{"name":"wp","href":"https:\/\/api.w.org\/{rel}","templated":true}]}}