{"id":49273,"date":"2016-07-12T00:00:00","date_gmt":"2016-07-11T22:00:00","guid":{"rendered":"https:\/\/biorius.com\/cosmetic-news\/una-nueva-normativa-sobre-el-negro-de-humo-nano\/"},"modified":"2024-05-08T11:36:47","modified_gmt":"2024-05-08T09:36:47","slug":"una-nueva-normativa-sobre-el-negro-de-humo-nano","status":"publish","type":"post","link":"https:\/\/biorius.com\/es\/cosmetic-news\/una-nueva-normativa-sobre-el-negro-de-humo-nano\/","title":{"rendered":"Una nueva normativa sobre el negro de humo [Nano]"},"content":{"rendered":"\n<p>El 11 de julio de 2016, la Comisi\u00f3n de la UE public\u00f3 <a aria-label=\"undefined (opens in a new tab)\" href=\"https:\/\/eur-lex.europa.eu\/legal-content\/EN\/TXT\/PDF\/?uri=CELEX:32016R1120&amp;qid=1457527622505&amp;from=FR\" target=\"_blank\" rel=\"noreferrer noopener\">un nuevo acto legislativo (Reglamento UE n\u00ba 2016\/1120)<\/a>, cuyo objetivo es regular a\u00fan m\u00e1s el uso del negro de humo (tanto en su forma normal como nanom\u00e9trica) en los productos cosm\u00e9ticos. Esta nueva modificaci\u00f3n del Reglamento sobre cosm\u00e9ticos de la UE (CE n\u00ba 1223\/2009) entrar\u00e1 en vigor el 1 de agosto de 2016 y no prev\u00e9 ning\u00fan periodo transitorio, por lo que la aplicaci\u00f3n de los nuevos requisitos legales ser\u00e1 inmediata.<\/p>\n\n<p>Hasta ahora, el negro de humo estaba permitido en los productos cosm\u00e9ticos a trav\u00e9s de la entrada 126 del anexo IV y s\u00f3lo deb\u00edan respetarse los criterios de pureza previstos en <a aria-label=\"undefined (opens in a new tab)\" href=\"https:\/\/eur-lex.europa.eu\/legal-content\/EN\/TXT\/PDF\/?uri=CELEX:32012R0231&amp;qid=1468309859118&amp;from=FR\" target=\"_blank\" rel=\"noreferrer noopener\">el Reglamento UE n\u00ba 231\/2012<\/a> (v\u00e9ase E 153).<\/p>\n\n<p>Esta antigua entrada se ha dividido en dos nuevas entradas:<\/p>\n\n<ul class=\"wp-block-list\">\n<li>Entrada 126 para el negro de humo no nano: el uso de este colorante sigue siendo ilimitado, pero los criterios de pureza son ahora diferentes (y en cierto modo m\u00e1s estrictos):<\/li>\n<\/ul>\n\n<figure class=\"wp-block-table\"><table><tbody><tr><td><strong><span style=\"color: #93D500;\" class=\"ugb-highlight\">Criterios de pureza<\/span><\/strong><\/td><td><strong><span style=\"color: #93D500;\" class=\"ugb-highlight\">Requisitos anteriores<\/span><\/strong><\/td><td><strong><span style=\"color: #93D500;\" class=\"ugb-highlight\">Nuevos requisitos<\/span><\/strong><\/td><\/tr><tr><td><strong>Pureza<\/strong><\/td><td>95 %<\/td><td>97 %<\/td><\/tr><tr><td><strong>Contenido en cenizas<\/strong><\/td><td>\u2264 4 %<\/td><td>\u2264 0.15 %<\/td><\/tr><tr><td><strong>Benzo(a)pireno<\/strong><\/td><td>\u2264 50 ppb<\/td><td>\u2264 5 ppb<\/td><\/tr><tr><td><strong>Ars\u00e9nico<\/strong><\/td><td>\u2264 3 ppm<\/td><td>Idem<\/td><\/tr><tr><td><strong>Dirige<\/strong><\/td><td>\u2264 2 ppm<\/td><td>\u2264 10 ppm<\/td><\/tr><tr><td><strong>Mercurio<\/strong><\/td><td>\u2264 1 ppm<\/td><td>\u2264 1 ppm<\/td><\/tr><tr><td><strong>Cadmio<\/strong><\/td><td>\u2264 1 ppm<\/td><td>Sin especificaci\u00f3n<\/td><\/tr><tr><td><strong>HAP totales<\/strong><\/td><td>Sin especificaci\u00f3n<\/td><td>\u2264 500 ppb<\/td><\/tr><tr><td><strong>Dibenz(a,h)antraceno<\/strong><\/td><td>sin especificaci\u00f3n<\/td><td>\u2264 5 ppb<\/td><\/tr><\/tbody><\/table><\/figure>\n\n<ul class=\"wp-block-list\">\n<li>Entrada 126a para el negro de humo nano: el uso de este colorante est\u00e1 limitado al 10 % y tambi\u00e9n se aplican los criterios de pureza indicados anteriormente. Adem\u00e1s, deben cumplirse otras dos condiciones:\n<ul class=\"wp-block-list\">\n<li>No debe utilizarse en aplicaciones que puedan provocar la exposici\u00f3n de los pulmones del usuario final por inhalaci\u00f3n.<\/li>\n\n\n\n<li>Tama\u00f1o primario de las part\u00edculas \u2265 20 nm.<\/li>\n<\/ul>\n<\/li>\n<\/ul>\n\n<div class=\"wp-block-ugb-cta ugb-cta ugb-470ce70 ugb-cta ugb-cta--v2 ugb-cta--design-plain ugb-main-block\" id=\"\"><style>.ugb-470ce70 .ugb-button .ugb-button--inner{color:#93D500 !important}.ugb-470ce70 .ugb-button{border-color:#93D500 !important}.ugb-470ce70 .ugb-button:hover .ugb-button--inner{color:#93D500 !important}<\/style><div class=\"ugb-inner-block\"><div class=\"ugb-block-content\"><div class=\"ugb-cta__item\"><h3 class=\"ugb-cta__title\">\u00bfAlguna pregunta?<\/h3><div class=\"ugb-button-container\"><a class=\"ugb-button ugb-button--size-normal ugb-button--design-ghost\" href=\"https:\/\/biorius.com\/contact\/\" rel=\"\"><span class=\"ugb-button--inner\">Contacta con nosotros<\/span><\/a><\/div><\/div><\/div><\/div><\/div>\n","protected":false},"excerpt":{"rendered":"<p>El 11 de julio de 2016, la Comisi\u00f3n de la UE public\u00f3 un nuevo acto legislativo (Reglamento UE n\u00ba 2016\/1120), cuyo objetivo es regular a\u00fan&#8230;<\/p>\n","protected":false},"author":2,"featured_media":46597,"comment_status":"open","ping_status":"open","sticky":false,"template":"","format":"standard","meta":{"_acf_changed":false,"_coblocks_attr":"","_coblocks_dimensions":"","_coblocks_responsive_height":"","_coblocks_accordion_ie_support":"","footnotes":""},"categories":[2292],"tags":[],"ppma_author":[],"class_list":["post-49273","post","type-post","status-publish","format-standard","has-post-thumbnail","hentry","category-reglamento-cosmeticos"],"acf":[],"yoast_head":"<!-- This site is optimized with the Yoast SEO plugin v27.4 - https:\/\/yoast.com\/product\/yoast-seo-wordpress\/ -->\n<title>Nueva normativa sobre el negro de humo [Nano] - Biorius<\/title>\n<meta name=\"robots\" content=\"index, follow, max-snippet:-1, max-image-preview:large, max-video-preview:-1\" \/>\n<link rel=\"canonical\" href=\"https:\/\/biorius.com\/es\/cosmetic-news\/una-nueva-normativa-sobre-el-negro-de-humo-nano\/\" \/>\n<meta property=\"og:locale\" content=\"es_ES\" \/>\n<meta property=\"og:type\" content=\"article\" \/>\n<meta property=\"og:title\" content=\"Nueva normativa sobre el negro de humo [Nano] - Biorius\" \/>\n<meta property=\"og:description\" content=\"El 11 de julio de 2016, la Comisi\u00f3n de la UE public\u00f3 un nuevo acto legislativo (Reglamento UE n\u00ba 2016\/1120), cuyo objetivo es regular a\u00fan...\" \/>\n<meta property=\"og:url\" content=\"https:\/\/biorius.com\/es\/cosmetic-news\/una-nueva-normativa-sobre-el-negro-de-humo-nano\/\" \/>\n<meta property=\"og:site_name\" content=\"Biorius\" \/>\n<meta property=\"article:published_time\" content=\"2016-07-11T22:00:00+00:00\" \/>\n<meta property=\"article:modified_time\" content=\"2024-05-08T09:36:47+00:00\" \/>\n<meta property=\"og:image\" content=\"https:\/\/biorius.com\/wp-content\/uploads\/2023\/10\/books-1845614_1920.jpg\" \/>\n\t<meta property=\"og:image:width\" content=\"1920\" \/>\n\t<meta property=\"og:image:height\" content=\"1042\" \/>\n\t<meta property=\"og:image:type\" content=\"image\/jpeg\" \/>\n<meta name=\"author\" content=\"nicolas.lenaers@biorius.com\" \/>\n<meta name=\"twitter:card\" content=\"summary_large_image\" \/>\n<meta name=\"twitter:label1\" content=\"Escrito por\" \/>\n\t<meta name=\"twitter:data1\" content=\"nicolas.lenaers@biorius.com\" \/>\n\t<meta name=\"twitter:label2\" content=\"Tiempo de lectura\" \/>\n\t<meta name=\"twitter:data2\" content=\"1 minuto\" \/>\n<script type=\"application\/ld+json\" class=\"yoast-schema-graph\">{\"@context\":\"https:\\\/\\\/schema.org\",\"@graph\":[{\"@type\":\"Article\",\"@id\":\"https:\\\/\\\/biorius.com\\\/es\\\/cosmetic-news\\\/una-nueva-normativa-sobre-el-negro-de-humo-nano\\\/#article\",\"isPartOf\":{\"@id\":\"https:\\\/\\\/biorius.com\\\/es\\\/cosmetic-news\\\/una-nueva-normativa-sobre-el-negro-de-humo-nano\\\/\"},\"author\":{\"name\":\"nicolas.lenaers@biorius.com\",\"@id\":\"https:\\\/\\\/biorius.com\\\/es\\\/#\\\/schema\\\/person\\\/118636d0af6db915f51e7a434d16faa3\"},\"headline\":\"Una nueva normativa sobre el negro de humo [Nano]\",\"datePublished\":\"2016-07-11T22:00:00+00:00\",\"dateModified\":\"2024-05-08T09:36:47+00:00\",\"mainEntityOfPage\":{\"@id\":\"https:\\\/\\\/biorius.com\\\/es\\\/cosmetic-news\\\/una-nueva-normativa-sobre-el-negro-de-humo-nano\\\/\"},\"wordCount\":289,\"commentCount\":0,\"image\":{\"@id\":\"https:\\\/\\\/biorius.com\\\/es\\\/cosmetic-news\\\/una-nueva-normativa-sobre-el-negro-de-humo-nano\\\/#primaryimage\"},\"thumbnailUrl\":\"https:\\\/\\\/biorius.com\\\/wp-content\\\/uploads\\\/2023\\\/10\\\/books-1845614_1920.jpg\",\"articleSection\":[\"Reglamento Cosm\u00e9ticos\"],\"inLanguage\":\"es\",\"potentialAction\":[{\"@type\":\"CommentAction\",\"name\":\"Comment\",\"target\":[\"https:\\\/\\\/biorius.com\\\/es\\\/cosmetic-news\\\/una-nueva-normativa-sobre-el-negro-de-humo-nano\\\/#respond\"]}]},{\"@type\":\"WebPage\",\"@id\":\"https:\\\/\\\/biorius.com\\\/es\\\/cosmetic-news\\\/una-nueva-normativa-sobre-el-negro-de-humo-nano\\\/\",\"url\":\"https:\\\/\\\/biorius.com\\\/es\\\/cosmetic-news\\\/una-nueva-normativa-sobre-el-negro-de-humo-nano\\\/\",\"name\":\"Nueva normativa sobre el negro de humo [Nano] - Biorius\",\"isPartOf\":{\"@id\":\"https:\\\/\\\/biorius.com\\\/es\\\/#website\"},\"primaryImageOfPage\":{\"@id\":\"https:\\\/\\\/biorius.com\\\/es\\\/cosmetic-news\\\/una-nueva-normativa-sobre-el-negro-de-humo-nano\\\/#primaryimage\"},\"image\":{\"@id\":\"https:\\\/\\\/biorius.com\\\/es\\\/cosmetic-news\\\/una-nueva-normativa-sobre-el-negro-de-humo-nano\\\/#primaryimage\"},\"thumbnailUrl\":\"https:\\\/\\\/biorius.com\\\/wp-content\\\/uploads\\\/2023\\\/10\\\/books-1845614_1920.jpg\",\"datePublished\":\"2016-07-11T22:00:00+00:00\",\"dateModified\":\"2024-05-08T09:36:47+00:00\",\"author\":{\"@id\":\"https:\\\/\\\/biorius.com\\\/es\\\/#\\\/schema\\\/person\\\/118636d0af6db915f51e7a434d16faa3\"},\"breadcrumb\":{\"@id\":\"https:\\\/\\\/biorius.com\\\/es\\\/cosmetic-news\\\/una-nueva-normativa-sobre-el-negro-de-humo-nano\\\/#breadcrumb\"},\"inLanguage\":\"es\",\"potentialAction\":[{\"@type\":\"ReadAction\",\"target\":[\"https:\\\/\\\/biorius.com\\\/es\\\/cosmetic-news\\\/una-nueva-normativa-sobre-el-negro-de-humo-nano\\\/\"]}]},{\"@type\":\"ImageObject\",\"inLanguage\":\"es\",\"@id\":\"https:\\\/\\\/biorius.com\\\/es\\\/cosmetic-news\\\/una-nueva-normativa-sobre-el-negro-de-humo-nano\\\/#primaryimage\",\"url\":\"https:\\\/\\\/biorius.com\\\/wp-content\\\/uploads\\\/2023\\\/10\\\/books-1845614_1920.jpg\",\"contentUrl\":\"https:\\\/\\\/biorius.com\\\/wp-content\\\/uploads\\\/2023\\\/10\\\/books-1845614_1920.jpg\",\"width\":1920,\"height\":1042,\"caption\":\"Discover how the 2019 Omnibus Regulation impacts cosmetics, including new restrictions on Salicylic Acid and updates on prohibited substances.\"},{\"@type\":\"BreadcrumbList\",\"@id\":\"https:\\\/\\\/biorius.com\\\/es\\\/cosmetic-news\\\/una-nueva-normativa-sobre-el-negro-de-humo-nano\\\/#breadcrumb\",\"itemListElement\":[{\"@type\":\"ListItem\",\"position\":1,\"name\":\"Inicio\",\"item\":\"https:\\\/\\\/biorius.com\\\/es\\\/\"},{\"@type\":\"ListItem\",\"position\":2,\"name\":\"Una nueva normativa sobre el negro de humo [Nano]\"}]},{\"@type\":\"WebSite\",\"@id\":\"https:\\\/\\\/biorius.com\\\/es\\\/#website\",\"url\":\"https:\\\/\\\/biorius.com\\\/es\\\/\",\"name\":\"Biorius\",\"description\":\"You create dreams we protect them\",\"potentialAction\":[{\"@type\":\"SearchAction\",\"target\":{\"@type\":\"EntryPoint\",\"urlTemplate\":\"https:\\\/\\\/biorius.com\\\/es\\\/?s={search_term_string}\"},\"query-input\":{\"@type\":\"PropertyValueSpecification\",\"valueRequired\":true,\"valueName\":\"search_term_string\"}}],\"inLanguage\":\"es\"},{\"@type\":\"Person\",\"@id\":\"https:\\\/\\\/biorius.com\\\/es\\\/#\\\/schema\\\/person\\\/118636d0af6db915f51e7a434d16faa3\",\"name\":\"nicolas.lenaers@biorius.com\",\"image\":{\"@type\":\"ImageObject\",\"inLanguage\":\"es\",\"@id\":\"https:\\\/\\\/secure.gravatar.com\\\/avatar\\\/3a520f0f485dafed9d1c4b410310d05d541c8291d6f54c1e0e2b3687906b3979?s=96&d=mm&r=gafd756382464e9b8c7dd55685562e5f5\",\"url\":\"https:\\\/\\\/secure.gravatar.com\\\/avatar\\\/3a520f0f485dafed9d1c4b410310d05d541c8291d6f54c1e0e2b3687906b3979?s=96&d=mm&r=g\",\"contentUrl\":\"https:\\\/\\\/secure.gravatar.com\\\/avatar\\\/3a520f0f485dafed9d1c4b410310d05d541c8291d6f54c1e0e2b3687906b3979?s=96&d=mm&r=g\",\"caption\":\"nicolas.lenaers@biorius.com\"},\"url\":\"https:\\\/\\\/biorius.com\\\/es\\\/cosmetic-news\\\/author\\\/nicolas-lenaersbiorius-com\\\/\"}]}<\/script>\n<!-- \/ Yoast SEO plugin. -->","yoast_head_json":{"title":"Nueva normativa sobre el negro de humo [Nano] - Biorius","robots":{"index":"index","follow":"follow","max-snippet":"max-snippet:-1","max-image-preview":"max-image-preview:large","max-video-preview":"max-video-preview:-1"},"canonical":"https:\/\/biorius.com\/es\/cosmetic-news\/una-nueva-normativa-sobre-el-negro-de-humo-nano\/","og_locale":"es_ES","og_type":"article","og_title":"Nueva normativa sobre el negro de humo [Nano] - Biorius","og_description":"El 11 de julio de 2016, la Comisi\u00f3n de la UE public\u00f3 un nuevo acto legislativo (Reglamento UE n\u00ba 2016\/1120), cuyo objetivo es regular a\u00fan...","og_url":"https:\/\/biorius.com\/es\/cosmetic-news\/una-nueva-normativa-sobre-el-negro-de-humo-nano\/","og_site_name":"Biorius","article_published_time":"2016-07-11T22:00:00+00:00","article_modified_time":"2024-05-08T09:36:47+00:00","og_image":[{"width":1920,"height":1042,"url":"https:\/\/biorius.com\/wp-content\/uploads\/2023\/10\/books-1845614_1920.jpg","type":"image\/jpeg"}],"author":"nicolas.lenaers@biorius.com","twitter_card":"summary_large_image","twitter_misc":{"Escrito por":"nicolas.lenaers@biorius.com","Tiempo de lectura":"1 minuto"},"schema":{"@context":"https:\/\/schema.org","@graph":[{"@type":"Article","@id":"https:\/\/biorius.com\/es\/cosmetic-news\/una-nueva-normativa-sobre-el-negro-de-humo-nano\/#article","isPartOf":{"@id":"https:\/\/biorius.com\/es\/cosmetic-news\/una-nueva-normativa-sobre-el-negro-de-humo-nano\/"},"author":{"name":"nicolas.lenaers@biorius.com","@id":"https:\/\/biorius.com\/es\/#\/schema\/person\/118636d0af6db915f51e7a434d16faa3"},"headline":"Una nueva normativa sobre el negro de humo [Nano]","datePublished":"2016-07-11T22:00:00+00:00","dateModified":"2024-05-08T09:36:47+00:00","mainEntityOfPage":{"@id":"https:\/\/biorius.com\/es\/cosmetic-news\/una-nueva-normativa-sobre-el-negro-de-humo-nano\/"},"wordCount":289,"commentCount":0,"image":{"@id":"https:\/\/biorius.com\/es\/cosmetic-news\/una-nueva-normativa-sobre-el-negro-de-humo-nano\/#primaryimage"},"thumbnailUrl":"https:\/\/biorius.com\/wp-content\/uploads\/2023\/10\/books-1845614_1920.jpg","articleSection":["Reglamento Cosm\u00e9ticos"],"inLanguage":"es","potentialAction":[{"@type":"CommentAction","name":"Comment","target":["https:\/\/biorius.com\/es\/cosmetic-news\/una-nueva-normativa-sobre-el-negro-de-humo-nano\/#respond"]}]},{"@type":"WebPage","@id":"https:\/\/biorius.com\/es\/cosmetic-news\/una-nueva-normativa-sobre-el-negro-de-humo-nano\/","url":"https:\/\/biorius.com\/es\/cosmetic-news\/una-nueva-normativa-sobre-el-negro-de-humo-nano\/","name":"Nueva normativa sobre el negro de humo [Nano] - Biorius","isPartOf":{"@id":"https:\/\/biorius.com\/es\/#website"},"primaryImageOfPage":{"@id":"https:\/\/biorius.com\/es\/cosmetic-news\/una-nueva-normativa-sobre-el-negro-de-humo-nano\/#primaryimage"},"image":{"@id":"https:\/\/biorius.com\/es\/cosmetic-news\/una-nueva-normativa-sobre-el-negro-de-humo-nano\/#primaryimage"},"thumbnailUrl":"https:\/\/biorius.com\/wp-content\/uploads\/2023\/10\/books-1845614_1920.jpg","datePublished":"2016-07-11T22:00:00+00:00","dateModified":"2024-05-08T09:36:47+00:00","author":{"@id":"https:\/\/biorius.com\/es\/#\/schema\/person\/118636d0af6db915f51e7a434d16faa3"},"breadcrumb":{"@id":"https:\/\/biorius.com\/es\/cosmetic-news\/una-nueva-normativa-sobre-el-negro-de-humo-nano\/#breadcrumb"},"inLanguage":"es","potentialAction":[{"@type":"ReadAction","target":["https:\/\/biorius.com\/es\/cosmetic-news\/una-nueva-normativa-sobre-el-negro-de-humo-nano\/"]}]},{"@type":"ImageObject","inLanguage":"es","@id":"https:\/\/biorius.com\/es\/cosmetic-news\/una-nueva-normativa-sobre-el-negro-de-humo-nano\/#primaryimage","url":"https:\/\/biorius.com\/wp-content\/uploads\/2023\/10\/books-1845614_1920.jpg","contentUrl":"https:\/\/biorius.com\/wp-content\/uploads\/2023\/10\/books-1845614_1920.jpg","width":1920,"height":1042,"caption":"Discover how the 2019 Omnibus Regulation impacts cosmetics, including new restrictions on Salicylic Acid and updates on prohibited substances."},{"@type":"BreadcrumbList","@id":"https:\/\/biorius.com\/es\/cosmetic-news\/una-nueva-normativa-sobre-el-negro-de-humo-nano\/#breadcrumb","itemListElement":[{"@type":"ListItem","position":1,"name":"Inicio","item":"https:\/\/biorius.com\/es\/"},{"@type":"ListItem","position":2,"name":"Una nueva normativa sobre el negro de humo [Nano]"}]},{"@type":"WebSite","@id":"https:\/\/biorius.com\/es\/#website","url":"https:\/\/biorius.com\/es\/","name":"Biorius","description":"You create dreams we protect them","potentialAction":[{"@type":"SearchAction","target":{"@type":"EntryPoint","urlTemplate":"https:\/\/biorius.com\/es\/?s={search_term_string}"},"query-input":{"@type":"PropertyValueSpecification","valueRequired":true,"valueName":"search_term_string"}}],"inLanguage":"es"},{"@type":"Person","@id":"https:\/\/biorius.com\/es\/#\/schema\/person\/118636d0af6db915f51e7a434d16faa3","name":"nicolas.lenaers@biorius.com","image":{"@type":"ImageObject","inLanguage":"es","@id":"https:\/\/secure.gravatar.com\/avatar\/3a520f0f485dafed9d1c4b410310d05d541c8291d6f54c1e0e2b3687906b3979?s=96&d=mm&r=gafd756382464e9b8c7dd55685562e5f5","url":"https:\/\/secure.gravatar.com\/avatar\/3a520f0f485dafed9d1c4b410310d05d541c8291d6f54c1e0e2b3687906b3979?s=96&d=mm&r=g","contentUrl":"https:\/\/secure.gravatar.com\/avatar\/3a520f0f485dafed9d1c4b410310d05d541c8291d6f54c1e0e2b3687906b3979?s=96&d=mm&r=g","caption":"nicolas.lenaers@biorius.com"},"url":"https:\/\/biorius.com\/es\/cosmetic-news\/author\/nicolas-lenaersbiorius-com\/"}]}},"authors":[{"term_id":2340,"user_id":2,"is_guest":0,"slug":"nicolas-lenaersbiorius-com","display_name":"nicolas.lenaers@biorius.com","avatar_url":"https:\/\/secure.gravatar.com\/avatar\/3a520f0f485dafed9d1c4b410310d05d541c8291d6f54c1e0e2b3687906b3979?s=96&d=mm&r=g","0":null,"1":"","2":"","3":"","4":"","5":"","6":"","7":"","8":""}],"_links":{"self":[{"href":"https:\/\/biorius.com\/es\/wp-json\/wp\/v2\/posts\/49273","targetHints":{"allow":["GET"]}}],"collection":[{"href":"https:\/\/biorius.com\/es\/wp-json\/wp\/v2\/posts"}],"about":[{"href":"https:\/\/biorius.com\/es\/wp-json\/wp\/v2\/types\/post"}],"author":[{"embeddable":true,"href":"https:\/\/biorius.com\/es\/wp-json\/wp\/v2\/users\/2"}],"replies":[{"embeddable":true,"href":"https:\/\/biorius.com\/es\/wp-json\/wp\/v2\/comments?post=49273"}],"version-history":[{"count":0,"href":"https:\/\/biorius.com\/es\/wp-json\/wp\/v2\/posts\/49273\/revisions"}],"wp:featuredmedia":[{"embeddable":true,"href":"https:\/\/biorius.com\/es\/wp-json\/wp\/v2\/media\/46597"}],"wp:attachment":[{"href":"https:\/\/biorius.com\/es\/wp-json\/wp\/v2\/media?parent=49273"}],"wp:term":[{"taxonomy":"category","embeddable":true,"href":"https:\/\/biorius.com\/es\/wp-json\/wp\/v2\/categories?post=49273"},{"taxonomy":"post_tag","embeddable":true,"href":"https:\/\/biorius.com\/es\/wp-json\/wp\/v2\/tags?post=49273"},{"taxonomy":"author","embeddable":true,"href":"https:\/\/biorius.com\/es\/wp-json\/wp\/v2\/ppma_author?post=49273"}],"curies":[{"name":"wp","href":"https:\/\/api.w.org\/{rel}","templated":true}]}}