{"id":49194,"date":"2019-05-18T00:00:00","date_gmt":"2019-05-17T22:00:00","guid":{"rendered":"https:\/\/biorius.com\/cosmetic-news\/prohibicion-de-la-2-cloro-p-fenilendiamina\/"},"modified":"2025-01-13T10:00:04","modified_gmt":"2025-01-13T09:00:04","slug":"prohibicion-de-la-2-cloro-p-fenilendiamina","status":"publish","type":"post","link":"https:\/\/biorius.com\/es\/cosmetic-news\/prohibicion-de-la-2-cloro-p-fenilendiamina\/","title":{"rendered":"Prohibici\u00f3n de la 2-cloro-p-fenilendiamina"},"content":{"rendered":"&#13;\n<p>La 2-cloro-p-fenilendiamina (CAS 615-66-7), incluidas sus sales de sulfato (CAS 61702-44-1) y dihidrocloruro (CAS 615-46-3), se utiliza en f\u00f3rmulas para colorear cejas y pesta\u00f1as. El Comit\u00e9 Cient\u00edfico de Seguridad de los Consumidores (CCSC) evalu\u00f3 la sustancia y no consider\u00f3 seguro su uso para el consumidor en productos para te\u00f1ir el cabello, incluidos los productos para te\u00f1ir las cejas y los productos para te\u00f1ir las pesta\u00f1as. Su potencial genot\u00f3xico y sus insuficientes m\u00e1rgenes de seguridad fueron la base de esta conclusi\u00f3n. Como consecuencia, la Comisi\u00f3n Europea adopt\u00f3 una<a href=\"https:\/\/eur-lex.europa.eu\/legal-content\/EN\/TXT\/PDF\/?uri=CELEX:32019R0681&amp;from=EN\"> modificaci\u00f3n del Reglamento Europeo sobre Cosm\u00e9ticos<\/a> para prohibir esta sustancia y sus sales.<br\/><br\/>La Comisi\u00f3n Europea ha concedido periodos transitorios para la prohibici\u00f3n de esta sustancia en los productos cosm\u00e9ticos:<\/p>&#13;\n\r\n<ul class=\"wp-block-list\">&#13;\n<li>A partir del 22 de noviembre de 2019, los productos para te\u00f1ir el pelo, incluidos los productos para te\u00f1ir las cejas, y los productos para te\u00f1ir las pesta\u00f1as que contengan esas sustancias no podr\u00e1n comercializarse en el mercado de la Uni\u00f3n.<\/li>&#13;\n\r\n\r\n&#13;\n<li>A partir del 22 de febrero de 2020, los productos para te\u00f1ir el cabello, incluidos los productos para te\u00f1ir las cejas, y los productos para te\u00f1ir las pesta\u00f1as que contengan esas sustancias no podr\u00e1n comercializarse en el mercado de la Uni\u00f3n&#8221;.<\/li>&#13;\n<\/ul>\r\n&#13;\n<p>En el contexto de los cosm\u00e9ticos no fabricados en la UE, &#8220;comercializados&#8221; significa &#8220;importados&#8221;. Los productos que hayan entrado en el territorio de la UE antes de la fecha l\u00edmite del 22 de noviembre de 2019 y ya est\u00e9n notificados en el CPNP podr\u00e1n venderse hasta el 22 de febrero de 2020. Sin embargo, los productos que no hayan pasado la aduana de la UE antes del 22 de noviembre de 2019 ya no podr\u00e1n venderse.<\/p>&#13;\n\n<div id=\"\" class=\"wp-block-ugb-cta ugb-cta ugb-8c89dba ugb-cta ugb-cta--v2 ugb-cta--design-plain ugb-main-block\"><style>.ugb-8c89dba .ugb-button .ugb-button--inner{color:#93D500 !important}.ugb-8c89dba .ugb-button{border-color:#93D500 !important}.ugb-8c89dba .ugb-button:hover .ugb-button--inner{color:#93D500 !important}<\/style>\n<div class=\"ugb-inner-block\">\n<div class=\"ugb-block-content\">\n<div class=\"ugb-cta__item\">\n<h3 class=\"ugb-cta__title\">\u00bfAlguna pregunta?<\/h3>\n<div class=\"ugb-button-container\"><a class=\"ugb-button ugb-button--size-normal ugb-button--design-ghost\" href=\"https:\/\/biorius.com\/es\/ponte-en-contacto-con\/\" rel=\"\"><span class=\"ugb-button--inner\">Contacta con nosotros<\/span><\/a><\/div>\n<\/div>\n<\/div>\n<\/div>\n<\/div>\n","protected":false},"excerpt":{"rendered":"<p>&#13; La 2-cloro-p-fenilendiamina (CAS 615-66-7), incluidas sus sales de sulfato (CAS 61702-44-1) y dihidrocloruro (CAS 615-46-3), se utiliza en f\u00f3rmulas para colorear cejas y pesta\u00f1as&#8230;.<\/p>\n","protected":false},"author":2,"featured_media":46597,"comment_status":"open","ping_status":"open","sticky":false,"template":"","format":"standard","meta":{"_acf_changed":false,"_coblocks_attr":"","_coblocks_dimensions":"","_coblocks_responsive_height":"","_coblocks_accordion_ie_support":"","footnotes":""},"categories":[2292],"tags":[],"ppma_author":[2288],"class_list":["post-49194","post","type-post","status-publish","format-standard","has-post-thumbnail","hentry","category-reglamento-cosmeticos","author-christophe-brault-chevalier"],"acf":[],"yoast_head":"<!-- This site is optimized with the Yoast SEO plugin v27.5 - https:\/\/yoast.com\/product\/yoast-seo-wordpress\/ -->\n<title>Prohibici\u00f3n de la 2-cloro-p-fenilendiamina - Biorius<\/title>\n<meta name=\"description\" content=\"La 2-cloro-p-fenilendiamina y sus sales est\u00e1n prohibidas en la UE debido a sus riesgos genot\u00f3xicos. Inf\u00f3rmate con Biorius sobre los periodos transitorios y los pasos para su cumplimiento.\" \/>\n<meta name=\"robots\" content=\"index, follow, max-snippet:-1, max-image-preview:large, max-video-preview:-1\" \/>\n<link rel=\"canonical\" href=\"https:\/\/biorius.com\/es\/cosmetic-news\/prohibicion-de-la-2-cloro-p-fenilendiamina\/\" \/>\n<meta property=\"og:locale\" content=\"es_ES\" \/>\n<meta property=\"og:type\" content=\"article\" \/>\n<meta property=\"og:title\" content=\"Prohibici\u00f3n de la 2-cloro-p-fenilendiamina - Biorius\" \/>\n<meta property=\"og:description\" content=\"La 2-cloro-p-fenilendiamina y sus sales est\u00e1n prohibidas en la UE debido a sus riesgos genot\u00f3xicos. Inf\u00f3rmate con Biorius sobre los periodos transitorios y los pasos para su cumplimiento.\" \/>\n<meta property=\"og:url\" content=\"https:\/\/biorius.com\/es\/cosmetic-news\/prohibicion-de-la-2-cloro-p-fenilendiamina\/\" \/>\n<meta property=\"og:site_name\" content=\"Biorius\" \/>\n<meta property=\"article:published_time\" content=\"2019-05-17T22:00:00+00:00\" \/>\n<meta property=\"article:modified_time\" content=\"2025-01-13T09:00:04+00:00\" \/>\n<meta property=\"og:image\" content=\"https:\/\/biorius.com\/wp-content\/uploads\/2023\/10\/books-1845614_1920.jpg\" \/>\n\t<meta property=\"og:image:width\" content=\"1920\" \/>\n\t<meta property=\"og:image:height\" content=\"1042\" \/>\n\t<meta property=\"og:image:type\" content=\"image\/jpeg\" \/>\n<meta name=\"author\" content=\"Christophe Brault-Chevalier\" \/>\n<meta name=\"twitter:card\" content=\"summary_large_image\" \/>\n<meta name=\"twitter:label1\" content=\"Escrito por\" \/>\n\t<meta name=\"twitter:data1\" content=\"nicolas.lenaers@biorius.com\" \/>\n\t<meta name=\"twitter:label2\" content=\"Tiempo de lectura\" \/>\n\t<meta name=\"twitter:data2\" content=\"2 minutos\" \/>\n<script type=\"application\/ld+json\" class=\"yoast-schema-graph\">{\"@context\":\"https:\\\/\\\/schema.org\",\"@graph\":[{\"@type\":\"Article\",\"@id\":\"https:\\\/\\\/biorius.com\\\/es\\\/cosmetic-news\\\/prohibicion-de-la-2-cloro-p-fenilendiamina\\\/#article\",\"isPartOf\":{\"@id\":\"https:\\\/\\\/biorius.com\\\/es\\\/cosmetic-news\\\/prohibicion-de-la-2-cloro-p-fenilendiamina\\\/\"},\"author\":{\"name\":\"nicolas.lenaers@biorius.com\",\"@id\":\"https:\\\/\\\/biorius.com\\\/es\\\/#\\\/schema\\\/person\\\/118636d0af6db915f51e7a434d16faa3\"},\"headline\":\"Prohibici\u00f3n de la 2-cloro-p-fenilendiamina\",\"datePublished\":\"2019-05-17T22:00:00+00:00\",\"dateModified\":\"2025-01-13T09:00:04+00:00\",\"mainEntityOfPage\":{\"@id\":\"https:\\\/\\\/biorius.com\\\/es\\\/cosmetic-news\\\/prohibicion-de-la-2-cloro-p-fenilendiamina\\\/\"},\"wordCount\":311,\"commentCount\":0,\"image\":{\"@id\":\"https:\\\/\\\/biorius.com\\\/es\\\/cosmetic-news\\\/prohibicion-de-la-2-cloro-p-fenilendiamina\\\/#primaryimage\"},\"thumbnailUrl\":\"https:\\\/\\\/biorius.com\\\/wp-content\\\/uploads\\\/2023\\\/10\\\/books-1845614_1920.jpg\",\"articleSection\":[\"Reglamento Cosm\u00e9ticos\"],\"inLanguage\":\"es\",\"potentialAction\":[{\"@type\":\"CommentAction\",\"name\":\"Comment\",\"target\":[\"https:\\\/\\\/biorius.com\\\/es\\\/cosmetic-news\\\/prohibicion-de-la-2-cloro-p-fenilendiamina\\\/#respond\"]}]},{\"@type\":\"WebPage\",\"@id\":\"https:\\\/\\\/biorius.com\\\/es\\\/cosmetic-news\\\/prohibicion-de-la-2-cloro-p-fenilendiamina\\\/\",\"url\":\"https:\\\/\\\/biorius.com\\\/es\\\/cosmetic-news\\\/prohibicion-de-la-2-cloro-p-fenilendiamina\\\/\",\"name\":\"Prohibici\u00f3n de la 2-cloro-p-fenilendiamina - Biorius\",\"isPartOf\":{\"@id\":\"https:\\\/\\\/biorius.com\\\/es\\\/#website\"},\"primaryImageOfPage\":{\"@id\":\"https:\\\/\\\/biorius.com\\\/es\\\/cosmetic-news\\\/prohibicion-de-la-2-cloro-p-fenilendiamina\\\/#primaryimage\"},\"image\":{\"@id\":\"https:\\\/\\\/biorius.com\\\/es\\\/cosmetic-news\\\/prohibicion-de-la-2-cloro-p-fenilendiamina\\\/#primaryimage\"},\"thumbnailUrl\":\"https:\\\/\\\/biorius.com\\\/wp-content\\\/uploads\\\/2023\\\/10\\\/books-1845614_1920.jpg\",\"datePublished\":\"2019-05-17T22:00:00+00:00\",\"dateModified\":\"2025-01-13T09:00:04+00:00\",\"author\":{\"@id\":\"https:\\\/\\\/biorius.com\\\/es\\\/#\\\/schema\\\/person\\\/118636d0af6db915f51e7a434d16faa3\"},\"description\":\"La 2-cloro-p-fenilendiamina y sus sales est\u00e1n prohibidas en la UE debido a sus riesgos genot\u00f3xicos. Inf\u00f3rmate con Biorius sobre los periodos transitorios y los pasos para su cumplimiento.\",\"breadcrumb\":{\"@id\":\"https:\\\/\\\/biorius.com\\\/es\\\/cosmetic-news\\\/prohibicion-de-la-2-cloro-p-fenilendiamina\\\/#breadcrumb\"},\"inLanguage\":\"es\",\"potentialAction\":[{\"@type\":\"ReadAction\",\"target\":[\"https:\\\/\\\/biorius.com\\\/es\\\/cosmetic-news\\\/prohibicion-de-la-2-cloro-p-fenilendiamina\\\/\"]}]},{\"@type\":\"ImageObject\",\"inLanguage\":\"es\",\"@id\":\"https:\\\/\\\/biorius.com\\\/es\\\/cosmetic-news\\\/prohibicion-de-la-2-cloro-p-fenilendiamina\\\/#primaryimage\",\"url\":\"https:\\\/\\\/biorius.com\\\/wp-content\\\/uploads\\\/2023\\\/10\\\/books-1845614_1920.jpg\",\"contentUrl\":\"https:\\\/\\\/biorius.com\\\/wp-content\\\/uploads\\\/2023\\\/10\\\/books-1845614_1920.jpg\",\"width\":1920,\"height\":1042,\"caption\":\"Discover how the 2019 Omnibus Regulation impacts cosmetics, including new restrictions on Salicylic Acid and updates on prohibited substances.\"},{\"@type\":\"BreadcrumbList\",\"@id\":\"https:\\\/\\\/biorius.com\\\/es\\\/cosmetic-news\\\/prohibicion-de-la-2-cloro-p-fenilendiamina\\\/#breadcrumb\",\"itemListElement\":[{\"@type\":\"ListItem\",\"position\":1,\"name\":\"Inicio\",\"item\":\"https:\\\/\\\/biorius.com\\\/es\\\/\"},{\"@type\":\"ListItem\",\"position\":2,\"name\":\"Prohibici\u00f3n de la 2-cloro-p-fenilendiamina\"}]},{\"@type\":\"WebSite\",\"@id\":\"https:\\\/\\\/biorius.com\\\/es\\\/#website\",\"url\":\"https:\\\/\\\/biorius.com\\\/es\\\/\",\"name\":\"Biorius\",\"description\":\"You create dreams we protect them\",\"potentialAction\":[{\"@type\":\"SearchAction\",\"target\":{\"@type\":\"EntryPoint\",\"urlTemplate\":\"https:\\\/\\\/biorius.com\\\/es\\\/?s={search_term_string}\"},\"query-input\":{\"@type\":\"PropertyValueSpecification\",\"valueRequired\":true,\"valueName\":\"search_term_string\"}}],\"inLanguage\":\"es\"},{\"@type\":\"Person\",\"@id\":\"https:\\\/\\\/biorius.com\\\/es\\\/#\\\/schema\\\/person\\\/118636d0af6db915f51e7a434d16faa3\",\"name\":\"nicolas.lenaers@biorius.com\",\"image\":{\"@type\":\"ImageObject\",\"inLanguage\":\"es\",\"@id\":\"https:\\\/\\\/secure.gravatar.com\\\/avatar\\\/3a520f0f485dafed9d1c4b410310d05d541c8291d6f54c1e0e2b3687906b3979?s=96&d=mm&r=gafd756382464e9b8c7dd55685562e5f5\",\"url\":\"https:\\\/\\\/secure.gravatar.com\\\/avatar\\\/3a520f0f485dafed9d1c4b410310d05d541c8291d6f54c1e0e2b3687906b3979?s=96&d=mm&r=g\",\"contentUrl\":\"https:\\\/\\\/secure.gravatar.com\\\/avatar\\\/3a520f0f485dafed9d1c4b410310d05d541c8291d6f54c1e0e2b3687906b3979?s=96&d=mm&r=g\",\"caption\":\"nicolas.lenaers@biorius.com\"},\"url\":\"https:\\\/\\\/biorius.com\\\/es\\\/cosmetic-news\\\/author\\\/nicolas-lenaersbiorius-com\\\/\"}]}<\/script>\n<!-- \/ Yoast SEO plugin. -->","yoast_head_json":{"title":"Prohibici\u00f3n de la 2-cloro-p-fenilendiamina - Biorius","description":"La 2-cloro-p-fenilendiamina y sus sales est\u00e1n prohibidas en la UE debido a sus riesgos genot\u00f3xicos. Inf\u00f3rmate con Biorius sobre los periodos transitorios y los pasos para su cumplimiento.","robots":{"index":"index","follow":"follow","max-snippet":"max-snippet:-1","max-image-preview":"max-image-preview:large","max-video-preview":"max-video-preview:-1"},"canonical":"https:\/\/biorius.com\/es\/cosmetic-news\/prohibicion-de-la-2-cloro-p-fenilendiamina\/","og_locale":"es_ES","og_type":"article","og_title":"Prohibici\u00f3n de la 2-cloro-p-fenilendiamina - Biorius","og_description":"La 2-cloro-p-fenilendiamina y sus sales est\u00e1n prohibidas en la UE debido a sus riesgos genot\u00f3xicos. Inf\u00f3rmate con Biorius sobre los periodos transitorios y los pasos para su cumplimiento.","og_url":"https:\/\/biorius.com\/es\/cosmetic-news\/prohibicion-de-la-2-cloro-p-fenilendiamina\/","og_site_name":"Biorius","article_published_time":"2019-05-17T22:00:00+00:00","article_modified_time":"2025-01-13T09:00:04+00:00","og_image":[{"width":1920,"height":1042,"url":"https:\/\/biorius.com\/wp-content\/uploads\/2023\/10\/books-1845614_1920.jpg","type":"image\/jpeg"}],"author":"Christophe Brault-Chevalier","twitter_card":"summary_large_image","twitter_misc":{"Escrito por":"nicolas.lenaers@biorius.com","Tiempo de lectura":"2 minutos"},"schema":{"@context":"https:\/\/schema.org","@graph":[{"@type":"Article","@id":"https:\/\/biorius.com\/es\/cosmetic-news\/prohibicion-de-la-2-cloro-p-fenilendiamina\/#article","isPartOf":{"@id":"https:\/\/biorius.com\/es\/cosmetic-news\/prohibicion-de-la-2-cloro-p-fenilendiamina\/"},"author":{"name":"nicolas.lenaers@biorius.com","@id":"https:\/\/biorius.com\/es\/#\/schema\/person\/118636d0af6db915f51e7a434d16faa3"},"headline":"Prohibici\u00f3n de la 2-cloro-p-fenilendiamina","datePublished":"2019-05-17T22:00:00+00:00","dateModified":"2025-01-13T09:00:04+00:00","mainEntityOfPage":{"@id":"https:\/\/biorius.com\/es\/cosmetic-news\/prohibicion-de-la-2-cloro-p-fenilendiamina\/"},"wordCount":311,"commentCount":0,"image":{"@id":"https:\/\/biorius.com\/es\/cosmetic-news\/prohibicion-de-la-2-cloro-p-fenilendiamina\/#primaryimage"},"thumbnailUrl":"https:\/\/biorius.com\/wp-content\/uploads\/2023\/10\/books-1845614_1920.jpg","articleSection":["Reglamento Cosm\u00e9ticos"],"inLanguage":"es","potentialAction":[{"@type":"CommentAction","name":"Comment","target":["https:\/\/biorius.com\/es\/cosmetic-news\/prohibicion-de-la-2-cloro-p-fenilendiamina\/#respond"]}]},{"@type":"WebPage","@id":"https:\/\/biorius.com\/es\/cosmetic-news\/prohibicion-de-la-2-cloro-p-fenilendiamina\/","url":"https:\/\/biorius.com\/es\/cosmetic-news\/prohibicion-de-la-2-cloro-p-fenilendiamina\/","name":"Prohibici\u00f3n de la 2-cloro-p-fenilendiamina - Biorius","isPartOf":{"@id":"https:\/\/biorius.com\/es\/#website"},"primaryImageOfPage":{"@id":"https:\/\/biorius.com\/es\/cosmetic-news\/prohibicion-de-la-2-cloro-p-fenilendiamina\/#primaryimage"},"image":{"@id":"https:\/\/biorius.com\/es\/cosmetic-news\/prohibicion-de-la-2-cloro-p-fenilendiamina\/#primaryimage"},"thumbnailUrl":"https:\/\/biorius.com\/wp-content\/uploads\/2023\/10\/books-1845614_1920.jpg","datePublished":"2019-05-17T22:00:00+00:00","dateModified":"2025-01-13T09:00:04+00:00","author":{"@id":"https:\/\/biorius.com\/es\/#\/schema\/person\/118636d0af6db915f51e7a434d16faa3"},"description":"La 2-cloro-p-fenilendiamina y sus sales est\u00e1n prohibidas en la UE debido a sus riesgos genot\u00f3xicos. Inf\u00f3rmate con Biorius sobre los periodos transitorios y los pasos para su cumplimiento.","breadcrumb":{"@id":"https:\/\/biorius.com\/es\/cosmetic-news\/prohibicion-de-la-2-cloro-p-fenilendiamina\/#breadcrumb"},"inLanguage":"es","potentialAction":[{"@type":"ReadAction","target":["https:\/\/biorius.com\/es\/cosmetic-news\/prohibicion-de-la-2-cloro-p-fenilendiamina\/"]}]},{"@type":"ImageObject","inLanguage":"es","@id":"https:\/\/biorius.com\/es\/cosmetic-news\/prohibicion-de-la-2-cloro-p-fenilendiamina\/#primaryimage","url":"https:\/\/biorius.com\/wp-content\/uploads\/2023\/10\/books-1845614_1920.jpg","contentUrl":"https:\/\/biorius.com\/wp-content\/uploads\/2023\/10\/books-1845614_1920.jpg","width":1920,"height":1042,"caption":"Discover how the 2019 Omnibus Regulation impacts cosmetics, including new restrictions on Salicylic Acid and updates on prohibited substances."},{"@type":"BreadcrumbList","@id":"https:\/\/biorius.com\/es\/cosmetic-news\/prohibicion-de-la-2-cloro-p-fenilendiamina\/#breadcrumb","itemListElement":[{"@type":"ListItem","position":1,"name":"Inicio","item":"https:\/\/biorius.com\/es\/"},{"@type":"ListItem","position":2,"name":"Prohibici\u00f3n de la 2-cloro-p-fenilendiamina"}]},{"@type":"WebSite","@id":"https:\/\/biorius.com\/es\/#website","url":"https:\/\/biorius.com\/es\/","name":"Biorius","description":"You create dreams we protect them","potentialAction":[{"@type":"SearchAction","target":{"@type":"EntryPoint","urlTemplate":"https:\/\/biorius.com\/es\/?s={search_term_string}"},"query-input":{"@type":"PropertyValueSpecification","valueRequired":true,"valueName":"search_term_string"}}],"inLanguage":"es"},{"@type":"Person","@id":"https:\/\/biorius.com\/es\/#\/schema\/person\/118636d0af6db915f51e7a434d16faa3","name":"nicolas.lenaers@biorius.com","image":{"@type":"ImageObject","inLanguage":"es","@id":"https:\/\/secure.gravatar.com\/avatar\/3a520f0f485dafed9d1c4b410310d05d541c8291d6f54c1e0e2b3687906b3979?s=96&d=mm&r=gafd756382464e9b8c7dd55685562e5f5","url":"https:\/\/secure.gravatar.com\/avatar\/3a520f0f485dafed9d1c4b410310d05d541c8291d6f54c1e0e2b3687906b3979?s=96&d=mm&r=g","contentUrl":"https:\/\/secure.gravatar.com\/avatar\/3a520f0f485dafed9d1c4b410310d05d541c8291d6f54c1e0e2b3687906b3979?s=96&d=mm&r=g","caption":"nicolas.lenaers@biorius.com"},"url":"https:\/\/biorius.com\/es\/cosmetic-news\/author\/nicolas-lenaersbiorius-com\/"}]}},"authors":[{"term_id":2288,"user_id":0,"is_guest":1,"slug":"christophe-brault-chevalier","display_name":"Christophe Brault-Chevalier","avatar_url":{"url":"https:\/\/biorius.com\/wp-content\/uploads\/2024\/08\/Christophe-Brault-Chevalier.webp","url2x":"https:\/\/biorius.com\/wp-content\/uploads\/2024\/08\/Christophe-Brault-Chevalier.webp"},"0":null,"1":"","2":"","3":"","4":"","5":"","6":"","7":"","8":""}],"_links":{"self":[{"href":"https:\/\/biorius.com\/es\/wp-json\/wp\/v2\/posts\/49194","targetHints":{"allow":["GET"]}}],"collection":[{"href":"https:\/\/biorius.com\/es\/wp-json\/wp\/v2\/posts"}],"about":[{"href":"https:\/\/biorius.com\/es\/wp-json\/wp\/v2\/types\/post"}],"author":[{"embeddable":true,"href":"https:\/\/biorius.com\/es\/wp-json\/wp\/v2\/users\/2"}],"replies":[{"embeddable":true,"href":"https:\/\/biorius.com\/es\/wp-json\/wp\/v2\/comments?post=49194"}],"version-history":[{"count":0,"href":"https:\/\/biorius.com\/es\/wp-json\/wp\/v2\/posts\/49194\/revisions"}],"wp:featuredmedia":[{"embeddable":true,"href":"https:\/\/biorius.com\/es\/wp-json\/wp\/v2\/media\/46597"}],"wp:attachment":[{"href":"https:\/\/biorius.com\/es\/wp-json\/wp\/v2\/media?parent=49194"}],"wp:term":[{"taxonomy":"category","embeddable":true,"href":"https:\/\/biorius.com\/es\/wp-json\/wp\/v2\/categories?post=49194"},{"taxonomy":"post_tag","embeddable":true,"href":"https:\/\/biorius.com\/es\/wp-json\/wp\/v2\/tags?post=49194"},{"taxonomy":"author","embeddable":true,"href":"https:\/\/biorius.com\/es\/wp-json\/wp\/v2\/ppma_author?post=49194"}],"curies":[{"name":"wp","href":"https:\/\/api.w.org\/{rel}","templated":true}]}}