{"id":49035,"date":"2021-07-02T00:00:00","date_gmt":"2021-07-01T22:00:00","guid":{"rendered":"https:\/\/biorius.com\/cosmetic-news\/aplazamiento-del-etiquetado-medioambiental-italiano-hasta-2022-y-nuevas-aclaraciones\/"},"modified":"2024-05-08T11:30:41","modified_gmt":"2024-05-08T09:30:41","slug":"aplazamiento-del-etiquetado-medioambiental-italiano-hasta-2022-y-nuevas-aclaraciones","status":"publish","type":"post","link":"https:\/\/biorius.com\/es\/cosmetic-news\/aplazamiento-del-etiquetado-medioambiental-italiano-hasta-2022-y-nuevas-aclaraciones\/","title":{"rendered":"Aplazamiento del Etiquetado Medioambiental italiano hasta 2022 y nuevas aclaraciones."},"content":{"rendered":"\n<div class=\"wp-block-image\"><figure class=\"alignleft size-large is-resized\"><img decoding=\"async\" src=\"https:\/\/biorius.com\/wp-content\/uploads\/2023\/10\/pexels-jeshoots-7522-edited-2-1024x1024-1.jpg\" alt=\"Bandera de Italia\" class=\"wp-image-8417\" width=\"183\" height=\"183\"\/><\/figure><\/div>\n\n<p>Italia ha introducido el llamado &#8221; <a href=\"https:\/\/biorius.com\/regulatory\/application-of-the-italian-environmental-labelling-to-cosmetic-products\/\" target=\"_blank\" rel=\"noreferrer noopener\">Etiquetado medioambiental<\/a>&#8220;, ya debatido y analizado en nuestro art\u00edculo anterior <a href=\"https:\/\/biorius.com\/regulatory\/application-of-the-italian-environmental-labelling-to-cosmetic-products\/\" target=\"_blank\" rel=\"noreferrer noopener\">&#8220;Aplicaci\u00f3n del Etiquetado medioambiental italiano a los productos cosm\u00e9ticos&#8221;.<\/a> El etiquetado es obligatorio en todos los envases en Italia, incluidos los cosm\u00e9ticos. Su objetivo es prevenir y reducir el impacto de los envases y residuos de envases en el medio ambiente, garantizando al mismo tiempo un alto nivel de protecci\u00f3n medioambiental.<\/p>\n\n<p><strong><span class=\"has-inline-color has-primary-color\">[Update 2022]<\/span><\/strong><\/p>\n\n<p>Se ha publicado en el Diario Oficial (Gazzetta Ufficiale) la ley de<sup>25 de<\/sup> febrero de 2022, n.\u00ba 15, que convierte el decreto-ley de 30 de diciembre de 2021 n. 228 (el llamado DL Milleproroghe).<\/p>\n\n<p>El Art. 11 de esta nueva disposici\u00f3n ha aplazado a\u00fan m\u00e1s las obligaciones de etiquetado medioambiental, fijadas anteriormente para el 30 de junio de 2022. En efecto, prev\u00e9 la <strong>suspensi\u00f3n de la obligaci\u00f3n de etiquetado<\/strong> a partir del <strong>31<\/strong> <strong>de diciembre de 2022<\/strong>, as\u00ed como la posibilidad de <strong>comercializar existencias de productos ya comercializados o etiquetados antes del<\/strong> <strong>1 de enero de 2023<\/strong>. Adem\u00e1s, la disposici\u00f3n incluye un plazo de 90 d\u00edas a partir de la entrada en vigor del decreto-ley, dentro del cual el Ministerio de Transici\u00f3n Ecol\u00f3gica (MITE) adoptar\u00e1 las directrices t\u00e9cnicas para el etiquetado medioambiental mediante un decreto no reglamentario.<\/p>\n\n<h2 class=\"wp-block-heading\">Actualizaciones del etiquetado medioambiental italiano<\/h2>\n\n<p>La aplicaci\u00f3n de este etiquetado ya se suspendi\u00f3 parcialmente durante el primer semestre de 2021, pero un nuevo texto legislativo<a href=\"https:\/\/www.gazzettaufficiale.it\/eli\/gu\/2021\/05\/21\/120\/so\/21\/sg\/pdf\" target=\"_blank\" rel=\"noreferrer noopener\">(la Ley n\u00ba 69 de 21 de mayo de 2021<\/a>, que convierte el llamado &#8220;Decreto Sostegni&#8221;) ha pospuesto todos los requisitos de etiquetado medioambiental a principios de 2022.<\/p>\n\n<p>Esto significa que no s\u00f3lo se han suspendido las indicaciones adecuadas para la eliminaci\u00f3n, sino que tambi\u00e9n se muestra la naturaleza del material de envasado mediante el c\u00f3digo alfanum\u00e9rico previsto en la Decisi\u00f3n 97\/129\/CE.<\/p>\n\n<p>La ley mencionada tambi\u00e9n establece que &#8220;los productos que no cumplan los requisitos prescritos por el art. 219, apartado 5, y ya comercializados o etiquetados el 1 de enero de 2022, podr\u00e1n comercializarse hasta agotar existencias&#8221;.<\/p>\n\n<p>Adem\u00e1s, el Ministerio de Transici\u00f3n Ecol\u00f3gica (Ministero della Transizione Ecologica &#8211; MITE) ha publicado una circular en la que aborda <a href=\"https:\/\/www.minambiente.it\/sites\/default\/files\/archivio\/allegati\/rifiuti\/2021_17mag_nota_etichetta_imballaggi.pdf\" target=\"_blank\" rel=\"noreferrer noopener\">algunas aclaraciones sobre el Etiquetado Medioambiental<\/a>, entre las que se encuentran:<\/p>\n\n<ol class=\"wp-block-list\" type=\"1\"><li>Sujetos responsables de las obligaciones de etiquetado medioambiental<\/li><li>Embalaje neutro, respecto al embalaje de transporte<\/li><li>Envases peque\u00f1os, multiling\u00fces y de importaci\u00f3n<\/li><li>Embalaje para la exportaci\u00f3n<\/li><li>Uso de la tecnolog\u00eda digital<\/li><\/ol>\n\n<p>Biorius puede ayudarte a hacer frente al desafiante y cambiante entorno normativo y te mantiene al d\u00eda sobre este tema. No dudes en ponerte en contacto con nosotros para obtener m\u00e1s informaci\u00f3n.<\/p>\n","protected":false},"excerpt":{"rendered":"<p>Italia ha introducido el llamado &#8221; Etiquetado medioambiental&#8220;, ya debatido y analizado en nuestro art\u00edculo anterior &#8220;Aplicaci\u00f3n del Etiquetado medioambiental italiano a los productos cosm\u00e9ticos&#8221;&#8230;.<\/p>\n","protected":false},"author":2,"featured_media":46713,"comment_status":"open","ping_status":"open","sticky":false,"template":"","format":"standard","meta":{"_acf_changed":false,"_coblocks_attr":"","_coblocks_dimensions":"","_coblocks_responsive_height":"","_coblocks_accordion_ie_support":"","footnotes":""},"categories":[2292],"tags":[],"ppma_author":[],"class_list":["post-49035","post","type-post","status-publish","format-standard","has-post-thumbnail","hentry","category-reglamento-cosmeticos"],"acf":[],"yoast_head":"<!-- This site is optimized with the Yoast SEO plugin v27.5 - https:\/\/yoast.com\/product\/yoast-seo-wordpress\/ -->\n<title>Aplazamiento del Etiquetado Medioambiental italiano hasta 2022 y nuevas aclaraciones. - Biorius<\/title>\n<meta name=\"description\" content=\"\u30a4\u30bf\u30ea\u30a2\u3067\u306f\u3001\u3044\u308f\u3086\u308b\u300c\u74b0\u5883\u30e9\u30d9\u30eb\u300d\u306e\u5c0e\u5165\u304c\u767a\u8868\u3055\u308c\u307e\u3057\u305f\u3002\u3053\u306e\u30e9\u30d9\u30ea\u30f3\u30b0\u306f\u3001\u30a4\u30bf\u30ea\u30a2\u56fd\u5185\u306e\u5316\u7ca7\u54c1\u3092\u542b\u3080\u3059\u3079\u3066\u306e\u30d1\u30c3\u30b1\u30fc\u30b8\u306b\u7fa9\u52d9\u3065\u3051\u3089\u308c\u3066\u3044\u307e\u3059\u3002\u3053\u306e\u76ee\u7684\u306f\u3001\u5305\u88c5\u6750\u3084\u5305\u88c5\u6750\u5ec3\u68c4\u7269\u304c\u74b0\u5883\u306b\u4e0e\u3048\u308b\u5f71\u97ff\u3092\u9632\u6b62\u30fb\u8efd\u6e1b\u3057\u3001\u540c\u6642\u306b\u9ad8\u3044\u30ec\u30d9\u30eb\u306e\u74b0\u5883\u4fdd\u8b77\u3092\u78ba\u4fdd\u3059\u308b\u3053\u3068\u3067\u3059\u3002\" \/>\n<meta name=\"robots\" content=\"index, follow, max-snippet:-1, max-image-preview:large, max-video-preview:-1\" \/>\n<link rel=\"canonical\" href=\"https:\/\/biorius.com\/es\/cosmetic-news\/aplazamiento-del-etiquetado-medioambiental-italiano-hasta-2022-y-nuevas-aclaraciones\/\" \/>\n<meta property=\"og:locale\" content=\"es_ES\" \/>\n<meta property=\"og:type\" content=\"article\" \/>\n<meta property=\"og:title\" content=\"Aplazamiento del Etiquetado Medioambiental italiano hasta 2022 y nuevas aclaraciones. - Biorius\" \/>\n<meta property=\"og:description\" content=\"\u30a4\u30bf\u30ea\u30a2\u3067\u306f\u3001\u3044\u308f\u3086\u308b\u300c\u74b0\u5883\u30e9\u30d9\u30eb\u300d\u306e\u5c0e\u5165\u304c\u767a\u8868\u3055\u308c\u307e\u3057\u305f\u3002\u3053\u306e\u30e9\u30d9\u30ea\u30f3\u30b0\u306f\u3001\u30a4\u30bf\u30ea\u30a2\u56fd\u5185\u306e\u5316\u7ca7\u54c1\u3092\u542b\u3080\u3059\u3079\u3066\u306e\u30d1\u30c3\u30b1\u30fc\u30b8\u306b\u7fa9\u52d9\u3065\u3051\u3089\u308c\u3066\u3044\u307e\u3059\u3002\u3053\u306e\u76ee\u7684\u306f\u3001\u5305\u88c5\u6750\u3084\u5305\u88c5\u6750\u5ec3\u68c4\u7269\u304c\u74b0\u5883\u306b\u4e0e\u3048\u308b\u5f71\u97ff\u3092\u9632\u6b62\u30fb\u8efd\u6e1b\u3057\u3001\u540c\u6642\u306b\u9ad8\u3044\u30ec\u30d9\u30eb\u306e\u74b0\u5883\u4fdd\u8b77\u3092\u78ba\u4fdd\u3059\u308b\u3053\u3068\u3067\u3059\u3002\" \/>\n<meta property=\"og:url\" content=\"https:\/\/biorius.com\/es\/cosmetic-news\/aplazamiento-del-etiquetado-medioambiental-italiano-hasta-2022-y-nuevas-aclaraciones\/\" \/>\n<meta property=\"og:site_name\" content=\"Biorius\" \/>\n<meta property=\"article:published_time\" content=\"2021-07-01T22:00:00+00:00\" \/>\n<meta property=\"article:modified_time\" content=\"2024-05-08T09:30:41+00:00\" \/>\n<meta property=\"og:image\" content=\"https:\/\/biorius.com\/wp-content\/uploads\/2023\/10\/pexels-jeshoots-7522-edited-2.jpg\" \/>\n\t<meta property=\"og:image:width\" content=\"1280\" \/>\n\t<meta property=\"og:image:height\" content=\"1280\" \/>\n\t<meta property=\"og:image:type\" content=\"image\/jpeg\" \/>\n<meta name=\"author\" content=\"nicolas.lenaers@biorius.com\" \/>\n<meta name=\"twitter:card\" content=\"summary_large_image\" \/>\n<meta name=\"twitter:label1\" content=\"Escrito por\" \/>\n\t<meta name=\"twitter:data1\" content=\"nicolas.lenaers@biorius.com\" \/>\n\t<meta name=\"twitter:label2\" content=\"Tiempo de lectura\" \/>\n\t<meta name=\"twitter:data2\" content=\"2 minutos\" \/>\n<script type=\"application\/ld+json\" class=\"yoast-schema-graph\">{\"@context\":\"https:\\\/\\\/schema.org\",\"@graph\":[{\"@type\":\"Article\",\"@id\":\"https:\\\/\\\/biorius.com\\\/es\\\/cosmetic-news\\\/aplazamiento-del-etiquetado-medioambiental-italiano-hasta-2022-y-nuevas-aclaraciones\\\/#article\",\"isPartOf\":{\"@id\":\"https:\\\/\\\/biorius.com\\\/es\\\/cosmetic-news\\\/aplazamiento-del-etiquetado-medioambiental-italiano-hasta-2022-y-nuevas-aclaraciones\\\/\"},\"author\":{\"name\":\"nicolas.lenaers@biorius.com\",\"@id\":\"https:\\\/\\\/biorius.com\\\/es\\\/#\\\/schema\\\/person\\\/118636d0af6db915f51e7a434d16faa3\"},\"headline\":\"Aplazamiento del Etiquetado Medioambiental italiano hasta 2022 y nuevas aclaraciones.\",\"datePublished\":\"2021-07-01T22:00:00+00:00\",\"dateModified\":\"2024-05-08T09:30:41+00:00\",\"mainEntityOfPage\":{\"@id\":\"https:\\\/\\\/biorius.com\\\/es\\\/cosmetic-news\\\/aplazamiento-del-etiquetado-medioambiental-italiano-hasta-2022-y-nuevas-aclaraciones\\\/\"},\"wordCount\":443,\"commentCount\":0,\"image\":{\"@id\":\"https:\\\/\\\/biorius.com\\\/es\\\/cosmetic-news\\\/aplazamiento-del-etiquetado-medioambiental-italiano-hasta-2022-y-nuevas-aclaraciones\\\/#primaryimage\"},\"thumbnailUrl\":\"https:\\\/\\\/biorius.com\\\/wp-content\\\/uploads\\\/2023\\\/10\\\/pexels-jeshoots-7522-edited-2.jpg\",\"articleSection\":[\"Reglamento Cosm\u00e9ticos\"],\"inLanguage\":\"es\",\"potentialAction\":[{\"@type\":\"CommentAction\",\"name\":\"Comment\",\"target\":[\"https:\\\/\\\/biorius.com\\\/es\\\/cosmetic-news\\\/aplazamiento-del-etiquetado-medioambiental-italiano-hasta-2022-y-nuevas-aclaraciones\\\/#respond\"]}]},{\"@type\":\"WebPage\",\"@id\":\"https:\\\/\\\/biorius.com\\\/es\\\/cosmetic-news\\\/aplazamiento-del-etiquetado-medioambiental-italiano-hasta-2022-y-nuevas-aclaraciones\\\/\",\"url\":\"https:\\\/\\\/biorius.com\\\/es\\\/cosmetic-news\\\/aplazamiento-del-etiquetado-medioambiental-italiano-hasta-2022-y-nuevas-aclaraciones\\\/\",\"name\":\"Aplazamiento del Etiquetado Medioambiental italiano hasta 2022 y nuevas aclaraciones. - Biorius\",\"isPartOf\":{\"@id\":\"https:\\\/\\\/biorius.com\\\/es\\\/#website\"},\"primaryImageOfPage\":{\"@id\":\"https:\\\/\\\/biorius.com\\\/es\\\/cosmetic-news\\\/aplazamiento-del-etiquetado-medioambiental-italiano-hasta-2022-y-nuevas-aclaraciones\\\/#primaryimage\"},\"image\":{\"@id\":\"https:\\\/\\\/biorius.com\\\/es\\\/cosmetic-news\\\/aplazamiento-del-etiquetado-medioambiental-italiano-hasta-2022-y-nuevas-aclaraciones\\\/#primaryimage\"},\"thumbnailUrl\":\"https:\\\/\\\/biorius.com\\\/wp-content\\\/uploads\\\/2023\\\/10\\\/pexels-jeshoots-7522-edited-2.jpg\",\"datePublished\":\"2021-07-01T22:00:00+00:00\",\"dateModified\":\"2024-05-08T09:30:41+00:00\",\"author\":{\"@id\":\"https:\\\/\\\/biorius.com\\\/es\\\/#\\\/schema\\\/person\\\/118636d0af6db915f51e7a434d16faa3\"},\"description\":\"\u30a4\u30bf\u30ea\u30a2\u3067\u306f\u3001\u3044\u308f\u3086\u308b\u300c\u74b0\u5883\u30e9\u30d9\u30eb\u300d\u306e\u5c0e\u5165\u304c\u767a\u8868\u3055\u308c\u307e\u3057\u305f\u3002\u3053\u306e\u30e9\u30d9\u30ea\u30f3\u30b0\u306f\u3001\u30a4\u30bf\u30ea\u30a2\u56fd\u5185\u306e\u5316\u7ca7\u54c1\u3092\u542b\u3080\u3059\u3079\u3066\u306e\u30d1\u30c3\u30b1\u30fc\u30b8\u306b\u7fa9\u52d9\u3065\u3051\u3089\u308c\u3066\u3044\u307e\u3059\u3002\u3053\u306e\u76ee\u7684\u306f\u3001\u5305\u88c5\u6750\u3084\u5305\u88c5\u6750\u5ec3\u68c4\u7269\u304c\u74b0\u5883\u306b\u4e0e\u3048\u308b\u5f71\u97ff\u3092\u9632\u6b62\u30fb\u8efd\u6e1b\u3057\u3001\u540c\u6642\u306b\u9ad8\u3044\u30ec\u30d9\u30eb\u306e\u74b0\u5883\u4fdd\u8b77\u3092\u78ba\u4fdd\u3059\u308b\u3053\u3068\u3067\u3059\u3002\",\"breadcrumb\":{\"@id\":\"https:\\\/\\\/biorius.com\\\/es\\\/cosmetic-news\\\/aplazamiento-del-etiquetado-medioambiental-italiano-hasta-2022-y-nuevas-aclaraciones\\\/#breadcrumb\"},\"inLanguage\":\"es\",\"potentialAction\":[{\"@type\":\"ReadAction\",\"target\":[\"https:\\\/\\\/biorius.com\\\/es\\\/cosmetic-news\\\/aplazamiento-del-etiquetado-medioambiental-italiano-hasta-2022-y-nuevas-aclaraciones\\\/\"]}]},{\"@type\":\"ImageObject\",\"inLanguage\":\"es\",\"@id\":\"https:\\\/\\\/biorius.com\\\/es\\\/cosmetic-news\\\/aplazamiento-del-etiquetado-medioambiental-italiano-hasta-2022-y-nuevas-aclaraciones\\\/#primaryimage\",\"url\":\"https:\\\/\\\/biorius.com\\\/wp-content\\\/uploads\\\/2023\\\/10\\\/pexels-jeshoots-7522-edited-2.jpg\",\"contentUrl\":\"https:\\\/\\\/biorius.com\\\/wp-content\\\/uploads\\\/2023\\\/10\\\/pexels-jeshoots-7522-edited-2.jpg\",\"width\":1280,\"height\":1280},{\"@type\":\"BreadcrumbList\",\"@id\":\"https:\\\/\\\/biorius.com\\\/es\\\/cosmetic-news\\\/aplazamiento-del-etiquetado-medioambiental-italiano-hasta-2022-y-nuevas-aclaraciones\\\/#breadcrumb\",\"itemListElement\":[{\"@type\":\"ListItem\",\"position\":1,\"name\":\"Inicio\",\"item\":\"https:\\\/\\\/biorius.com\\\/es\\\/\"},{\"@type\":\"ListItem\",\"position\":2,\"name\":\"Aplazamiento del Etiquetado Medioambiental italiano hasta 2022 y nuevas aclaraciones.\"}]},{\"@type\":\"WebSite\",\"@id\":\"https:\\\/\\\/biorius.com\\\/es\\\/#website\",\"url\":\"https:\\\/\\\/biorius.com\\\/es\\\/\",\"name\":\"Biorius\",\"description\":\"You create dreams we protect them\",\"potentialAction\":[{\"@type\":\"SearchAction\",\"target\":{\"@type\":\"EntryPoint\",\"urlTemplate\":\"https:\\\/\\\/biorius.com\\\/es\\\/?s={search_term_string}\"},\"query-input\":{\"@type\":\"PropertyValueSpecification\",\"valueRequired\":true,\"valueName\":\"search_term_string\"}}],\"inLanguage\":\"es\"},{\"@type\":\"Person\",\"@id\":\"https:\\\/\\\/biorius.com\\\/es\\\/#\\\/schema\\\/person\\\/118636d0af6db915f51e7a434d16faa3\",\"name\":\"nicolas.lenaers@biorius.com\",\"image\":{\"@type\":\"ImageObject\",\"inLanguage\":\"es\",\"@id\":\"https:\\\/\\\/secure.gravatar.com\\\/avatar\\\/3a520f0f485dafed9d1c4b410310d05d541c8291d6f54c1e0e2b3687906b3979?s=96&d=mm&r=gafd756382464e9b8c7dd55685562e5f5\",\"url\":\"https:\\\/\\\/secure.gravatar.com\\\/avatar\\\/3a520f0f485dafed9d1c4b410310d05d541c8291d6f54c1e0e2b3687906b3979?s=96&d=mm&r=g\",\"contentUrl\":\"https:\\\/\\\/secure.gravatar.com\\\/avatar\\\/3a520f0f485dafed9d1c4b410310d05d541c8291d6f54c1e0e2b3687906b3979?s=96&d=mm&r=g\",\"caption\":\"nicolas.lenaers@biorius.com\"},\"url\":\"https:\\\/\\\/biorius.com\\\/ja\\\/cosmetic-news\\\/author\\\/nicolas-lenaersbiorius-com\\\/\"}]}<\/script>\n<!-- \/ Yoast SEO plugin. -->","yoast_head_json":{"title":"Aplazamiento del Etiquetado Medioambiental italiano hasta 2022 y nuevas aclaraciones. - Biorius","description":"\u30a4\u30bf\u30ea\u30a2\u3067\u306f\u3001\u3044\u308f\u3086\u308b\u300c\u74b0\u5883\u30e9\u30d9\u30eb\u300d\u306e\u5c0e\u5165\u304c\u767a\u8868\u3055\u308c\u307e\u3057\u305f\u3002\u3053\u306e\u30e9\u30d9\u30ea\u30f3\u30b0\u306f\u3001\u30a4\u30bf\u30ea\u30a2\u56fd\u5185\u306e\u5316\u7ca7\u54c1\u3092\u542b\u3080\u3059\u3079\u3066\u306e\u30d1\u30c3\u30b1\u30fc\u30b8\u306b\u7fa9\u52d9\u3065\u3051\u3089\u308c\u3066\u3044\u307e\u3059\u3002\u3053\u306e\u76ee\u7684\u306f\u3001\u5305\u88c5\u6750\u3084\u5305\u88c5\u6750\u5ec3\u68c4\u7269\u304c\u74b0\u5883\u306b\u4e0e\u3048\u308b\u5f71\u97ff\u3092\u9632\u6b62\u30fb\u8efd\u6e1b\u3057\u3001\u540c\u6642\u306b\u9ad8\u3044\u30ec\u30d9\u30eb\u306e\u74b0\u5883\u4fdd\u8b77\u3092\u78ba\u4fdd\u3059\u308b\u3053\u3068\u3067\u3059\u3002","robots":{"index":"index","follow":"follow","max-snippet":"max-snippet:-1","max-image-preview":"max-image-preview:large","max-video-preview":"max-video-preview:-1"},"canonical":"https:\/\/biorius.com\/es\/cosmetic-news\/aplazamiento-del-etiquetado-medioambiental-italiano-hasta-2022-y-nuevas-aclaraciones\/","og_locale":"es_ES","og_type":"article","og_title":"Aplazamiento del Etiquetado Medioambiental italiano hasta 2022 y nuevas aclaraciones. - Biorius","og_description":"\u30a4\u30bf\u30ea\u30a2\u3067\u306f\u3001\u3044\u308f\u3086\u308b\u300c\u74b0\u5883\u30e9\u30d9\u30eb\u300d\u306e\u5c0e\u5165\u304c\u767a\u8868\u3055\u308c\u307e\u3057\u305f\u3002\u3053\u306e\u30e9\u30d9\u30ea\u30f3\u30b0\u306f\u3001\u30a4\u30bf\u30ea\u30a2\u56fd\u5185\u306e\u5316\u7ca7\u54c1\u3092\u542b\u3080\u3059\u3079\u3066\u306e\u30d1\u30c3\u30b1\u30fc\u30b8\u306b\u7fa9\u52d9\u3065\u3051\u3089\u308c\u3066\u3044\u307e\u3059\u3002\u3053\u306e\u76ee\u7684\u306f\u3001\u5305\u88c5\u6750\u3084\u5305\u88c5\u6750\u5ec3\u68c4\u7269\u304c\u74b0\u5883\u306b\u4e0e\u3048\u308b\u5f71\u97ff\u3092\u9632\u6b62\u30fb\u8efd\u6e1b\u3057\u3001\u540c\u6642\u306b\u9ad8\u3044\u30ec\u30d9\u30eb\u306e\u74b0\u5883\u4fdd\u8b77\u3092\u78ba\u4fdd\u3059\u308b\u3053\u3068\u3067\u3059\u3002","og_url":"https:\/\/biorius.com\/es\/cosmetic-news\/aplazamiento-del-etiquetado-medioambiental-italiano-hasta-2022-y-nuevas-aclaraciones\/","og_site_name":"Biorius","article_published_time":"2021-07-01T22:00:00+00:00","article_modified_time":"2024-05-08T09:30:41+00:00","og_image":[{"width":1280,"height":1280,"url":"https:\/\/biorius.com\/wp-content\/uploads\/2023\/10\/pexels-jeshoots-7522-edited-2.jpg","type":"image\/jpeg"}],"author":"nicolas.lenaers@biorius.com","twitter_card":"summary_large_image","twitter_misc":{"Escrito por":"nicolas.lenaers@biorius.com","Tiempo de lectura":"2 minutos"},"schema":{"@context":"https:\/\/schema.org","@graph":[{"@type":"Article","@id":"https:\/\/biorius.com\/es\/cosmetic-news\/aplazamiento-del-etiquetado-medioambiental-italiano-hasta-2022-y-nuevas-aclaraciones\/#article","isPartOf":{"@id":"https:\/\/biorius.com\/es\/cosmetic-news\/aplazamiento-del-etiquetado-medioambiental-italiano-hasta-2022-y-nuevas-aclaraciones\/"},"author":{"name":"nicolas.lenaers@biorius.com","@id":"https:\/\/biorius.com\/es\/#\/schema\/person\/118636d0af6db915f51e7a434d16faa3"},"headline":"Aplazamiento del Etiquetado Medioambiental italiano hasta 2022 y nuevas aclaraciones.","datePublished":"2021-07-01T22:00:00+00:00","dateModified":"2024-05-08T09:30:41+00:00","mainEntityOfPage":{"@id":"https:\/\/biorius.com\/es\/cosmetic-news\/aplazamiento-del-etiquetado-medioambiental-italiano-hasta-2022-y-nuevas-aclaraciones\/"},"wordCount":443,"commentCount":0,"image":{"@id":"https:\/\/biorius.com\/es\/cosmetic-news\/aplazamiento-del-etiquetado-medioambiental-italiano-hasta-2022-y-nuevas-aclaraciones\/#primaryimage"},"thumbnailUrl":"https:\/\/biorius.com\/wp-content\/uploads\/2023\/10\/pexels-jeshoots-7522-edited-2.jpg","articleSection":["Reglamento Cosm\u00e9ticos"],"inLanguage":"es","potentialAction":[{"@type":"CommentAction","name":"Comment","target":["https:\/\/biorius.com\/es\/cosmetic-news\/aplazamiento-del-etiquetado-medioambiental-italiano-hasta-2022-y-nuevas-aclaraciones\/#respond"]}]},{"@type":"WebPage","@id":"https:\/\/biorius.com\/es\/cosmetic-news\/aplazamiento-del-etiquetado-medioambiental-italiano-hasta-2022-y-nuevas-aclaraciones\/","url":"https:\/\/biorius.com\/es\/cosmetic-news\/aplazamiento-del-etiquetado-medioambiental-italiano-hasta-2022-y-nuevas-aclaraciones\/","name":"Aplazamiento del Etiquetado Medioambiental italiano hasta 2022 y nuevas aclaraciones. - Biorius","isPartOf":{"@id":"https:\/\/biorius.com\/es\/#website"},"primaryImageOfPage":{"@id":"https:\/\/biorius.com\/es\/cosmetic-news\/aplazamiento-del-etiquetado-medioambiental-italiano-hasta-2022-y-nuevas-aclaraciones\/#primaryimage"},"image":{"@id":"https:\/\/biorius.com\/es\/cosmetic-news\/aplazamiento-del-etiquetado-medioambiental-italiano-hasta-2022-y-nuevas-aclaraciones\/#primaryimage"},"thumbnailUrl":"https:\/\/biorius.com\/wp-content\/uploads\/2023\/10\/pexels-jeshoots-7522-edited-2.jpg","datePublished":"2021-07-01T22:00:00+00:00","dateModified":"2024-05-08T09:30:41+00:00","author":{"@id":"https:\/\/biorius.com\/es\/#\/schema\/person\/118636d0af6db915f51e7a434d16faa3"},"description":"\u30a4\u30bf\u30ea\u30a2\u3067\u306f\u3001\u3044\u308f\u3086\u308b\u300c\u74b0\u5883\u30e9\u30d9\u30eb\u300d\u306e\u5c0e\u5165\u304c\u767a\u8868\u3055\u308c\u307e\u3057\u305f\u3002\u3053\u306e\u30e9\u30d9\u30ea\u30f3\u30b0\u306f\u3001\u30a4\u30bf\u30ea\u30a2\u56fd\u5185\u306e\u5316\u7ca7\u54c1\u3092\u542b\u3080\u3059\u3079\u3066\u306e\u30d1\u30c3\u30b1\u30fc\u30b8\u306b\u7fa9\u52d9\u3065\u3051\u3089\u308c\u3066\u3044\u307e\u3059\u3002\u3053\u306e\u76ee\u7684\u306f\u3001\u5305\u88c5\u6750\u3084\u5305\u88c5\u6750\u5ec3\u68c4\u7269\u304c\u74b0\u5883\u306b\u4e0e\u3048\u308b\u5f71\u97ff\u3092\u9632\u6b62\u30fb\u8efd\u6e1b\u3057\u3001\u540c\u6642\u306b\u9ad8\u3044\u30ec\u30d9\u30eb\u306e\u74b0\u5883\u4fdd\u8b77\u3092\u78ba\u4fdd\u3059\u308b\u3053\u3068\u3067\u3059\u3002","breadcrumb":{"@id":"https:\/\/biorius.com\/es\/cosmetic-news\/aplazamiento-del-etiquetado-medioambiental-italiano-hasta-2022-y-nuevas-aclaraciones\/#breadcrumb"},"inLanguage":"es","potentialAction":[{"@type":"ReadAction","target":["https:\/\/biorius.com\/es\/cosmetic-news\/aplazamiento-del-etiquetado-medioambiental-italiano-hasta-2022-y-nuevas-aclaraciones\/"]}]},{"@type":"ImageObject","inLanguage":"es","@id":"https:\/\/biorius.com\/es\/cosmetic-news\/aplazamiento-del-etiquetado-medioambiental-italiano-hasta-2022-y-nuevas-aclaraciones\/#primaryimage","url":"https:\/\/biorius.com\/wp-content\/uploads\/2023\/10\/pexels-jeshoots-7522-edited-2.jpg","contentUrl":"https:\/\/biorius.com\/wp-content\/uploads\/2023\/10\/pexels-jeshoots-7522-edited-2.jpg","width":1280,"height":1280},{"@type":"BreadcrumbList","@id":"https:\/\/biorius.com\/es\/cosmetic-news\/aplazamiento-del-etiquetado-medioambiental-italiano-hasta-2022-y-nuevas-aclaraciones\/#breadcrumb","itemListElement":[{"@type":"ListItem","position":1,"name":"Inicio","item":"https:\/\/biorius.com\/es\/"},{"@type":"ListItem","position":2,"name":"Aplazamiento del Etiquetado Medioambiental italiano hasta 2022 y nuevas aclaraciones."}]},{"@type":"WebSite","@id":"https:\/\/biorius.com\/es\/#website","url":"https:\/\/biorius.com\/es\/","name":"Biorius","description":"You create dreams we protect them","potentialAction":[{"@type":"SearchAction","target":{"@type":"EntryPoint","urlTemplate":"https:\/\/biorius.com\/es\/?s={search_term_string}"},"query-input":{"@type":"PropertyValueSpecification","valueRequired":true,"valueName":"search_term_string"}}],"inLanguage":"es"},{"@type":"Person","@id":"https:\/\/biorius.com\/es\/#\/schema\/person\/118636d0af6db915f51e7a434d16faa3","name":"nicolas.lenaers@biorius.com","image":{"@type":"ImageObject","inLanguage":"es","@id":"https:\/\/secure.gravatar.com\/avatar\/3a520f0f485dafed9d1c4b410310d05d541c8291d6f54c1e0e2b3687906b3979?s=96&d=mm&r=gafd756382464e9b8c7dd55685562e5f5","url":"https:\/\/secure.gravatar.com\/avatar\/3a520f0f485dafed9d1c4b410310d05d541c8291d6f54c1e0e2b3687906b3979?s=96&d=mm&r=g","contentUrl":"https:\/\/secure.gravatar.com\/avatar\/3a520f0f485dafed9d1c4b410310d05d541c8291d6f54c1e0e2b3687906b3979?s=96&d=mm&r=g","caption":"nicolas.lenaers@biorius.com"},"url":"https:\/\/biorius.com\/ja\/cosmetic-news\/author\/nicolas-lenaersbiorius-com\/"}]}},"authors":[{"term_id":2340,"user_id":2,"is_guest":0,"slug":"nicolas-lenaersbiorius-com","display_name":"nicolas.lenaers@biorius.com","avatar_url":"https:\/\/secure.gravatar.com\/avatar\/3a520f0f485dafed9d1c4b410310d05d541c8291d6f54c1e0e2b3687906b3979?s=96&d=mm&r=g","0":null,"1":"","2":"","3":"","4":"","5":"","6":"","7":"","8":""}],"_links":{"self":[{"href":"https:\/\/biorius.com\/es\/wp-json\/wp\/v2\/posts\/49035","targetHints":{"allow":["GET"]}}],"collection":[{"href":"https:\/\/biorius.com\/es\/wp-json\/wp\/v2\/posts"}],"about":[{"href":"https:\/\/biorius.com\/es\/wp-json\/wp\/v2\/types\/post"}],"author":[{"embeddable":true,"href":"https:\/\/biorius.com\/es\/wp-json\/wp\/v2\/users\/2"}],"replies":[{"embeddable":true,"href":"https:\/\/biorius.com\/es\/wp-json\/wp\/v2\/comments?post=49035"}],"version-history":[{"count":0,"href":"https:\/\/biorius.com\/es\/wp-json\/wp\/v2\/posts\/49035\/revisions"}],"wp:featuredmedia":[{"embeddable":true,"href":"https:\/\/biorius.com\/es\/wp-json\/wp\/v2\/media\/46713"}],"wp:attachment":[{"href":"https:\/\/biorius.com\/es\/wp-json\/wp\/v2\/media?parent=49035"}],"wp:term":[{"taxonomy":"category","embeddable":true,"href":"https:\/\/biorius.com\/es\/wp-json\/wp\/v2\/categories?post=49035"},{"taxonomy":"post_tag","embeddable":true,"href":"https:\/\/biorius.com\/es\/wp-json\/wp\/v2\/tags?post=49035"},{"taxonomy":"author","embeddable":true,"href":"https:\/\/biorius.com\/es\/wp-json\/wp\/v2\/ppma_author?post=49035"}],"curies":[{"name":"wp","href":"https:\/\/api.w.org\/{rel}","templated":true}]}}