{"id":49371,"date":"2022-02-21T00:00:00","date_gmt":"2022-02-20T23:00:00","guid":{"rendered":"https:\/\/biorius.com\/cosmetic-news\/nanomaterialien-zukunft-verbot\/"},"modified":"2024-05-08T11:39:05","modified_gmt":"2024-05-08T09:39:05","slug":"nanomaterialien-zukunft-verbot","status":"publish","type":"post","link":"https:\/\/biorius.com\/de\/cosmetic-news\/nanomaterialien-zukunft-verbot\/","title":{"rendered":"Nanomaterialien Zukunft Verbot"},"content":{"rendered":"\n<h2 class=\"wp-block-heading\">Die Intention der Europ\u00e4ischen Kommission f\u00fcr Nano-Inhaltsstoffe<\/h2>\n\n<div class=\"wp-block-image\"><figure class=\"alignright size-full is-resized\"><img decoding=\"async\" src=\"https:\/\/biorius.com\/wp-content\/uploads\/2023\/10\/european-union-1-e1623942728668.png\" alt=\"\" class=\"wp-image-13037\" width=\"138\" height=\"138\"\/><\/figure><\/div>\n\n<p>Die Europ\u00e4ische Kommission hat die Welthandelsorganisation (WTO) \u00fcber ihre Absicht informiert, die folgenden Nanobestandteile aus der Zusammensetzung kosmetischer Produkte zu verbannen:  <\/p>\n\n<ul class=\"wp-block-list\"><li>STYROL\/AKRYLAT-KOPOLYMER (nano) (CAS: 9010-92-8)<\/li><li>SODIUM STYRENE\/ACRYLATES COPOLYMER (nano) (CAS: 9010-92-8)<\/li><li>KUPFER (nano) (CAS: 7440-50-8)<\/li><li>KOLLOIDALES KUPFER (nano) (CAS: 7440-50-8)<\/li><li>HYDROXYAPATITE (nano) (CAS: 1306-06-5 \/ 12167-74-7)<\/li><li>GOLD (nano) (CAS: 7440-57-5)<\/li><li>COLLOIDAL GOLD (nano) (CAS: 7440-57-5)<\/li><li>GOLD THIOETHYLAMINO HYALURONIC ACID (nano) CAS: 1360157-34-1)<\/li><li>ACETYL HEPTAPEPTIDE-9 COLLOIDAL GOLD (nano) (CAS: \/)<\/li><li>PLATIN (nano) (CAS: 7440-06-4)<\/li><li>KOLLOIDALES PLATIN (nano) (CAS: 7440-06-4)<\/li><li>ACETYL TETRAPEPTIDE-17 COLLOIDAL PLATINUM (nano) (CAS: \/)<\/li><\/ul>\n\n<p>Keiner dieser Inhaltsstoffe ist derzeit durch die Verordnung (EG) Nr. 1223\/2009 geregelt.<\/p>\n\n<h2 class=\"wp-block-heading\">Definition von Nanomaterialien<\/h2>\n\n<p>Die Definition eines Nanomaterials gem\u00e4\u00df der Verordnung (EG) 1223\/2009 ist <em>ein unl\u00f6sliches oder biopersistentes und absichtlich hergestelltes Material mit einer oder mehreren \u00e4u\u00dferen Abmessungen oder einer inneren Struktur in einer Gr\u00f6\u00dfenordnung von 1 bis 100 nm.<\/em><\/p>\n\n<h2 class=\"wp-block-heading\">Nanomaterialien und die Verordnung der Europ\u00e4ischen Union  <\/h2>\n\n<p>Zur Erinnerung: Nanomaterialien, die als Farbstoffe, UV-Filter oder Konservierungsmittel verwendet werden, m\u00fcssen in den Anh\u00e4ngen der Kosmetikverordnung (EG) 1223\/2009 offiziell zugelassen sein, <strong>ansonsten sind sie verboten.<\/strong><\/p>\n\n<div class=\"wp-block-image\"><figure class=\"alignleft size-full is-resized\"><img decoding=\"async\" src=\"https:\/\/biorius.com\/wp-content\/uploads\/2023\/10\/increase-brand.png\" alt=\"\" class=\"wp-image-10618\" width=\"129\" height=\"129\"\/><\/figure><\/div>\n\n<p>Inhaltsstoffe, die f\u00fcr eine andere Funktion als Farbstoffe, UV-Filter oder Konservierungsmittel verwendet werden und die in Form von Nanomaterialien vorliegen, k\u00f6nnen auch dann verwendet werden, wenn sie nicht in der Verordnung aufgef\u00fchrt sind, vorausgesetzt, dass eine Meldung des Nanomaterials in dem beabsichtigten Produkt 6 Monate vor dem Inverkehrbringen des Produkts gem\u00e4\u00df Artikel 16 der Verordnung (EG) 1223\/2009 erfolgt ist.<\/p>\n\n<p>Die vorgenannten Inhaltsstoffe in Nanoform mussten bei ihrer Verwendung in Kosmetika das Meldeverfahren nach Artikel 16 durchlaufen.  <\/p>\n\n<div class=\"wp-block-coblocks-row coblocks-row-121143111771\" data-columns=\"1\" data-layout=\"100\"><div class=\"wp-block-coblocks-row__inner has-no-padding has-no-margin is-stacked-on-mobile has-medium-gutter\">\n<div class=\"wp-block-coblocks-column coblocks-column-121143112959\" style=\"width:100%\"><div class=\"wp-block-coblocks-column__inner has-background has-padding has-margin has-medium-padding has-medium-margin\" style=\"background-color:#f6f9fa\">\n<h3 class=\"wp-block-heading\"><strong>Styrol\/Acrylat Copolymer [nano], Natrium Styrol\/Acrylat Copolymer [nano]:<\/strong><\/h3>\n\n\n\n<p>In seiner Stellungnahme vom 8. Januar 2021<a href=\"https:\/\/ec.europa.eu\/health\/system\/files\/2021-08\/sccs_o_239_0.pdf\">(SCCS\/1618\/20<\/a>) kam der SCCS zu dem Schluss, dass diese Nanomaterialien, wie sie \u00fcber das CPNP gemeldet wurden, ein Gesundheitsrisiko f\u00fcr den Verbraucher darstellen k\u00f6nnen.<\/p>\n\n\n\n<h3 class=\"wp-block-heading\"><strong>Kupfer [nano], Kolloidales Kupfer [nano]:<\/strong><\/h3>\n\n\n\n<p>In seiner Stellungnahme vom 5. M\u00e4rz 2021<a href=\"https:\/\/ec.europa.eu\/health\/system\/files\/2021-08\/sccs_o_245_0.pdf\">(SCCS\/1621\/20<\/a>) kam der SCCS zu dem Schluss, dass es aufgrund der begrenzten oder fehlenden Informationen nicht m\u00f6glich ist, eine Sicherheitsbewertung durchzuf\u00fchren. Auf der Grundlage der verf\u00fcgbaren Daten geben die potenziell mutagenen\/genotoxischen und immunotoxischen\/nephrotoxischen Wirkungen von Kupfer-Nanomaterialien jedoch Anlass zur Sorge.<\/p>\n\n\n\n<h3 class=\"wp-block-heading\"><strong>Hydroxylapatit [nano]:<\/strong><\/h3>\n\n\n\n<p>In seiner Stellungnahme vom 30. M\u00e4rz 2021<a href=\"https:\/\/ec.europa.eu\/health\/system\/files\/2021-08\/sccs_o_246_0.pdf\">(SCCS\/1624\/20<\/a>) konnte der SCCS keine Schlussfolgerungen zur Sicherheit dieses aus st\u00e4bchenf\u00f6rmigen Nanopartikeln bestehenden Inhaltsstoffs f\u00fcr die Verwendung in kosmetischen Mitteln zur Mundpflege ziehen und stellte fest, dass die verf\u00fcgbaren Daten\/Informationen nicht ausreichen, um Bedenken hinsichtlich seines genotoxischen Potenzials auszur\u00e4umen.<\/p>\n\n\n\n<h3 class=\"wp-block-heading\">Gold  [nano], Kolloidales Gold  [nano],Gold Thioethylamino Hyalurons\u00e4ure  [nano]Acetylheptapeptid-9 Kolloidales Gold  [nano], Platin  [nano], Kolloidales Platin  [nano]Acetyl-Tetrapeptid-17<strong> <\/strong>Kolloidales Platin [nano<strong>]:<\/strong><\/h3>\n\n\n\n<p>Zwei am 25. Juni 2021 angenommene Stellungnahmen des SCCS<a href=\"https:\/\/ec.europa.eu\/health\/system\/files\/2021-08\/sccs_o_251_0.pdf\">(SCCS\/1629\/21<\/a> und <a href=\"https:\/\/ec.europa.eu\/health\/system\/files\/2021-08\/sccs_o_252_0.pdf\">SCCS\/1630\/21<\/a>) kamen zu dem Schluss, dass die Verwendung dieser Nanomaterialien in kosmetischen Mitteln Bedenken hinsichtlich der Sicherheit der Verbraucher aufwirft, auch wenn der SCCS aufgrund der begrenzten oder fehlenden Informationen keine Sicherheitsbewertung vornehmen konnte.<\/p>\n<\/div><\/div>\n<\/div><\/div>\n\n<h3 class=\"wp-block-heading\">Die Verabschiedung der Verordnung<\/h3>\n\n<p>Die Verabschiedung dieser Verordnung wird voraussichtlich im 3. Quartal 2022 erfolgen.<\/p>\n\n<p>Es werden \u00dcbergangsfristen gew\u00e4hrt, damit die Industrie diese Verbote einhalten kann. Ein vorl\u00e4ufiger Zeitplan sieht dann folgenderma\u00dfen aus:<\/p>\n\n<ul class=\"wp-block-list\"><li>9 Monate nach dem Inkrafttreten d\u00fcrfen nur noch konforme Produkte auf dem Unionsmarkt in Verkehr gebracht werden, was uns zum 2. Quartal 2023 bringt.<\/li><li>18 Monate nach dem Inkrafttreten d\u00fcrfen nur noch konforme Produkte auf dem Unionsmarkt angeboten werden, was uns zum ersten Quartal 2024 bringt.<\/li><\/ul>\n\n<p>Wir empfehlen Ihnen, zu pr\u00fcfen, ob Ihre Produkte die von diesem Verbot betroffenen Inhaltsstoffe enthalten und ob diese gem\u00e4\u00df der Definition der Kosmetikverordnung als Nanomaterialien gelten.  <strong>Wir empfehlen Ihnen dringend, so bald wie m\u00f6glich mit dem Verzicht auf diese Inhaltsstoffe zu beginnen.<\/strong><\/p>\n\n<p>Biorius kann Sie auch pers\u00f6nlich zu diesen Regel\u00e4nderungen beraten, indem Sie BIORIUS als Ihre <a href=\"https:\/\/biorius.com\/cosmetics-compliance\/emea\/europe\/european-union\/responsible-person\/\">zust\u00e4ndige<\/a> Person w\u00e4hlen <a href=\"https:\/\/biorius.com\/cosmetics-compliance\/emea\/europe\/european-union\/responsible-person\/\">.<\/a> <\/p>\n\n<p>Frau St\u00e9phanie Annet<\/p>\n\n<p>Teamleiter EU-Compliance f\u00fcr kosmetische Produkte<\/p>\n","protected":false},"excerpt":{"rendered":"<p>Die Intention der Europ\u00e4ischen Kommission f\u00fcr Nano-Inhaltsstoffe Die Europ\u00e4ische Kommission hat die Welthandelsorganisation (WTO) \u00fcber ihre Absicht informiert, die folgenden Nanobestandteile aus der Zusammensetzung kosmetischer&#8230;<\/p>\n","protected":false},"author":2,"featured_media":52442,"comment_status":"open","ping_status":"open","sticky":false,"template":"","format":"standard","meta":{"_acf_changed":false,"_coblocks_attr":"","_coblocks_dimensions":"","_coblocks_responsive_height":"","_coblocks_accordion_ie_support":"","footnotes":""},"categories":[2293],"tags":[],"ppma_author":[2340],"class_list":["post-49371","post","type-post","status-publish","format-standard","has-post-thumbnail","hentry","category-kosmetikverordnung","author-nicolas-lenaersbiorius-com"],"acf":[],"yoast_head":"<!-- This site is optimized with the Yoast SEO plugin v27.5 - https:\/\/yoast.com\/product\/yoast-seo-wordpress\/ -->\n<title>- Europ\u00e4ische Union - Biorius<\/title>\n<meta name=\"description\" content=\"Die Europ\u00e4ische Kommission hat den Welthandelsverband von ihrer Absicht in Kenntnis gesetzt, die folgenden Nano-Inhaltsstoffe zu verbieten: ...\" \/>\n<meta name=\"robots\" content=\"index, follow, max-snippet:-1, max-image-preview:large, max-video-preview:-1\" \/>\n<link rel=\"canonical\" href=\"https:\/\/biorius.com\/de\/cosmetic-news\/nanomaterialien-zukunft-verbot\/\" \/>\n<meta property=\"og:locale\" content=\"de_DE\" \/>\n<meta property=\"og:type\" content=\"article\" \/>\n<meta property=\"og:title\" content=\"- Europ\u00e4ische Union - Biorius\" \/>\n<meta property=\"og:description\" content=\"Die Europ\u00e4ische Kommission hat den Welthandelsverband von ihrer Absicht in Kenntnis gesetzt, die folgenden Nano-Inhaltsstoffe zu verbieten: ...\" \/>\n<meta property=\"og:url\" content=\"https:\/\/biorius.com\/de\/cosmetic-news\/nanomaterialien-zukunft-verbot\/\" \/>\n<meta property=\"og:site_name\" content=\"Biorius\" \/>\n<meta property=\"article:published_time\" content=\"2022-02-20T23:00:00+00:00\" \/>\n<meta property=\"article:modified_time\" content=\"2024-05-08T09:39:05+00:00\" \/>\n<meta property=\"og:image\" content=\"https:\/\/biorius.com\/wp-content\/uploads\/2023\/10\/european-union-1-e1623942728668.png\" \/>\n<meta name=\"author\" content=\"nicolas.lenaers@biorius.com\" \/>\n<meta name=\"twitter:card\" content=\"summary_large_image\" \/>\n<meta name=\"twitter:label1\" content=\"Verfasst von\" \/>\n\t<meta name=\"twitter:data1\" content=\"nicolas.lenaers@biorius.com\" \/>\n\t<meta name=\"twitter:label2\" content=\"Gesch\u00e4tzte Lesezeit\" \/>\n\t<meta name=\"twitter:data2\" content=\"3 Minuten\" \/>\n<script type=\"application\/ld+json\" class=\"yoast-schema-graph\">{\"@context\":\"https:\\\/\\\/schema.org\",\"@graph\":[{\"@type\":\"Article\",\"@id\":\"https:\\\/\\\/biorius.com\\\/de\\\/cosmetic-news\\\/nanomaterialien-zukunft-verbot\\\/#article\",\"isPartOf\":{\"@id\":\"https:\\\/\\\/biorius.com\\\/de\\\/cosmetic-news\\\/nanomaterialien-zukunft-verbot\\\/\"},\"author\":{\"name\":\"nicolas.lenaers@biorius.com\",\"@id\":\"https:\\\/\\\/biorius.com\\\/de\\\/#\\\/schema\\\/person\\\/118636d0af6db915f51e7a434d16faa3\"},\"headline\":\"Nanomaterialien Zukunft Verbot\",\"datePublished\":\"2022-02-20T23:00:00+00:00\",\"dateModified\":\"2024-05-08T09:39:05+00:00\",\"mainEntityOfPage\":{\"@id\":\"https:\\\/\\\/biorius.com\\\/de\\\/cosmetic-news\\\/nanomaterialien-zukunft-verbot\\\/\"},\"wordCount\":635,\"commentCount\":0,\"image\":{\"@id\":\"https:\\\/\\\/biorius.com\\\/de\\\/cosmetic-news\\\/nanomaterialien-zukunft-verbot\\\/#primaryimage\"},\"thumbnailUrl\":\"https:\\\/\\\/biorius.com\\\/wp-content\\\/uploads\\\/2023\\\/10\\\/european-flag.jpg\",\"articleSection\":[\"Kosmetikverordnung\"],\"inLanguage\":\"de-DE\",\"potentialAction\":[{\"@type\":\"CommentAction\",\"name\":\"Comment\",\"target\":[\"https:\\\/\\\/biorius.com\\\/de\\\/cosmetic-news\\\/nanomaterialien-zukunft-verbot\\\/#respond\"]}]},{\"@type\":\"WebPage\",\"@id\":\"https:\\\/\\\/biorius.com\\\/de\\\/cosmetic-news\\\/nanomaterialien-zukunft-verbot\\\/\",\"url\":\"https:\\\/\\\/biorius.com\\\/de\\\/cosmetic-news\\\/nanomaterialien-zukunft-verbot\\\/\",\"name\":\"- Europ\u00e4ische Union - Biorius\",\"isPartOf\":{\"@id\":\"https:\\\/\\\/biorius.com\\\/de\\\/#website\"},\"primaryImageOfPage\":{\"@id\":\"https:\\\/\\\/biorius.com\\\/de\\\/cosmetic-news\\\/nanomaterialien-zukunft-verbot\\\/#primaryimage\"},\"image\":{\"@id\":\"https:\\\/\\\/biorius.com\\\/de\\\/cosmetic-news\\\/nanomaterialien-zukunft-verbot\\\/#primaryimage\"},\"thumbnailUrl\":\"https:\\\/\\\/biorius.com\\\/wp-content\\\/uploads\\\/2023\\\/10\\\/european-flag.jpg\",\"datePublished\":\"2022-02-20T23:00:00+00:00\",\"dateModified\":\"2024-05-08T09:39:05+00:00\",\"author\":{\"@id\":\"https:\\\/\\\/biorius.com\\\/de\\\/#\\\/schema\\\/person\\\/118636d0af6db915f51e7a434d16faa3\"},\"description\":\"Die Europ\u00e4ische Kommission hat den Welthandelsverband von ihrer Absicht in Kenntnis gesetzt, die folgenden Nano-Inhaltsstoffe zu verbieten: ...\",\"breadcrumb\":{\"@id\":\"https:\\\/\\\/biorius.com\\\/de\\\/cosmetic-news\\\/nanomaterialien-zukunft-verbot\\\/#breadcrumb\"},\"inLanguage\":\"de-DE\",\"potentialAction\":[{\"@type\":\"ReadAction\",\"target\":[\"https:\\\/\\\/biorius.com\\\/de\\\/cosmetic-news\\\/nanomaterialien-zukunft-verbot\\\/\"]}]},{\"@type\":\"ImageObject\",\"inLanguage\":\"de-DE\",\"@id\":\"https:\\\/\\\/biorius.com\\\/de\\\/cosmetic-news\\\/nanomaterialien-zukunft-verbot\\\/#primaryimage\",\"url\":\"https:\\\/\\\/biorius.com\\\/wp-content\\\/uploads\\\/2023\\\/10\\\/european-flag.jpg\",\"contentUrl\":\"https:\\\/\\\/biorius.com\\\/wp-content\\\/uploads\\\/2023\\\/10\\\/european-flag.jpg\",\"width\":875,\"height\":671},{\"@type\":\"BreadcrumbList\",\"@id\":\"https:\\\/\\\/biorius.com\\\/de\\\/cosmetic-news\\\/nanomaterialien-zukunft-verbot\\\/#breadcrumb\",\"itemListElement\":[{\"@type\":\"ListItem\",\"position\":1,\"name\":\"Startseite\",\"item\":\"https:\\\/\\\/biorius.com\\\/de\\\/\"},{\"@type\":\"ListItem\",\"position\":2,\"name\":\"Nanomaterialien Zukunft Verbot\"}]},{\"@type\":\"WebSite\",\"@id\":\"https:\\\/\\\/biorius.com\\\/de\\\/#website\",\"url\":\"https:\\\/\\\/biorius.com\\\/de\\\/\",\"name\":\"Biorius\",\"description\":\"You create dreams we protect them\",\"potentialAction\":[{\"@type\":\"SearchAction\",\"target\":{\"@type\":\"EntryPoint\",\"urlTemplate\":\"https:\\\/\\\/biorius.com\\\/de\\\/?s={search_term_string}\"},\"query-input\":{\"@type\":\"PropertyValueSpecification\",\"valueRequired\":true,\"valueName\":\"search_term_string\"}}],\"inLanguage\":\"de-DE\"},{\"@type\":\"Person\",\"@id\":\"https:\\\/\\\/biorius.com\\\/de\\\/#\\\/schema\\\/person\\\/118636d0af6db915f51e7a434d16faa3\",\"name\":\"nicolas.lenaers@biorius.com\",\"image\":{\"@type\":\"ImageObject\",\"inLanguage\":\"de-DE\",\"@id\":\"https:\\\/\\\/secure.gravatar.com\\\/avatar\\\/3a520f0f485dafed9d1c4b410310d05d541c8291d6f54c1e0e2b3687906b3979?s=96&d=mm&r=gafd756382464e9b8c7dd55685562e5f5\",\"url\":\"https:\\\/\\\/secure.gravatar.com\\\/avatar\\\/3a520f0f485dafed9d1c4b410310d05d541c8291d6f54c1e0e2b3687906b3979?s=96&d=mm&r=g\",\"contentUrl\":\"https:\\\/\\\/secure.gravatar.com\\\/avatar\\\/3a520f0f485dafed9d1c4b410310d05d541c8291d6f54c1e0e2b3687906b3979?s=96&d=mm&r=g\",\"caption\":\"nicolas.lenaers@biorius.com\"},\"url\":\"https:\\\/\\\/biorius.com\\\/it\\\/cosmetic-news\\\/author\\\/nicolas-lenaersbiorius-com\\\/\"}]}<\/script>\n<!-- \/ Yoast SEO plugin. -->","yoast_head_json":{"title":"- Europ\u00e4ische Union - Biorius","description":"Die Europ\u00e4ische Kommission hat den Welthandelsverband von ihrer Absicht in Kenntnis gesetzt, die folgenden Nano-Inhaltsstoffe zu verbieten: ...","robots":{"index":"index","follow":"follow","max-snippet":"max-snippet:-1","max-image-preview":"max-image-preview:large","max-video-preview":"max-video-preview:-1"},"canonical":"https:\/\/biorius.com\/de\/cosmetic-news\/nanomaterialien-zukunft-verbot\/","og_locale":"de_DE","og_type":"article","og_title":"- Europ\u00e4ische Union - Biorius","og_description":"Die Europ\u00e4ische Kommission hat den Welthandelsverband von ihrer Absicht in Kenntnis gesetzt, die folgenden Nano-Inhaltsstoffe zu verbieten: ...","og_url":"https:\/\/biorius.com\/de\/cosmetic-news\/nanomaterialien-zukunft-verbot\/","og_site_name":"Biorius","article_published_time":"2022-02-20T23:00:00+00:00","article_modified_time":"2024-05-08T09:39:05+00:00","og_image":[{"url":"https:\/\/biorius.com\/wp-content\/uploads\/2023\/10\/european-union-1-e1623942728668.png","type":"","width":"","height":""}],"author":"nicolas.lenaers@biorius.com","twitter_card":"summary_large_image","twitter_misc":{"Verfasst von":"nicolas.lenaers@biorius.com","Gesch\u00e4tzte Lesezeit":"3 Minuten"},"schema":{"@context":"https:\/\/schema.org","@graph":[{"@type":"Article","@id":"https:\/\/biorius.com\/de\/cosmetic-news\/nanomaterialien-zukunft-verbot\/#article","isPartOf":{"@id":"https:\/\/biorius.com\/de\/cosmetic-news\/nanomaterialien-zukunft-verbot\/"},"author":{"name":"nicolas.lenaers@biorius.com","@id":"https:\/\/biorius.com\/de\/#\/schema\/person\/118636d0af6db915f51e7a434d16faa3"},"headline":"Nanomaterialien Zukunft Verbot","datePublished":"2022-02-20T23:00:00+00:00","dateModified":"2024-05-08T09:39:05+00:00","mainEntityOfPage":{"@id":"https:\/\/biorius.com\/de\/cosmetic-news\/nanomaterialien-zukunft-verbot\/"},"wordCount":635,"commentCount":0,"image":{"@id":"https:\/\/biorius.com\/de\/cosmetic-news\/nanomaterialien-zukunft-verbot\/#primaryimage"},"thumbnailUrl":"https:\/\/biorius.com\/wp-content\/uploads\/2023\/10\/european-flag.jpg","articleSection":["Kosmetikverordnung"],"inLanguage":"de-DE","potentialAction":[{"@type":"CommentAction","name":"Comment","target":["https:\/\/biorius.com\/de\/cosmetic-news\/nanomaterialien-zukunft-verbot\/#respond"]}]},{"@type":"WebPage","@id":"https:\/\/biorius.com\/de\/cosmetic-news\/nanomaterialien-zukunft-verbot\/","url":"https:\/\/biorius.com\/de\/cosmetic-news\/nanomaterialien-zukunft-verbot\/","name":"- Europ\u00e4ische Union - Biorius","isPartOf":{"@id":"https:\/\/biorius.com\/de\/#website"},"primaryImageOfPage":{"@id":"https:\/\/biorius.com\/de\/cosmetic-news\/nanomaterialien-zukunft-verbot\/#primaryimage"},"image":{"@id":"https:\/\/biorius.com\/de\/cosmetic-news\/nanomaterialien-zukunft-verbot\/#primaryimage"},"thumbnailUrl":"https:\/\/biorius.com\/wp-content\/uploads\/2023\/10\/european-flag.jpg","datePublished":"2022-02-20T23:00:00+00:00","dateModified":"2024-05-08T09:39:05+00:00","author":{"@id":"https:\/\/biorius.com\/de\/#\/schema\/person\/118636d0af6db915f51e7a434d16faa3"},"description":"Die Europ\u00e4ische Kommission hat den Welthandelsverband von ihrer Absicht in Kenntnis gesetzt, die folgenden Nano-Inhaltsstoffe zu verbieten: ...","breadcrumb":{"@id":"https:\/\/biorius.com\/de\/cosmetic-news\/nanomaterialien-zukunft-verbot\/#breadcrumb"},"inLanguage":"de-DE","potentialAction":[{"@type":"ReadAction","target":["https:\/\/biorius.com\/de\/cosmetic-news\/nanomaterialien-zukunft-verbot\/"]}]},{"@type":"ImageObject","inLanguage":"de-DE","@id":"https:\/\/biorius.com\/de\/cosmetic-news\/nanomaterialien-zukunft-verbot\/#primaryimage","url":"https:\/\/biorius.com\/wp-content\/uploads\/2023\/10\/european-flag.jpg","contentUrl":"https:\/\/biorius.com\/wp-content\/uploads\/2023\/10\/european-flag.jpg","width":875,"height":671},{"@type":"BreadcrumbList","@id":"https:\/\/biorius.com\/de\/cosmetic-news\/nanomaterialien-zukunft-verbot\/#breadcrumb","itemListElement":[{"@type":"ListItem","position":1,"name":"Startseite","item":"https:\/\/biorius.com\/de\/"},{"@type":"ListItem","position":2,"name":"Nanomaterialien Zukunft Verbot"}]},{"@type":"WebSite","@id":"https:\/\/biorius.com\/de\/#website","url":"https:\/\/biorius.com\/de\/","name":"Biorius","description":"You create dreams we protect them","potentialAction":[{"@type":"SearchAction","target":{"@type":"EntryPoint","urlTemplate":"https:\/\/biorius.com\/de\/?s={search_term_string}"},"query-input":{"@type":"PropertyValueSpecification","valueRequired":true,"valueName":"search_term_string"}}],"inLanguage":"de-DE"},{"@type":"Person","@id":"https:\/\/biorius.com\/de\/#\/schema\/person\/118636d0af6db915f51e7a434d16faa3","name":"nicolas.lenaers@biorius.com","image":{"@type":"ImageObject","inLanguage":"de-DE","@id":"https:\/\/secure.gravatar.com\/avatar\/3a520f0f485dafed9d1c4b410310d05d541c8291d6f54c1e0e2b3687906b3979?s=96&d=mm&r=gafd756382464e9b8c7dd55685562e5f5","url":"https:\/\/secure.gravatar.com\/avatar\/3a520f0f485dafed9d1c4b410310d05d541c8291d6f54c1e0e2b3687906b3979?s=96&d=mm&r=g","contentUrl":"https:\/\/secure.gravatar.com\/avatar\/3a520f0f485dafed9d1c4b410310d05d541c8291d6f54c1e0e2b3687906b3979?s=96&d=mm&r=g","caption":"nicolas.lenaers@biorius.com"},"url":"https:\/\/biorius.com\/it\/cosmetic-news\/author\/nicolas-lenaersbiorius-com\/"}]}},"authors":[{"term_id":2340,"user_id":2,"is_guest":0,"slug":"nicolas-lenaersbiorius-com","display_name":"nicolas.lenaers@biorius.com","avatar_url":"https:\/\/secure.gravatar.com\/avatar\/3a520f0f485dafed9d1c4b410310d05d541c8291d6f54c1e0e2b3687906b3979?s=96&d=mm&r=g","0":null,"1":"","2":"","3":"","4":"","5":"","6":"","7":"","8":""}],"_links":{"self":[{"href":"https:\/\/biorius.com\/de\/wp-json\/wp\/v2\/posts\/49371","targetHints":{"allow":["GET"]}}],"collection":[{"href":"https:\/\/biorius.com\/de\/wp-json\/wp\/v2\/posts"}],"about":[{"href":"https:\/\/biorius.com\/de\/wp-json\/wp\/v2\/types\/post"}],"author":[{"embeddable":true,"href":"https:\/\/biorius.com\/de\/wp-json\/wp\/v2\/users\/2"}],"replies":[{"embeddable":true,"href":"https:\/\/biorius.com\/de\/wp-json\/wp\/v2\/comments?post=49371"}],"version-history":[{"count":0,"href":"https:\/\/biorius.com\/de\/wp-json\/wp\/v2\/posts\/49371\/revisions"}],"wp:featuredmedia":[{"embeddable":true,"href":"https:\/\/biorius.com\/de\/wp-json\/wp\/v2\/media\/52442"}],"wp:attachment":[{"href":"https:\/\/biorius.com\/de\/wp-json\/wp\/v2\/media?parent=49371"}],"wp:term":[{"taxonomy":"category","embeddable":true,"href":"https:\/\/biorius.com\/de\/wp-json\/wp\/v2\/categories?post=49371"},{"taxonomy":"post_tag","embeddable":true,"href":"https:\/\/biorius.com\/de\/wp-json\/wp\/v2\/tags?post=49371"},{"taxonomy":"author","embeddable":true,"href":"https:\/\/biorius.com\/de\/wp-json\/wp\/v2\/ppma_author?post=49371"}],"curies":[{"name":"wp","href":"https:\/\/api.w.org\/{rel}","templated":true}]}}