{"id":49257,"date":"2016-09-22T00:00:00","date_gmt":"2016-09-21T22:00:00","guid":{"rendered":"https:\/\/biorius.com\/cosmetic-news\/bericht-der-eu-kommission-an-das-parlament-und-den-rat-ueber-kosmetische-angaben\/"},"modified":"2024-05-08T11:36:43","modified_gmt":"2024-05-08T09:36:43","slug":"bericht-der-eu-kommission-an-das-parlament-und-den-rat-ueber-kosmetische-angaben","status":"publish","type":"post","link":"https:\/\/biorius.com\/de\/cosmetic-news\/bericht-der-eu-kommission-an-das-parlament-und-den-rat-ueber-kosmetische-angaben\/","title":{"rendered":"Bericht der EU-Kommission an das Parlament und den Rat \u00fcber kosmetische Angaben"},"content":{"rendered":"\n<p>Wie in der EU-Kosmetikverordnung (EG Nr. 1223\/2009, Artikel 20) vorgesehen, wird die Zul\u00e4ssigkeit von Angaben \u00fcber kosmetische Mittel durch ihre \u00dcbereinstimmung mit den gemeinsamen Kriterien bestimmt. Diese von der EU-Kommission und den EU-Mitgliedstaaten festgelegten gemeinsamen Kriterien sind in der <a aria-label=\"undefined (opens in a new tab)\" href=\"https:\/\/eur-lex.europa.eu\/legal-content\/EN\/TXT\/PDF\/?uri=CELEX:32013R0655&amp;qid=1474535057703&amp;from=EN\" target=\"_blank\" rel=\"noreferrer noopener\">Verordnung (EU) Nr. 655\/2013<\/a> aufgef\u00fchrt und werden in Leitlinien, die auf der Website der EU-Kommission verf\u00fcgbar sind, n\u00e4her erl\u00e4utert. Bei der Ausarbeitung eines kosmetischen Anspruchs m\u00fcssen sechs allgemeine Kriterien ber\u00fccksichtigt werden: <strong>Rechtskonformit\u00e4t, Wahrhaftigkeit, Beweiskraft, Ehrlichkeit, Fairness und informierte Entscheidungsfindung<\/strong>.<\/p>\n\n<p>Von Anfang an bef\u00fcrchteten das EU-Parlament und der EU-Rat, dass die Verwendung gemeinsamer Kriterien zu einer ineffektiven Regulierung kosmetischer Mittel in der EU f\u00fchren k\u00f6nnte. Ihre Anwendung erfordert n\u00e4mlich h\u00e4ufig eine fachkundige Bewertung der verf\u00fcgbaren Informationen und eine rechtliche Auslegung der gemeinsamen Kriterien, was schwierig und sehr subjektiv sein kann. Daher wurde beschlossen, diesen relativ weichen Regulierungsrahmen f\u00fcr einige Jahre durchzusetzen und dann festzustellen, ob er den Markt angemessen reguliert oder nicht. In der Tat hei\u00dft es in Artikel 20 der EU-Kosmetikverordnung:<\/p>\n\n<div class=\"wp-block-ugb-container ugb-container ugb-2b7ed1c ugb-container--v2 ugb-container--design-basic ugb-main-block\" id=\"\"><div class=\"ugb-inner-block\"><div class=\"ugb-block-content\"><div class=\"ugb-container__wrapper ugb-2b7ed1c-wrapper\"><div class=\"ugb-container__side\"><div class=\"ugb-container__content-wrapper ugb-2b7ed1c-content-wrapper\">\n\n<p><em>&#8220;Bis zum 11. Juli 2016 legt die Kommission dem Europ\u00e4ischen Parlament und dem Rat einen Bericht \u00fcber die Verwendung von Angaben auf der Grundlage der gem\u00e4\u00df Unterabsatz 2 angenommenen gemeinsamen Kriterien vor. Kommt der Bericht zu dem Schluss, dass die in Bezug auf kosmetische Mittel verwendeten Angaben nicht mit den gemeinsamen Kriterien \u00fcbereinstimmen, ergreift die Kommission in Zusammenarbeit mit den Mitgliedstaaten geeignete Ma\u00dfnahmen, um die Einhaltung der Kriterien sicherzustellen.&#8221;<\/em><\/p>\n\n<\/div><\/div><\/div><\/div><\/div><\/div>\n\n<p>Am 19. September \u00fcbergab die EU-Kommission <a aria-label=\"undefined (opens in a new tab)\" href=\"https:\/\/eur-lex.europa.eu\/legal-content\/EN\/TXT\/PDF\/?uri=CELEX:52016DC0580&amp;qid=1474534456322&amp;from=EN\" target=\"_blank\" rel=\"noreferrer noopener\">dem EU-Parlament und dem EU-Rat ihren Bericht<\/a>, der auf 11 Seiten zusammenfasst, inwieweit kosmetische Angaben in der EU angemessen geregelt sind. F\u00fcr diesen Bericht hat die EU-Kommission die von 21 EU-Mitgliedstaaten zur Verf\u00fcgung gestellten Daten verwendet, die die Analyse von 38995 kosmetischen Angaben umfassen. Von diesen 38995 kosmetischen Antr\u00e4gen wurden 3730 als nicht konform eingestuft (9,6%). Es wird berichtet, dass 70 % der nicht konformen Angaben online gefunden wurden, aber nur 17 % auf den tats\u00e4chlichen Produkten und 13 % auf Brosch\u00fcren.<\/p>\n\n<p>Auf dieser Grundlage kommt die EU-Kommission zu dem Schluss, dass  <em>&#8220;Der bestehende europ\u00e4ische Rechtsrahmen f\u00fcr Angaben und Werbung f\u00fcr kosmetische Mittel ist sehr umfassend und gew\u00e4hrleistet ein hohes Ma\u00df an Verbraucherschutz. Gleichzeitig erm\u00f6glicht er es der europ\u00e4ischen Kosmetikindustrie, innerhalb der EU und weltweit wettbewerbsf\u00e4hig zu sein.&#8221;<\/em>  und empfiehlt nicht die Durchsetzung eines strengeren Systems f\u00fcr die Regulierung von Forderungen.<\/p>\n\n<p>Die EU-Kommission erkennt jedoch an, dass der derzeitige Rahmen keine zufriedenstellende L\u00f6sung f\u00fcr den Umgang mit den Angaben &#8220;frei von&#8221; und &#8220;hypoallergen&#8221; bietet. In diesem Punkt verweist die EU-Kommission auf die laufenden Arbeiten zur Verbesserung der Situation.<\/p>\n\n<p>Um genauer zu sein, haben die EU-Kommission und die EU-Mitgliedstaaten die Leitlinien f\u00fcr die Anwendung der gemeinsamen Kriterien \u00fcberarbeitet und zwei Anh\u00e4nge hinzugef\u00fcgt, einen \u00fcber &#8220;frei von&#8221;-Anspr\u00fcche (Anhang III) und eine \u00fcber die Angabe &#8220;hypoallergen&#8221; (Anhang IV). Diese Richtlinien sind noch im Entwurfsstadium, sollten aber sehr bald (in den n\u00e4chsten Monaten) fertiggestellt werden, wobei keine wesentlichen \u00c4nderungen zu erwarten sind. Sobald alle EU-Mitgliedstaaten zugestimmt haben, wird die Anwendung dieser Leitlinien obligatorisch, wenn auch mit einer \u00dcbergangsfrist von 2 Jahren f\u00fcr die Korrektur der oben genannten Behauptungen.<\/p>\n\n<div class=\"wp-block-ugb-cta ugb-cta ugb-5951cb0 ugb-cta ugb-cta--v2 ugb-cta--design-plain ugb-main-block\" id=\"\"><style>.ugb-5951cb0 .ugb-button .ugb-button--inner{color:#93D500 !important}.ugb-5951cb0 .ugb-button{border-color:#93D500 !important}.ugb-5951cb0 .ugb-button:hover .ugb-button--inner{color:#93D500 !important}<\/style><div class=\"ugb-inner-block\"><div class=\"ugb-block-content\"><div class=\"ugb-cta__item\"><h3 class=\"ugb-cta__title\">Haben Sie Fragen?<\/h3><div class=\"ugb-button-container\"><a class=\"ugb-button ugb-button--size-normal ugb-button--design-ghost\" href=\"https:\/\/biorius.com\/de\/kontakt\/\" rel=\"\"><span class=\"ugb-button--inner\">Kontaktieren Sie uns<\/span><\/a><\/div><\/div><\/div><\/div><\/div>\n","protected":false},"excerpt":{"rendered":"<p>Wie in der EU-Kosmetikverordnung (EG Nr. 1223\/2009, Artikel 20) vorgesehen, wird die Zul\u00e4ssigkeit von Angaben \u00fcber kosmetische Mittel durch ihre \u00dcbereinstimmung mit den gemeinsamen Kriterien&#8230;<\/p>\n","protected":false},"author":2,"featured_media":48676,"comment_status":"open","ping_status":"open","sticky":false,"template":"","format":"standard","meta":{"_acf_changed":false,"_coblocks_attr":"","_coblocks_dimensions":"","_coblocks_responsive_height":"","_coblocks_accordion_ie_support":"","footnotes":""},"categories":[2293],"tags":[],"ppma_author":[2340],"class_list":["post-49257","post","type-post","status-publish","format-standard","has-post-thumbnail","hentry","category-kosmetikverordnung","author-nicolas-lenaersbiorius-com"],"acf":[],"yoast_head":"<!-- This site is optimized with the Yoast SEO plugin v27.5 - https:\/\/yoast.com\/product\/yoast-seo-wordpress\/ -->\n<title>Bericht an das Parlament und den Rat \u00fcber kosmetische Angaben - Biorius<\/title>\n<meta name=\"robots\" content=\"index, follow, max-snippet:-1, max-image-preview:large, max-video-preview:-1\" \/>\n<link rel=\"canonical\" href=\"https:\/\/biorius.com\/de\/cosmetic-news\/bericht-der-eu-kommission-an-das-parlament-und-den-rat-ueber-kosmetische-angaben\/\" \/>\n<meta property=\"og:locale\" content=\"de_DE\" \/>\n<meta property=\"og:type\" content=\"article\" \/>\n<meta property=\"og:title\" content=\"Bericht an das Parlament und den Rat \u00fcber kosmetische Angaben - Biorius\" \/>\n<meta property=\"og:description\" content=\"Wie in der EU-Kosmetikverordnung (EG Nr. 1223\/2009, Artikel 20) vorgesehen, wird die Zul\u00e4ssigkeit von Angaben \u00fcber kosmetische Mittel durch ihre \u00dcbereinstimmung mit den gemeinsamen Kriterien...\" \/>\n<meta property=\"og:url\" content=\"https:\/\/biorius.com\/de\/cosmetic-news\/bericht-der-eu-kommission-an-das-parlament-und-den-rat-ueber-kosmetische-angaben\/\" \/>\n<meta property=\"og:site_name\" content=\"Biorius\" \/>\n<meta property=\"article:published_time\" content=\"2016-09-21T22:00:00+00:00\" \/>\n<meta property=\"article:modified_time\" content=\"2024-05-08T09:36:43+00:00\" \/>\n<meta property=\"og:image\" content=\"https:\/\/biorius.com\/wp-content\/uploads\/2023\/10\/books-1845614_1920.jpg\" \/>\n\t<meta property=\"og:image:width\" content=\"1920\" \/>\n\t<meta property=\"og:image:height\" content=\"1042\" \/>\n\t<meta property=\"og:image:type\" content=\"image\/jpeg\" \/>\n<meta name=\"author\" content=\"nicolas.lenaers@biorius.com\" \/>\n<meta name=\"twitter:card\" content=\"summary_large_image\" \/>\n<meta name=\"twitter:label1\" content=\"Verfasst von\" \/>\n\t<meta name=\"twitter:data1\" content=\"nicolas.lenaers@biorius.com\" \/>\n\t<meta name=\"twitter:label2\" content=\"Gesch\u00e4tzte Lesezeit\" \/>\n\t<meta name=\"twitter:data2\" content=\"3 Minuten\" \/>\n<script type=\"application\/ld+json\" class=\"yoast-schema-graph\">{\"@context\":\"https:\\\/\\\/schema.org\",\"@graph\":[{\"@type\":\"Article\",\"@id\":\"https:\\\/\\\/biorius.com\\\/de\\\/cosmetic-news\\\/bericht-der-eu-kommission-an-das-parlament-und-den-rat-ueber-kosmetische-angaben\\\/#article\",\"isPartOf\":{\"@id\":\"https:\\\/\\\/biorius.com\\\/de\\\/cosmetic-news\\\/bericht-der-eu-kommission-an-das-parlament-und-den-rat-ueber-kosmetische-angaben\\\/\"},\"author\":{\"name\":\"nicolas.lenaers@biorius.com\",\"@id\":\"https:\\\/\\\/biorius.com\\\/de\\\/#\\\/schema\\\/person\\\/118636d0af6db915f51e7a434d16faa3\"},\"headline\":\"Bericht der EU-Kommission an das Parlament und den Rat \u00fcber kosmetische Angaben\",\"datePublished\":\"2016-09-21T22:00:00+00:00\",\"dateModified\":\"2024-05-08T09:36:43+00:00\",\"mainEntityOfPage\":{\"@id\":\"https:\\\/\\\/biorius.com\\\/de\\\/cosmetic-news\\\/bericht-der-eu-kommission-an-das-parlament-und-den-rat-ueber-kosmetische-angaben\\\/\"},\"wordCount\":536,\"commentCount\":0,\"image\":{\"@id\":\"https:\\\/\\\/biorius.com\\\/de\\\/cosmetic-news\\\/bericht-der-eu-kommission-an-das-parlament-und-den-rat-ueber-kosmetische-angaben\\\/#primaryimage\"},\"thumbnailUrl\":\"https:\\\/\\\/biorius.com\\\/wp-content\\\/uploads\\\/2023\\\/10\\\/books-1845614_1920.jpg\",\"articleSection\":[\"Kosmetikverordnung\"],\"inLanguage\":\"de-DE\",\"potentialAction\":[{\"@type\":\"CommentAction\",\"name\":\"Comment\",\"target\":[\"https:\\\/\\\/biorius.com\\\/de\\\/cosmetic-news\\\/bericht-der-eu-kommission-an-das-parlament-und-den-rat-ueber-kosmetische-angaben\\\/#respond\"]}]},{\"@type\":\"WebPage\",\"@id\":\"https:\\\/\\\/biorius.com\\\/de\\\/cosmetic-news\\\/bericht-der-eu-kommission-an-das-parlament-und-den-rat-ueber-kosmetische-angaben\\\/\",\"url\":\"https:\\\/\\\/biorius.com\\\/de\\\/cosmetic-news\\\/bericht-der-eu-kommission-an-das-parlament-und-den-rat-ueber-kosmetische-angaben\\\/\",\"name\":\"Bericht an das Parlament und den Rat \u00fcber kosmetische Angaben - Biorius\",\"isPartOf\":{\"@id\":\"https:\\\/\\\/biorius.com\\\/de\\\/#website\"},\"primaryImageOfPage\":{\"@id\":\"https:\\\/\\\/biorius.com\\\/de\\\/cosmetic-news\\\/bericht-der-eu-kommission-an-das-parlament-und-den-rat-ueber-kosmetische-angaben\\\/#primaryimage\"},\"image\":{\"@id\":\"https:\\\/\\\/biorius.com\\\/de\\\/cosmetic-news\\\/bericht-der-eu-kommission-an-das-parlament-und-den-rat-ueber-kosmetische-angaben\\\/#primaryimage\"},\"thumbnailUrl\":\"https:\\\/\\\/biorius.com\\\/wp-content\\\/uploads\\\/2023\\\/10\\\/books-1845614_1920.jpg\",\"datePublished\":\"2016-09-21T22:00:00+00:00\",\"dateModified\":\"2024-05-08T09:36:43+00:00\",\"author\":{\"@id\":\"https:\\\/\\\/biorius.com\\\/de\\\/#\\\/schema\\\/person\\\/118636d0af6db915f51e7a434d16faa3\"},\"breadcrumb\":{\"@id\":\"https:\\\/\\\/biorius.com\\\/de\\\/cosmetic-news\\\/bericht-der-eu-kommission-an-das-parlament-und-den-rat-ueber-kosmetische-angaben\\\/#breadcrumb\"},\"inLanguage\":\"de-DE\",\"potentialAction\":[{\"@type\":\"ReadAction\",\"target\":[\"https:\\\/\\\/biorius.com\\\/de\\\/cosmetic-news\\\/bericht-der-eu-kommission-an-das-parlament-und-den-rat-ueber-kosmetische-angaben\\\/\"]}]},{\"@type\":\"ImageObject\",\"inLanguage\":\"de-DE\",\"@id\":\"https:\\\/\\\/biorius.com\\\/de\\\/cosmetic-news\\\/bericht-der-eu-kommission-an-das-parlament-und-den-rat-ueber-kosmetische-angaben\\\/#primaryimage\",\"url\":\"https:\\\/\\\/biorius.com\\\/wp-content\\\/uploads\\\/2023\\\/10\\\/books-1845614_1920.jpg\",\"contentUrl\":\"https:\\\/\\\/biorius.com\\\/wp-content\\\/uploads\\\/2023\\\/10\\\/books-1845614_1920.jpg\",\"width\":1920,\"height\":1042,\"caption\":\"Discover how the 2019 Omnibus Regulation impacts cosmetics, including new restrictions on Salicylic Acid and updates on prohibited substances.\"},{\"@type\":\"BreadcrumbList\",\"@id\":\"https:\\\/\\\/biorius.com\\\/de\\\/cosmetic-news\\\/bericht-der-eu-kommission-an-das-parlament-und-den-rat-ueber-kosmetische-angaben\\\/#breadcrumb\",\"itemListElement\":[{\"@type\":\"ListItem\",\"position\":1,\"name\":\"Startseite\",\"item\":\"https:\\\/\\\/biorius.com\\\/de\\\/\"},{\"@type\":\"ListItem\",\"position\":2,\"name\":\"Bericht der EU-Kommission an das Parlament und den Rat \u00fcber kosmetische Angaben\"}]},{\"@type\":\"WebSite\",\"@id\":\"https:\\\/\\\/biorius.com\\\/de\\\/#website\",\"url\":\"https:\\\/\\\/biorius.com\\\/de\\\/\",\"name\":\"Biorius\",\"description\":\"You create dreams we protect them\",\"potentialAction\":[{\"@type\":\"SearchAction\",\"target\":{\"@type\":\"EntryPoint\",\"urlTemplate\":\"https:\\\/\\\/biorius.com\\\/de\\\/?s={search_term_string}\"},\"query-input\":{\"@type\":\"PropertyValueSpecification\",\"valueRequired\":true,\"valueName\":\"search_term_string\"}}],\"inLanguage\":\"de-DE\"},{\"@type\":\"Person\",\"@id\":\"https:\\\/\\\/biorius.com\\\/de\\\/#\\\/schema\\\/person\\\/118636d0af6db915f51e7a434d16faa3\",\"name\":\"nicolas.lenaers@biorius.com\",\"image\":{\"@type\":\"ImageObject\",\"inLanguage\":\"de-DE\",\"@id\":\"https:\\\/\\\/secure.gravatar.com\\\/avatar\\\/3a520f0f485dafed9d1c4b410310d05d541c8291d6f54c1e0e2b3687906b3979?s=96&d=mm&r=gafd756382464e9b8c7dd55685562e5f5\",\"url\":\"https:\\\/\\\/secure.gravatar.com\\\/avatar\\\/3a520f0f485dafed9d1c4b410310d05d541c8291d6f54c1e0e2b3687906b3979?s=96&d=mm&r=g\",\"contentUrl\":\"https:\\\/\\\/secure.gravatar.com\\\/avatar\\\/3a520f0f485dafed9d1c4b410310d05d541c8291d6f54c1e0e2b3687906b3979?s=96&d=mm&r=g\",\"caption\":\"nicolas.lenaers@biorius.com\"},\"url\":\"https:\\\/\\\/biorius.com\\\/ko\\\/cosmetic-news\\\/author\\\/nicolas-lenaersbiorius-com\\\/\"}]}<\/script>\n<!-- \/ Yoast SEO plugin. -->","yoast_head_json":{"title":"Bericht an das Parlament und den Rat \u00fcber kosmetische Angaben - Biorius","robots":{"index":"index","follow":"follow","max-snippet":"max-snippet:-1","max-image-preview":"max-image-preview:large","max-video-preview":"max-video-preview:-1"},"canonical":"https:\/\/biorius.com\/de\/cosmetic-news\/bericht-der-eu-kommission-an-das-parlament-und-den-rat-ueber-kosmetische-angaben\/","og_locale":"de_DE","og_type":"article","og_title":"Bericht an das Parlament und den Rat \u00fcber kosmetische Angaben - Biorius","og_description":"Wie in der EU-Kosmetikverordnung (EG Nr. 1223\/2009, Artikel 20) vorgesehen, wird die Zul\u00e4ssigkeit von Angaben \u00fcber kosmetische Mittel durch ihre \u00dcbereinstimmung mit den gemeinsamen Kriterien...","og_url":"https:\/\/biorius.com\/de\/cosmetic-news\/bericht-der-eu-kommission-an-das-parlament-und-den-rat-ueber-kosmetische-angaben\/","og_site_name":"Biorius","article_published_time":"2016-09-21T22:00:00+00:00","article_modified_time":"2024-05-08T09:36:43+00:00","og_image":[{"width":1920,"height":1042,"url":"https:\/\/biorius.com\/wp-content\/uploads\/2023\/10\/books-1845614_1920.jpg","type":"image\/jpeg"}],"author":"nicolas.lenaers@biorius.com","twitter_card":"summary_large_image","twitter_misc":{"Verfasst von":"nicolas.lenaers@biorius.com","Gesch\u00e4tzte Lesezeit":"3 Minuten"},"schema":{"@context":"https:\/\/schema.org","@graph":[{"@type":"Article","@id":"https:\/\/biorius.com\/de\/cosmetic-news\/bericht-der-eu-kommission-an-das-parlament-und-den-rat-ueber-kosmetische-angaben\/#article","isPartOf":{"@id":"https:\/\/biorius.com\/de\/cosmetic-news\/bericht-der-eu-kommission-an-das-parlament-und-den-rat-ueber-kosmetische-angaben\/"},"author":{"name":"nicolas.lenaers@biorius.com","@id":"https:\/\/biorius.com\/de\/#\/schema\/person\/118636d0af6db915f51e7a434d16faa3"},"headline":"Bericht der EU-Kommission an das Parlament und den Rat \u00fcber kosmetische Angaben","datePublished":"2016-09-21T22:00:00+00:00","dateModified":"2024-05-08T09:36:43+00:00","mainEntityOfPage":{"@id":"https:\/\/biorius.com\/de\/cosmetic-news\/bericht-der-eu-kommission-an-das-parlament-und-den-rat-ueber-kosmetische-angaben\/"},"wordCount":536,"commentCount":0,"image":{"@id":"https:\/\/biorius.com\/de\/cosmetic-news\/bericht-der-eu-kommission-an-das-parlament-und-den-rat-ueber-kosmetische-angaben\/#primaryimage"},"thumbnailUrl":"https:\/\/biorius.com\/wp-content\/uploads\/2023\/10\/books-1845614_1920.jpg","articleSection":["Kosmetikverordnung"],"inLanguage":"de-DE","potentialAction":[{"@type":"CommentAction","name":"Comment","target":["https:\/\/biorius.com\/de\/cosmetic-news\/bericht-der-eu-kommission-an-das-parlament-und-den-rat-ueber-kosmetische-angaben\/#respond"]}]},{"@type":"WebPage","@id":"https:\/\/biorius.com\/de\/cosmetic-news\/bericht-der-eu-kommission-an-das-parlament-und-den-rat-ueber-kosmetische-angaben\/","url":"https:\/\/biorius.com\/de\/cosmetic-news\/bericht-der-eu-kommission-an-das-parlament-und-den-rat-ueber-kosmetische-angaben\/","name":"Bericht an das Parlament und den Rat \u00fcber kosmetische Angaben - Biorius","isPartOf":{"@id":"https:\/\/biorius.com\/de\/#website"},"primaryImageOfPage":{"@id":"https:\/\/biorius.com\/de\/cosmetic-news\/bericht-der-eu-kommission-an-das-parlament-und-den-rat-ueber-kosmetische-angaben\/#primaryimage"},"image":{"@id":"https:\/\/biorius.com\/de\/cosmetic-news\/bericht-der-eu-kommission-an-das-parlament-und-den-rat-ueber-kosmetische-angaben\/#primaryimage"},"thumbnailUrl":"https:\/\/biorius.com\/wp-content\/uploads\/2023\/10\/books-1845614_1920.jpg","datePublished":"2016-09-21T22:00:00+00:00","dateModified":"2024-05-08T09:36:43+00:00","author":{"@id":"https:\/\/biorius.com\/de\/#\/schema\/person\/118636d0af6db915f51e7a434d16faa3"},"breadcrumb":{"@id":"https:\/\/biorius.com\/de\/cosmetic-news\/bericht-der-eu-kommission-an-das-parlament-und-den-rat-ueber-kosmetische-angaben\/#breadcrumb"},"inLanguage":"de-DE","potentialAction":[{"@type":"ReadAction","target":["https:\/\/biorius.com\/de\/cosmetic-news\/bericht-der-eu-kommission-an-das-parlament-und-den-rat-ueber-kosmetische-angaben\/"]}]},{"@type":"ImageObject","inLanguage":"de-DE","@id":"https:\/\/biorius.com\/de\/cosmetic-news\/bericht-der-eu-kommission-an-das-parlament-und-den-rat-ueber-kosmetische-angaben\/#primaryimage","url":"https:\/\/biorius.com\/wp-content\/uploads\/2023\/10\/books-1845614_1920.jpg","contentUrl":"https:\/\/biorius.com\/wp-content\/uploads\/2023\/10\/books-1845614_1920.jpg","width":1920,"height":1042,"caption":"Discover how the 2019 Omnibus Regulation impacts cosmetics, including new restrictions on Salicylic Acid and updates on prohibited substances."},{"@type":"BreadcrumbList","@id":"https:\/\/biorius.com\/de\/cosmetic-news\/bericht-der-eu-kommission-an-das-parlament-und-den-rat-ueber-kosmetische-angaben\/#breadcrumb","itemListElement":[{"@type":"ListItem","position":1,"name":"Startseite","item":"https:\/\/biorius.com\/de\/"},{"@type":"ListItem","position":2,"name":"Bericht der EU-Kommission an das Parlament und den Rat \u00fcber kosmetische Angaben"}]},{"@type":"WebSite","@id":"https:\/\/biorius.com\/de\/#website","url":"https:\/\/biorius.com\/de\/","name":"Biorius","description":"You create dreams we protect them","potentialAction":[{"@type":"SearchAction","target":{"@type":"EntryPoint","urlTemplate":"https:\/\/biorius.com\/de\/?s={search_term_string}"},"query-input":{"@type":"PropertyValueSpecification","valueRequired":true,"valueName":"search_term_string"}}],"inLanguage":"de-DE"},{"@type":"Person","@id":"https:\/\/biorius.com\/de\/#\/schema\/person\/118636d0af6db915f51e7a434d16faa3","name":"nicolas.lenaers@biorius.com","image":{"@type":"ImageObject","inLanguage":"de-DE","@id":"https:\/\/secure.gravatar.com\/avatar\/3a520f0f485dafed9d1c4b410310d05d541c8291d6f54c1e0e2b3687906b3979?s=96&d=mm&r=gafd756382464e9b8c7dd55685562e5f5","url":"https:\/\/secure.gravatar.com\/avatar\/3a520f0f485dafed9d1c4b410310d05d541c8291d6f54c1e0e2b3687906b3979?s=96&d=mm&r=g","contentUrl":"https:\/\/secure.gravatar.com\/avatar\/3a520f0f485dafed9d1c4b410310d05d541c8291d6f54c1e0e2b3687906b3979?s=96&d=mm&r=g","caption":"nicolas.lenaers@biorius.com"},"url":"https:\/\/biorius.com\/ko\/cosmetic-news\/author\/nicolas-lenaersbiorius-com\/"}]}},"authors":[{"term_id":2340,"user_id":2,"is_guest":0,"slug":"nicolas-lenaersbiorius-com","display_name":"nicolas.lenaers@biorius.com","avatar_url":"https:\/\/secure.gravatar.com\/avatar\/3a520f0f485dafed9d1c4b410310d05d541c8291d6f54c1e0e2b3687906b3979?s=96&d=mm&r=g","0":null,"1":"","2":"","3":"","4":"","5":"","6":"","7":"","8":""}],"_links":{"self":[{"href":"https:\/\/biorius.com\/de\/wp-json\/wp\/v2\/posts\/49257","targetHints":{"allow":["GET"]}}],"collection":[{"href":"https:\/\/biorius.com\/de\/wp-json\/wp\/v2\/posts"}],"about":[{"href":"https:\/\/biorius.com\/de\/wp-json\/wp\/v2\/types\/post"}],"author":[{"embeddable":true,"href":"https:\/\/biorius.com\/de\/wp-json\/wp\/v2\/users\/2"}],"replies":[{"embeddable":true,"href":"https:\/\/biorius.com\/de\/wp-json\/wp\/v2\/comments?post=49257"}],"version-history":[{"count":0,"href":"https:\/\/biorius.com\/de\/wp-json\/wp\/v2\/posts\/49257\/revisions"}],"wp:featuredmedia":[{"embeddable":true,"href":"https:\/\/biorius.com\/de\/wp-json\/wp\/v2\/media\/48676"}],"wp:attachment":[{"href":"https:\/\/biorius.com\/de\/wp-json\/wp\/v2\/media?parent=49257"}],"wp:term":[{"taxonomy":"category","embeddable":true,"href":"https:\/\/biorius.com\/de\/wp-json\/wp\/v2\/categories?post=49257"},{"taxonomy":"post_tag","embeddable":true,"href":"https:\/\/biorius.com\/de\/wp-json\/wp\/v2\/tags?post=49257"},{"taxonomy":"author","embeddable":true,"href":"https:\/\/biorius.com\/de\/wp-json\/wp\/v2\/ppma_author?post=49257"}],"curies":[{"name":"wp","href":"https:\/\/api.w.org\/{rel}","templated":true}]}}