{"id":49016,"date":"2021-05-03T00:00:00","date_gmt":"2021-05-02T22:00:00","guid":{"rendered":"https:\/\/biorius.com\/cosmetic-news\/kuenftige-beschraenkung-von-mikroplastik-in-kosmetischen-produkten\/"},"modified":"2024-05-08T11:30:56","modified_gmt":"2024-05-08T09:30:56","slug":"kuenftige-beschraenkung-von-mikroplastik-in-kosmetischen-produkten","status":"publish","type":"post","link":"https:\/\/biorius.com\/de\/cosmetic-news\/kuenftige-beschraenkung-von-mikroplastik-in-kosmetischen-produkten\/","title":{"rendered":"K\u00fcnftige Beschr\u00e4nkung von Mikroplastik in kosmetischen Produkten"},"content":{"rendered":"\n<h2 class=\"wp-block-heading\">Auf dem Weg zu einem (Quasi-)Verbot von Mikroplastik in kosmetischen Produkten<\/h2>\n\n<div class=\"wp-block-image\"><figure class=\"alignright size-large is-resized\"><img fetchpriority=\"high\" decoding=\"async\" src=\"https:\/\/biorius.com\/wp-content\/uploads\/2023\/10\/eu-flag-1024x683-1.jpg\" alt=\"\" class=\"wp-image-5233\" width=\"310\" height=\"206\"\/><\/figure><\/div>\n\n<p>Die ECHA, die Europ\u00e4ische Chemikalienagentur, hat ihre Schlussfolgerungen an die Europ\u00e4ische Kommission zur zuk\u00fcnftigen Beschr\u00e4nkung von Mikroplastik in der EU ver\u00f6ffentlicht. Die vorgeschlagene Einschr\u00e4nkung, die noch von der Kommission genehmigt werden muss, wird sich voraussichtlich auf die Kosmetikindustrie auswirken. Eine Verabschiedung dieser neuen Gesetzgebung k\u00f6nnte bereits Ende 2021 erfolgen, wahrscheinlicher ist jedoch 2022. \u00dcbergangsfristen werden gew\u00e4hrt, au\u00dfer f\u00fcr Mikroperlen (Peeling-Mikroplastik) in Kosmetika, die verboten werden, sobald die Verordnung in Kraft tritt.<\/p>\n\n<h2 class=\"wp-block-heading\"><strong>Mikroplastik &amp; Herausforderungen f\u00fcr die Umwelt<\/strong><\/h2>\n\n<div class=\"wp-block-image\"><figure class=\"alignleft size-large is-resized\"><img decoding=\"async\" src=\"https:\/\/biorius.com\/wp-content\/uploads\/2023\/10\/dustan-woodhouse-ruqovelx59i-unsplash-1-1024x768-1.jpg\" alt=\"\" class=\"wp-image-10412\" width=\"418\" height=\"314\"\/><\/figure><\/div>\n\n<p>Kunststoffe erleichtern unser Leben in vielerlei Hinsicht und sind oft leichter oder kosteng\u00fcnstiger als alternative Materialien. Wenn sie jedoch nicht ordnungsgem\u00e4\u00df entsorgt oder recycelt werden, k\u00f6nnen sie in der Umwelt landen, wo sie jahrhundertelang verbleiben und in immer kleinere Teile zerfallen. Diese kleinen Teile (typischerweise kleiner als 5 mm) werden als Mikroplastik bezeichnet und sind besorgniserregend.<\/p>\n\n<p>Mikroplastik sind feste Kunststoffpartikel, die aus Mischungen von Polymeren und funktionellen Zusatzstoffen bestehen. Mikroplastik kann unbeabsichtigt entstehen oder absichtlich hergestellt und Produkten zu bestimmten Zwecken hinzugef\u00fcgt werden, wie z.B. Peelingperlen in Gesichts- oder K\u00f6rperpeelings (Mikroperlen) oder dekorativer Glitter in Make-up-Produkten.<\/p>\n\n<p>Insgesamt werden in der EU sch\u00e4tzungsweise 145.000 Tonnen Mikroplastik pro Jahr verwendet, von denen etwa 42.000 Tonnen in die Umwelt gelangen. Es wird erwartet, dass der ECHA-Vorschlag die Freisetzung von 500.000 Tonnen Mikroplastik \u00fcber einen Zeitraum von 20 Jahren verhindern wird.<\/p>\n\n<h2 class=\"wp-block-heading\">Vorgeschlagene Einschr\u00e4nkung<\/h2>\n\n<div class=\"wp-block-image\"><figure class=\"alignright size-large is-resized\"><img decoding=\"async\" src=\"https:\/\/biorius.com\/wp-content\/uploads\/2023\/10\/thisisengineering-raeng-bcqdxjddpgk-unsplash-1-683x1024-1.jpg\" alt=\"\" class=\"wp-image-10420\" width=\"254\" height=\"382\"\/><\/figure><\/div>\n\n<p>Wenn die Gesetzgebung angenommen wird, darf die Konzentration eines Mikroplastiks in einem Gemisch, das in der EU in Verkehr gebracht werden soll, nicht mehr als 0,01% w\/w betragen. Im Rahmen dieser Beschr\u00e4nkung (die in etwa einem Verbot entspricht) werden 4 Kriterien herangezogen, um festzustellen, ob ein Material als Mikroplastik eingestuft werden kann oder nicht:<\/p>\n\n<ul class=\"wp-block-list\"><li>Synthetisches Polymer<ul><li>Nicht biologisch abbaubare Polymere (einschlie\u00dflich, aber nicht beschr\u00e4nkt auf Kunststoffe)<span style=\"color:#681a0e\" class=\"has-inline-color\"> <strong>fallen in den Anwendungsbereich dieser Beschr\u00e4nkung.<\/strong><\/span><\/li><\/ul><\/li><\/ul>\n\n<ul class=\"wp-block-list\"><li>Festk\u00f6rper<ul><li>Nur feste Polymere <span style=\"color:#660a1a\" class=\"has-inline-color\">\n  <strong>fallen in den Anwendungsbereich der Definition von Mikroplastik.<\/strong>\n<\/span><\/li><\/ul><\/li><\/ul>\n\n<ul class=\"wp-block-list\"><li>Morphologie der Partikel<ul><li>Die Sorge um Mikroplastik bezieht sich auf Partikel. Nur &#8220;winzige Teile von Materie mit definierten physikalischen Grenzen&#8221; <span style=\"color:#73050a\" class=\"has-inline-color\">\n  <strong>fallen in den Anwendungsbereich der Definition von Mikroplastik.<\/strong>\n<\/span><\/li><\/ul><\/li><\/ul>\n\n<ul class=\"wp-block-list\"><li>Abmessungen<ul><li>Nur Partikel, die ein festes Polymer enthalten, wenn \u2265 1% w\/w der Partikel einen (i) alle Abmessungen 1 nm \u2264 x \u2264 5 mm, oder (ii) eine L\u00e4nge von 3 nm \u2264 x \u2264 15 mm und ein Verh\u00e4ltnis von L\u00e4nge zu Durchmesser von &gt;3 <span style=\"color:#7a0c11\" class=\"has-inline-color\">\n  <strong>fallen in den Anwendungsbereich dieser Beschr\u00e4nkung.<\/strong>\n<\/span><\/li><\/ul><\/li><\/ul>\n\n<p>Eine Ausnahmeregelung w\u00fcrde bestehen und den Kosmetiksektor betreffen. Das bedeutet, dass die Beschr\u00e4nkung nicht gilt, auch wenn ein Material als Mikroplastik eingestuft wird: die &#8220;5b-Ausnahmeregelung&#8221;<a href=\"#_ftn1\">[1<\/a>]. In der Praxis w\u00fcrde diese Bestimmung eine Ausnahmeregelung f\u00fcr <strong>filmbildende<\/strong>  Funktionen von Mikroplastik in kosmetischen Mitteln, da die Mikroplastikpartikel am Ort der Verwendung aufh\u00f6ren zu existieren (z. B. &#8220;l\u00f6sen&#8221; sie sich auf, &#8220;verschmelzen&#8221; oder quellen in Kontakt mit Wasser dauerhaft so stark auf, dass sie nicht mehr als Partikel betrachtet werden k\u00f6nnen, da sie ihre Grenzfl\u00e4che verloren haben oder die relevanten Gr\u00f6\u00dfenabmessungen \u00fcberschreiten).<\/p>\n\n<p>Allerdings w\u00e4re diese Ausnahmeregelung mit besonderen Kennzeichnungs- und Meldepflichten verbunden (siehe unten). Daher k\u00f6nnte der Ausstieg aus der Verwendung von Polymeren (siehe Anhang II) in kosmetischen Produkten eine Option sein, die von einigen Kosmetikmarken in Betracht gezogen werden sollte.<\/p>\n\n<h2 class=\"wp-block-heading\">Auswirkungen der vorgeschlagenen Einschr\u00e4nkung<\/h2>\n\n<div class=\"wp-block-image\"><figure class=\"alignleft size-large is-resized\"><img loading=\"lazy\" decoding=\"async\" src=\"https:\/\/biorius.com\/wp-content\/uploads\/2023\/10\/pexels-karolina-grabowska-4465124-1-683x1024-1.jpg\" alt=\"\" class=\"wp-image-10429\" width=\"195\" height=\"292\"\/><\/figure><\/div>\n\n<p>Die Beschr\u00e4nkung w\u00fcrde sich vor allem auf die Kosmetikindustrie auswirken, und zwar in Form von Mikroperlen (Mikroplastik mit abrasiven Eigenschaften, das zum Peeling verwendet wird), Glitzer und eingekapselten Duftstoffen. Gel\u00f6ste Polymere, nat\u00fcrliche Polymere und ganz allgemein biologisch abbaubare Polymere oder Polymere, die am Ort der Verwendung nicht in Form von Mikroplastik vorliegen, fallen nicht unter diese vorgeschlagene Einschr\u00e4nkung.<\/p>\n\n<p>Bei einigen Funktionen ist es schwierig, <em>von vornherein<\/em> festzustellen, ob es sich bei dem Polymer um Mikroplastik handelt, das unter die Ausnahmeregelung &#8220;5b&#8221; f\u00e4llt. Dar\u00fcber hinaus r\u00e4umt die ECHA ein, dass es nicht m\u00f6glich ist, allein anhand des INCI-Namens eines Inhaltsstoffs festzustellen, ob ein Polymer ein Mikroplastik ist oder nicht.  <strong>Es liegt weitgehend in der Verantwortung der Rohstofflieferanten, diese Informationen zur Verf\u00fcgung zu stellen, und in der Verantwortung der Kosmetikmarken, wachsam zu bleiben, was sie verwenden.<\/strong><\/p>\n\n<h2 class=\"wp-block-heading\">Etikettierungsverpflichtungen<\/h2>\n\n<p>Wenn die Gesetzgebung angenommen wird, muss jeder Lieferant eines Stoffes oder Gemisches, das Mikroplastik enth\u00e4lt und f\u00fcr das eine &#8220;5b-Ausnahme&#8221; in Frage kommt, sicherstellen, dass gegebenenfalls entweder das Etikett und\/oder das Sicherheitsdatenblatt (SDB) und\/oder die &#8220;Gebrauchsanweisung&#8221; und\/oder die &#8220;Packungsbeilage&#8221; zus\u00e4tzlich zu den durch andere einschl\u00e4gige Rechtsvorschriften geforderten Angaben alle relevanten Anweisungen f\u00fcr die Verwendung enth\u00e4lt, um die Freisetzung von Mikroplastik in die Umwelt zu vermeiden, auch in der Phase des Lebenszyklus von Abf\u00e4llen. Die Anweisungen m\u00fcssen deutlich sichtbar, lesbar und unverwischbar sein und m\u00f6glicherweise die Form von Piktogrammen haben.<\/p>\n\n<div class=\"wp-block-image is-style-parallel\"><figure class=\"aligncenter size-large is-resized\"><img loading=\"lazy\" decoding=\"async\" src=\"https:\/\/biorius.com\/wp-content\/uploads\/2023\/10\/sigmund-ai4rj-mw4i-unsplash-1-1024x683-1.jpg\" alt=\"\" class=\"wp-image-10438\" width=\"378\" height=\"251\"\/><\/figure><\/div>\n\n<p>Diese Anforderung w\u00fcrde sowohl f\u00fcr den Hersteller von Mikroplastik, den industriellen nachgeschalteten Anwender dieses Mikroplastiks als auch f\u00fcr den nachgeschalteten Endverbraucher (die Kosmetikmarke, wenn sie in der EU ans\u00e4ssig ist, oder andernfalls ihr EU-Importeur) gelten.<\/p>\n\n<h2 class=\"wp-block-heading\">Berichtspflichten<\/h2>\n\n<div class=\"wp-block-image\"><figure class=\"alignright size-large is-resized\"><img loading=\"lazy\" decoding=\"async\" src=\"https:\/\/biorius.com\/wp-content\/uploads\/2023\/10\/girl-with-red-hat-07cg6g82ehq-unsplash-1-683x1024-1.jpg\" alt=\"\" class=\"wp-image-10404\" width=\"247\" height=\"369\"\/><\/figure><\/div>\n\n<p>Wenn die Gesetzgebung angenommen wird, w\u00fcrden Stoffe oder Gemische, die Mikroplastik enthalten und an Industriestandorten (in der EU) verwendet werden, der j\u00e4hrlichen Berichtspflicht gem\u00e4\u00df Artikel 111 der <a href=\"https:\/\/biorius.com\/de\/reach-registrierung-bewertung-zulassung-chemische-stoffe\/\" target=\"_blank\" rel=\"noreferrer noopener\">REACH-Verordnung<\/a> (EG Nr. 1907\/2006) unterliegen. Die Informationen, die gemeldet werden m\u00fcssten, lassen sich wie folgt zusammenfassen:<\/p>\n\n<ul class=\"wp-block-list\" type=\"A\"><li>Eine Beschreibung der Verwendung(en) von Mikroplastik im vergangenen Kalenderjahr,<\/li><li>F\u00fcr jede Verwendung allgemeine Informationen \u00fcber die Identit\u00e4t des\/der verwendeten Polymers\/Polymere,<\/li><li>F\u00fcr jede Verwendung eine Sch\u00e4tzung der Menge an Mikroplastik, die im vergangenen Kalenderjahr in die Umwelt gelangt ist.<\/li><\/ul>\n\n<p>Au\u00dferdem muss jeder Lieferant, der Mikroplastik in Verkehr bringt, das f\u00fcr die &#8220;5b-Ausnahme&#8221; in Frage kommt, der ECHA bis zum 31. Januar eines jeden Kalenderjahres das in Artikel 111 der REACH-Verordnung vorgeschriebene Format \u00fcbermitteln:<\/p>\n\n<ul class=\"wp-block-list\" type=\"A\"><li>Eine Beschreibung der beabsichtigten Endverwendung(en) des Mikroplastiks, das im vorangegangenen Kalenderjahr in Verkehr gebracht wurde,<\/li><li>F\u00fcr jede beabsichtigte Endanwendung allgemeine Informationen \u00fcber die Identit\u00e4t des\/der in Verkehr gebrachten Polymers\/Polymere,<\/li><li>F\u00fcr jede beabsichtigte Endverwendung eine Sch\u00e4tzung der Menge an Mikroplastik, die im vergangenen Kalenderjahr in die Umwelt freigesetzt wurde.<\/li><\/ul>\n\n<p>Der Ausschuss f\u00fcr sozio\u00f6konomische Analyse der ECHA erkannte an, dass die Meldepflicht f\u00fcr kleine Unternehmen, die geringe Mengen von Mikroplastik auf den EU-Markt bringen, unverh\u00e4ltnism\u00e4\u00dfig sein k\u00f6nnte. Daher kann die Europ\u00e4ische Kommission in ihrem Regelungsvorschlag Ausnahmen gew\u00e4hren.<\/p>\n\n<h2 class=\"wp-block-heading\">\u00dcbergangsfristen<\/h2>\n\n<p>Auf Ebene der ECHA wurden drei verschiedene \u00dcbergangsfristen vorgeschlagen, um die Umsetzung des Vorschlags f\u00fcr Beschr\u00e4nkungen zu verwalten. Diese \u00dcbergangsfristen w\u00fcrden zu dem Zeitpunkt beginnen, zu dem die Verordnung verabschiedet wird:<\/p>\n\n<div class=\"wp-block-image\"><figure class=\"alignright size-large is-resized\"><img loading=\"lazy\" decoding=\"async\" src=\"https:\/\/biorius.com\/wp-content\/uploads\/2023\/10\/pexels-pixabay-39396-1-1024x772-1.jpg\" alt=\"\" class=\"wp-image-10446\" width=\"408\" height=\"308\"\/><\/figure><\/div>\n\n<ul class=\"wp-block-list\"><li>Keine \u00dcbergangsfrist f\u00fcr kosmetische Produkte, die Mikroperlen enthalten. Diese fehlende \u00dcbergangsfrist steht im Einklang mit einer Reihe von nationalen Bestimmungen, die in der EU bereits in Kraft sind und Mikroperlen in Kosmetika ab 2018, 2019 oder 2020 verbieten.<\/li><li>4 Jahre \u00dcbergangsfrist f\u00fcr kosmetische Produkte zum Absp\u00fclen (die Mikroplastik, aber keine Mikroperlen enthalten).<\/li><li>6 Jahre \u00dcbergangsfrist f\u00fcr kosmetische Leave-on-Produkte (die Mikroplastik, aber keine Mikroperlen enthalten).<\/li><\/ul>\n\n<p>Dar\u00fcber hinaus w\u00fcrden f\u00fcr die Kennzeichnungs- und Meldepflichten besondere \u00dcbergangsfristen gelten:<\/p>\n\n<ul class=\"wp-block-list\"><li>2 Jahre f\u00fcr die Anwendung der Kennzeichnungspflicht<\/li><li>3 Jahre f\u00fcr die Anwendung der Meldepflichten<\/li><\/ul>\n\n<h2 class=\"wp-block-heading\">N\u00e4chste Schritte<\/h2>\n\n<ul class=\"wp-block-list\" type=\"A\"><li>Ein Regulierungsvorschlag k\u00f6nnte bereits im Mai 2021 ver\u00f6ffentlicht werden.<\/li><li>Die Diskussionen werden im Laufe des Jahres 2021 stattfinden und eine Abstimmung k\u00f6nnte bis September stattfinden.<\/li><li>Die Verabschiedung der Verordnung kann bereits Ende 2021 erfolgen, wahrscheinlicher ist jedoch das Jahr 2022. Die \u00dcbergangsfristen w\u00fcrden zum Zeitpunkt der Annahme der Verordnung beginnen.<\/li><\/ul>\n\n<p>Wir hoffen, dass dieser Brief Ihnen helfen wird. Z\u00f6gern Sie nicht, uns f\u00fcr weitere Informationen zu kontaktieren.<\/p>\n\n<p><\/p>\n\n<p>Autor : Dr. Fr\u00e9d\u00e9ric Lebreux<\/p>\n\n<p><\/p>\n\n<h2 class=\"wp-block-heading\">Anhang I: Referenzen<\/h2>\n\n<p>ECHA Mikroplastik Seite<\/p>\n\n<p><a href=\"https:\/\/echa.europa.eu\/hot-topics\/microplastics\" target=\"_blank\" rel=\"noreferrer noopener\">https:\/\/echa.europa.eu\/hot-topics\/microplastics<\/a><\/p>\n\n<p>Anhang XV Bericht \u00fcber Beschr\u00e4nkungen<\/p>\n\n<p><a href=\"https:\/\/echa.europa.eu\/documents\/10162\/05bd96e3-b969-0a7c-c6d0-441182893720\" target=\"_blank\" rel=\"noreferrer noopener\">https:\/\/echa.europa.eu\/documents\/10162\/05bd96e3-b969-0a7c-c6d0-441182893720<\/a><\/p>\n\n<p>Endg\u00fcltige Stellungnahme des Ausschusses f\u00fcr Risikobeurteilung der ECHA und des Ausschusses f\u00fcr sozio\u00f6konomische Analyse der ECHA<\/p>\n\n<p><a href=\"https:\/\/echa.europa.eu\/documents\/10162\/a513b793-dd84-d83a-9c06-e7a11580f366\" target=\"_blank\" rel=\"noreferrer noopener\">https:\/\/echa.europa.eu\/documents\/10162\/a513b793-dd84-d83a-9c06-e7a11580f366<\/a><\/p>\n\n<p>ECHA Q&amp;A Dezember 2020<\/p>\n\n<p><a href=\"https:\/\/echa.europa.eu\/documents\/10162\/28801697\/qa_intentionally_added_microplastics_restriction_en.pdf\/5f3caa33-c51f-869e-81c8-7e1852a4171c\" target=\"_blank\" rel=\"noreferrer noopener\">https:\/\/echa.europa.eu\/documents\/10162\/28801697\/qa_intentionally_added_microplastics_restriction_en.pdf\/5f3caa33-c51f-869e-81c8-7e1852a4171c<\/a><\/p>\n\n<p>ECHA-Register der Beschr\u00e4nkungsabsichten bis zum Ergebnis<\/p>\n\n<p><strong><a href=\"https:\/\/echa.europa.eu\/registry-of-restriction-intentions\/-\/dislist\/details\/0b0236e18244cd73\" target=\"_blank\" rel=\"noreferrer noopener\">https:\/\/echa.europa.eu\/registry-of-restriction-intentions\/-\/dislist\/details\/0b0236e18244cd73<\/a><\/strong><\/p>\n\n<h2 class=\"wp-block-heading\">Anhang II: Nicht ersch\u00f6pfende Liste der Polymere, die als Mikroplastik eingestuft werden k\u00f6nnen und m\u00f6glicherweise einer Beschr\u00e4nkung unterliegen<\/h2>\n\n<figure class=\"wp-block-table is-style-regular\"><table><tbody><tr><td>Polymer<\/td><td>  Funktion<\/td><\/tr><tr><td>Nylon-12 (Polyamid-12)<\/td><td>F\u00fcllend, viskosit\u00e4tsregulierend, tr\u00fcbend (z.B. Faltencremes)  <\/td><\/tr><tr><td>Nylon-6<\/td><td>F\u00fcllstoff, Viskosit\u00e4tskontrolle<\/td><\/tr><tr><td>Poly(butylenterephthalat)<\/td><td>Filmbildung, Viskosit\u00e4tskontrolle<\/td><\/tr><tr><td>Poly(ethylenisoterephthalat)<\/td><td>F\u00fcllstoff<\/td><\/tr><tr><td>Poly(ethylenterephthalat)<\/td><td>Klebstoff, Filmbildung, Haarfixiermittel; Viskosit\u00e4tskontrolle, \u00e4sthetisches Mittel (z.B. Glitzer in Schaumb\u00e4dern, Make-up)<\/td><\/tr><tr><td>Poly(methylmethylacrylat)  <\/td><td>Sorptionsmittel f\u00fcr die Abgabe von Wirkstoffen<\/td><\/tr><tr><td>Poly(pentaerythrityl terephthalat)<\/td><td>Filmbildung<\/td><\/tr><tr><td>Poly(propylenterephthalat)  <\/td><td>Emulsionsstabilisierend, hautpflegend<\/td><\/tr><tr><td>Polyethylen<\/td><td>Abrasiv, filmbildend, viskosit\u00e4tskontrollierend, Bindemittel f\u00fcr Puder<\/td><\/tr><tr><td>Polypropylen<\/td><td>F\u00fcllstoff, Mittel zur Erh\u00f6hung der Viskosit\u00e4t<\/td><\/tr><tr><td>Polystyrol<\/td><td>Filmbildung<\/td><\/tr><tr><td>Polytetrafluorethylen (Teflon)<\/td><td>F\u00fcllstoff, Gleitmittel, Bindemittel, Hautpflegemittel<\/td><\/tr><tr><td>Polyurethan<\/td><td>Filmbildung (z.B. Gesichtsmasken, Sonnenschutzmittel, Wimperntusche)<\/td><\/tr><tr><td>Polyacrylat<\/td><td>Viskosit\u00e4t kontrollieren<\/td><\/tr><tr><td>Acrylat-Copolymer<\/td><td>Bindemittel, Haarfixiermittel, Filmbildung, Suspensionsmittel<\/td><\/tr><tr><td>Allylstearat\/Vinylacetat-Copolymere  <\/td><td>Filmbildung, Haarfestiger<\/td><\/tr><tr><td>Ethylen\/Methylacrylat-Copolymer<\/td><td>Filmbildung<\/td><\/tr><tr><td>Ethylen\/Acrylat-Copolymer<\/td><td>Filmbildung in wasserfestem Sonnenschutzmittel, Geliermittel (z.B. Lippenstift, Stiftprodukte, Handcremes)<\/td><\/tr><tr><td>Butylen\/Ethylen\/Styrol-Copolymer<\/td><td>Viskosit\u00e4t kontrollieren<\/td><\/tr><tr><td>Styrol-Acrylat-Copolymer<\/td><td>\u00c4sthetische, farbige Mikrokugeln (z.B. Make-up)<\/td><\/tr><tr><td>Trimethylsiloxysilikat (Silikonharz)<\/td><td>Filmbildung (z.B. Farbkosmetik, Hautpflege, Sonnenpflege)<\/td><\/tr><\/tbody><\/table><\/figure>\n\n<hr class=\"wp-block-separator\"\/>\n\n<p><a href=\"#_ftnref1\">[1]<\/a> &#8220;Stoffe oder Gemische, die Mikroplastik enthalten, bei denen die physikalischen Eigenschaften des Mikroplastiks w\u00e4hrend der Endverwendung dauerhaft ver\u00e4ndert werden, so dass die Polymere nicht mehr die Bedeutung von Mikroplastik im Sinne von Absatz 2 Buchstabe a erf\u00fcllen&#8221;. Vor\u00fcbergehender Verlust von Mikroplastik ist nicht als Ausnahmeregelung gedacht.<\/p>\n","protected":false},"excerpt":{"rendered":"<p>Auf dem Weg zu einem (Quasi-)Verbot von Mikroplastik in kosmetischen Produkten Die ECHA, die Europ\u00e4ische Chemikalienagentur, hat ihre Schlussfolgerungen an die Europ\u00e4ische Kommission zur zuk\u00fcnftigen&#8230;<\/p>\n","protected":false},"author":2,"featured_media":49020,"comment_status":"open","ping_status":"open","sticky":false,"template":"","format":"standard","meta":{"_acf_changed":false,"_coblocks_attr":"","_coblocks_dimensions":"","_coblocks_responsive_height":"","_coblocks_accordion_ie_support":"","footnotes":""},"categories":[2293],"tags":[],"ppma_author":[2340],"class_list":["post-49016","post","type-post","status-publish","format-standard","has-post-thumbnail","hentry","category-kosmetikverordnung","author-nicolas-lenaersbiorius-com"],"acf":[],"yoast_head":"<!-- This site is optimized with the Yoast SEO plugin v27.5 - https:\/\/yoast.com\/product\/yoast-seo-wordpress\/ -->\n<title>K\u00fcnftige Beschr\u00e4nkung von Mikroplastik in kosmetischen Produkten - Biorius<\/title>\n<meta name=\"description\" content=\"Die vorgeschlagene Beschr\u00e4nkung f\u00fcr Mikroplastik wird sich voraussichtlich in folgenden Punkten auf die europ\u00e4ische Kosmetikindustrie auswirken.\" \/>\n<meta name=\"robots\" content=\"index, follow, max-snippet:-1, max-image-preview:large, max-video-preview:-1\" \/>\n<link rel=\"canonical\" href=\"https:\/\/biorius.com\/de\/cosmetic-news\/kuenftige-beschraenkung-von-mikroplastik-in-kosmetischen-produkten\/\" \/>\n<meta property=\"og:locale\" content=\"de_DE\" \/>\n<meta property=\"og:type\" content=\"article\" \/>\n<meta property=\"og:title\" content=\"K\u00fcnftige Beschr\u00e4nkung von Mikroplastik in kosmetischen Produkten - Biorius\" \/>\n<meta property=\"og:description\" content=\"Die vorgeschlagene Beschr\u00e4nkung f\u00fcr Mikroplastik wird sich voraussichtlich in folgenden Punkten auf die europ\u00e4ische Kosmetikindustrie auswirken.\" \/>\n<meta property=\"og:url\" content=\"https:\/\/biorius.com\/de\/cosmetic-news\/kuenftige-beschraenkung-von-mikroplastik-in-kosmetischen-produkten\/\" \/>\n<meta property=\"og:site_name\" content=\"Biorius\" \/>\n<meta property=\"article:published_time\" content=\"2021-05-02T22:00:00+00:00\" \/>\n<meta property=\"article:modified_time\" content=\"2024-05-08T09:30:56+00:00\" \/>\n<meta property=\"og:image\" content=\"https:\/\/biorius.com\/wp-content\/uploads\/2023\/10\/girl-with-red-hat-07cg6g82ehq-unsplash.jpg\" \/>\n\t<meta property=\"og:image:width\" content=\"1280\" \/>\n\t<meta property=\"og:image:height\" content=\"1920\" \/>\n\t<meta property=\"og:image:type\" content=\"image\/jpeg\" \/>\n<meta name=\"author\" content=\"nicolas.lenaers@biorius.com\" \/>\n<meta name=\"twitter:card\" content=\"summary_large_image\" \/>\n<meta name=\"twitter:label1\" content=\"Verfasst von\" \/>\n\t<meta name=\"twitter:data1\" content=\"nicolas.lenaers@biorius.com\" \/>\n\t<meta name=\"twitter:label2\" content=\"Gesch\u00e4tzte Lesezeit\" \/>\n\t<meta name=\"twitter:data2\" content=\"8 Minuten\" \/>\n<script type=\"application\/ld+json\" class=\"yoast-schema-graph\">{\"@context\":\"https:\\\/\\\/schema.org\",\"@graph\":[{\"@type\":\"Article\",\"@id\":\"https:\\\/\\\/biorius.com\\\/de\\\/cosmetic-news\\\/kuenftige-beschraenkung-von-mikroplastik-in-kosmetischen-produkten\\\/#article\",\"isPartOf\":{\"@id\":\"https:\\\/\\\/biorius.com\\\/de\\\/cosmetic-news\\\/kuenftige-beschraenkung-von-mikroplastik-in-kosmetischen-produkten\\\/\"},\"author\":{\"name\":\"nicolas.lenaers@biorius.com\",\"@id\":\"https:\\\/\\\/biorius.com\\\/de\\\/#\\\/schema\\\/person\\\/118636d0af6db915f51e7a434d16faa3\"},\"headline\":\"K\u00fcnftige Beschr\u00e4nkung von Mikroplastik in kosmetischen Produkten\",\"datePublished\":\"2021-05-02T22:00:00+00:00\",\"dateModified\":\"2024-05-08T09:30:56+00:00\",\"mainEntityOfPage\":{\"@id\":\"https:\\\/\\\/biorius.com\\\/de\\\/cosmetic-news\\\/kuenftige-beschraenkung-von-mikroplastik-in-kosmetischen-produkten\\\/\"},\"wordCount\":1592,\"commentCount\":0,\"image\":{\"@id\":\"https:\\\/\\\/biorius.com\\\/de\\\/cosmetic-news\\\/kuenftige-beschraenkung-von-mikroplastik-in-kosmetischen-produkten\\\/#primaryimage\"},\"thumbnailUrl\":\"https:\\\/\\\/biorius.com\\\/wp-content\\\/uploads\\\/2023\\\/10\\\/girl-with-red-hat-07cg6g82ehq-unsplash.jpg\",\"articleSection\":[\"Kosmetikverordnung\"],\"inLanguage\":\"de-DE\",\"potentialAction\":[{\"@type\":\"CommentAction\",\"name\":\"Comment\",\"target\":[\"https:\\\/\\\/biorius.com\\\/de\\\/cosmetic-news\\\/kuenftige-beschraenkung-von-mikroplastik-in-kosmetischen-produkten\\\/#respond\"]}]},{\"@type\":\"WebPage\",\"@id\":\"https:\\\/\\\/biorius.com\\\/de\\\/cosmetic-news\\\/kuenftige-beschraenkung-von-mikroplastik-in-kosmetischen-produkten\\\/\",\"url\":\"https:\\\/\\\/biorius.com\\\/de\\\/cosmetic-news\\\/kuenftige-beschraenkung-von-mikroplastik-in-kosmetischen-produkten\\\/\",\"name\":\"K\u00fcnftige Beschr\u00e4nkung von Mikroplastik in kosmetischen Produkten - Biorius\",\"isPartOf\":{\"@id\":\"https:\\\/\\\/biorius.com\\\/de\\\/#website\"},\"primaryImageOfPage\":{\"@id\":\"https:\\\/\\\/biorius.com\\\/de\\\/cosmetic-news\\\/kuenftige-beschraenkung-von-mikroplastik-in-kosmetischen-produkten\\\/#primaryimage\"},\"image\":{\"@id\":\"https:\\\/\\\/biorius.com\\\/de\\\/cosmetic-news\\\/kuenftige-beschraenkung-von-mikroplastik-in-kosmetischen-produkten\\\/#primaryimage\"},\"thumbnailUrl\":\"https:\\\/\\\/biorius.com\\\/wp-content\\\/uploads\\\/2023\\\/10\\\/girl-with-red-hat-07cg6g82ehq-unsplash.jpg\",\"datePublished\":\"2021-05-02T22:00:00+00:00\",\"dateModified\":\"2024-05-08T09:30:56+00:00\",\"author\":{\"@id\":\"https:\\\/\\\/biorius.com\\\/de\\\/#\\\/schema\\\/person\\\/118636d0af6db915f51e7a434d16faa3\"},\"description\":\"Die vorgeschlagene Beschr\u00e4nkung f\u00fcr Mikroplastik wird sich voraussichtlich in folgenden Punkten auf die europ\u00e4ische Kosmetikindustrie auswirken.\",\"breadcrumb\":{\"@id\":\"https:\\\/\\\/biorius.com\\\/de\\\/cosmetic-news\\\/kuenftige-beschraenkung-von-mikroplastik-in-kosmetischen-produkten\\\/#breadcrumb\"},\"inLanguage\":\"de-DE\",\"potentialAction\":[{\"@type\":\"ReadAction\",\"target\":[\"https:\\\/\\\/biorius.com\\\/de\\\/cosmetic-news\\\/kuenftige-beschraenkung-von-mikroplastik-in-kosmetischen-produkten\\\/\"]}]},{\"@type\":\"ImageObject\",\"inLanguage\":\"de-DE\",\"@id\":\"https:\\\/\\\/biorius.com\\\/de\\\/cosmetic-news\\\/kuenftige-beschraenkung-von-mikroplastik-in-kosmetischen-produkten\\\/#primaryimage\",\"url\":\"https:\\\/\\\/biorius.com\\\/wp-content\\\/uploads\\\/2023\\\/10\\\/girl-with-red-hat-07cg6g82ehq-unsplash.jpg\",\"contentUrl\":\"https:\\\/\\\/biorius.com\\\/wp-content\\\/uploads\\\/2023\\\/10\\\/girl-with-red-hat-07cg6g82ehq-unsplash.jpg\",\"width\":1280,\"height\":1920},{\"@type\":\"BreadcrumbList\",\"@id\":\"https:\\\/\\\/biorius.com\\\/de\\\/cosmetic-news\\\/kuenftige-beschraenkung-von-mikroplastik-in-kosmetischen-produkten\\\/#breadcrumb\",\"itemListElement\":[{\"@type\":\"ListItem\",\"position\":1,\"name\":\"Startseite\",\"item\":\"https:\\\/\\\/biorius.com\\\/de\\\/\"},{\"@type\":\"ListItem\",\"position\":2,\"name\":\"K\u00fcnftige Beschr\u00e4nkung von Mikroplastik in kosmetischen Produkten\"}]},{\"@type\":\"WebSite\",\"@id\":\"https:\\\/\\\/biorius.com\\\/de\\\/#website\",\"url\":\"https:\\\/\\\/biorius.com\\\/de\\\/\",\"name\":\"Biorius\",\"description\":\"You create dreams we protect them\",\"potentialAction\":[{\"@type\":\"SearchAction\",\"target\":{\"@type\":\"EntryPoint\",\"urlTemplate\":\"https:\\\/\\\/biorius.com\\\/de\\\/?s={search_term_string}\"},\"query-input\":{\"@type\":\"PropertyValueSpecification\",\"valueRequired\":true,\"valueName\":\"search_term_string\"}}],\"inLanguage\":\"de-DE\"},{\"@type\":\"Person\",\"@id\":\"https:\\\/\\\/biorius.com\\\/de\\\/#\\\/schema\\\/person\\\/118636d0af6db915f51e7a434d16faa3\",\"name\":\"nicolas.lenaers@biorius.com\",\"image\":{\"@type\":\"ImageObject\",\"inLanguage\":\"de-DE\",\"@id\":\"https:\\\/\\\/secure.gravatar.com\\\/avatar\\\/3a520f0f485dafed9d1c4b410310d05d541c8291d6f54c1e0e2b3687906b3979?s=96&d=mm&r=gafd756382464e9b8c7dd55685562e5f5\",\"url\":\"https:\\\/\\\/secure.gravatar.com\\\/avatar\\\/3a520f0f485dafed9d1c4b410310d05d541c8291d6f54c1e0e2b3687906b3979?s=96&d=mm&r=g\",\"contentUrl\":\"https:\\\/\\\/secure.gravatar.com\\\/avatar\\\/3a520f0f485dafed9d1c4b410310d05d541c8291d6f54c1e0e2b3687906b3979?s=96&d=mm&r=g\",\"caption\":\"nicolas.lenaers@biorius.com\"},\"url\":\"https:\\\/\\\/biorius.com\\\/cosmetic-news\\\/author\\\/nicolas-lenaersbiorius-com\\\/\"}]}<\/script>\n<!-- \/ Yoast SEO plugin. -->","yoast_head_json":{"title":"K\u00fcnftige Beschr\u00e4nkung von Mikroplastik in kosmetischen Produkten - Biorius","description":"Die vorgeschlagene Beschr\u00e4nkung f\u00fcr Mikroplastik wird sich voraussichtlich in folgenden Punkten auf die europ\u00e4ische Kosmetikindustrie auswirken.","robots":{"index":"index","follow":"follow","max-snippet":"max-snippet:-1","max-image-preview":"max-image-preview:large","max-video-preview":"max-video-preview:-1"},"canonical":"https:\/\/biorius.com\/de\/cosmetic-news\/kuenftige-beschraenkung-von-mikroplastik-in-kosmetischen-produkten\/","og_locale":"de_DE","og_type":"article","og_title":"K\u00fcnftige Beschr\u00e4nkung von Mikroplastik in kosmetischen Produkten - Biorius","og_description":"Die vorgeschlagene Beschr\u00e4nkung f\u00fcr Mikroplastik wird sich voraussichtlich in folgenden Punkten auf die europ\u00e4ische Kosmetikindustrie auswirken.","og_url":"https:\/\/biorius.com\/de\/cosmetic-news\/kuenftige-beschraenkung-von-mikroplastik-in-kosmetischen-produkten\/","og_site_name":"Biorius","article_published_time":"2021-05-02T22:00:00+00:00","article_modified_time":"2024-05-08T09:30:56+00:00","og_image":[{"width":1280,"height":1920,"url":"https:\/\/biorius.com\/wp-content\/uploads\/2023\/10\/girl-with-red-hat-07cg6g82ehq-unsplash.jpg","type":"image\/jpeg"}],"author":"nicolas.lenaers@biorius.com","twitter_card":"summary_large_image","twitter_misc":{"Verfasst von":"nicolas.lenaers@biorius.com","Gesch\u00e4tzte Lesezeit":"8 Minuten"},"schema":{"@context":"https:\/\/schema.org","@graph":[{"@type":"Article","@id":"https:\/\/biorius.com\/de\/cosmetic-news\/kuenftige-beschraenkung-von-mikroplastik-in-kosmetischen-produkten\/#article","isPartOf":{"@id":"https:\/\/biorius.com\/de\/cosmetic-news\/kuenftige-beschraenkung-von-mikroplastik-in-kosmetischen-produkten\/"},"author":{"name":"nicolas.lenaers@biorius.com","@id":"https:\/\/biorius.com\/de\/#\/schema\/person\/118636d0af6db915f51e7a434d16faa3"},"headline":"K\u00fcnftige Beschr\u00e4nkung von Mikroplastik in kosmetischen Produkten","datePublished":"2021-05-02T22:00:00+00:00","dateModified":"2024-05-08T09:30:56+00:00","mainEntityOfPage":{"@id":"https:\/\/biorius.com\/de\/cosmetic-news\/kuenftige-beschraenkung-von-mikroplastik-in-kosmetischen-produkten\/"},"wordCount":1592,"commentCount":0,"image":{"@id":"https:\/\/biorius.com\/de\/cosmetic-news\/kuenftige-beschraenkung-von-mikroplastik-in-kosmetischen-produkten\/#primaryimage"},"thumbnailUrl":"https:\/\/biorius.com\/wp-content\/uploads\/2023\/10\/girl-with-red-hat-07cg6g82ehq-unsplash.jpg","articleSection":["Kosmetikverordnung"],"inLanguage":"de-DE","potentialAction":[{"@type":"CommentAction","name":"Comment","target":["https:\/\/biorius.com\/de\/cosmetic-news\/kuenftige-beschraenkung-von-mikroplastik-in-kosmetischen-produkten\/#respond"]}]},{"@type":"WebPage","@id":"https:\/\/biorius.com\/de\/cosmetic-news\/kuenftige-beschraenkung-von-mikroplastik-in-kosmetischen-produkten\/","url":"https:\/\/biorius.com\/de\/cosmetic-news\/kuenftige-beschraenkung-von-mikroplastik-in-kosmetischen-produkten\/","name":"K\u00fcnftige Beschr\u00e4nkung von Mikroplastik in kosmetischen Produkten - Biorius","isPartOf":{"@id":"https:\/\/biorius.com\/de\/#website"},"primaryImageOfPage":{"@id":"https:\/\/biorius.com\/de\/cosmetic-news\/kuenftige-beschraenkung-von-mikroplastik-in-kosmetischen-produkten\/#primaryimage"},"image":{"@id":"https:\/\/biorius.com\/de\/cosmetic-news\/kuenftige-beschraenkung-von-mikroplastik-in-kosmetischen-produkten\/#primaryimage"},"thumbnailUrl":"https:\/\/biorius.com\/wp-content\/uploads\/2023\/10\/girl-with-red-hat-07cg6g82ehq-unsplash.jpg","datePublished":"2021-05-02T22:00:00+00:00","dateModified":"2024-05-08T09:30:56+00:00","author":{"@id":"https:\/\/biorius.com\/de\/#\/schema\/person\/118636d0af6db915f51e7a434d16faa3"},"description":"Die vorgeschlagene Beschr\u00e4nkung f\u00fcr Mikroplastik wird sich voraussichtlich in folgenden Punkten auf die europ\u00e4ische Kosmetikindustrie auswirken.","breadcrumb":{"@id":"https:\/\/biorius.com\/de\/cosmetic-news\/kuenftige-beschraenkung-von-mikroplastik-in-kosmetischen-produkten\/#breadcrumb"},"inLanguage":"de-DE","potentialAction":[{"@type":"ReadAction","target":["https:\/\/biorius.com\/de\/cosmetic-news\/kuenftige-beschraenkung-von-mikroplastik-in-kosmetischen-produkten\/"]}]},{"@type":"ImageObject","inLanguage":"de-DE","@id":"https:\/\/biorius.com\/de\/cosmetic-news\/kuenftige-beschraenkung-von-mikroplastik-in-kosmetischen-produkten\/#primaryimage","url":"https:\/\/biorius.com\/wp-content\/uploads\/2023\/10\/girl-with-red-hat-07cg6g82ehq-unsplash.jpg","contentUrl":"https:\/\/biorius.com\/wp-content\/uploads\/2023\/10\/girl-with-red-hat-07cg6g82ehq-unsplash.jpg","width":1280,"height":1920},{"@type":"BreadcrumbList","@id":"https:\/\/biorius.com\/de\/cosmetic-news\/kuenftige-beschraenkung-von-mikroplastik-in-kosmetischen-produkten\/#breadcrumb","itemListElement":[{"@type":"ListItem","position":1,"name":"Startseite","item":"https:\/\/biorius.com\/de\/"},{"@type":"ListItem","position":2,"name":"K\u00fcnftige Beschr\u00e4nkung von Mikroplastik in kosmetischen Produkten"}]},{"@type":"WebSite","@id":"https:\/\/biorius.com\/de\/#website","url":"https:\/\/biorius.com\/de\/","name":"Biorius","description":"You create dreams we protect them","potentialAction":[{"@type":"SearchAction","target":{"@type":"EntryPoint","urlTemplate":"https:\/\/biorius.com\/de\/?s={search_term_string}"},"query-input":{"@type":"PropertyValueSpecification","valueRequired":true,"valueName":"search_term_string"}}],"inLanguage":"de-DE"},{"@type":"Person","@id":"https:\/\/biorius.com\/de\/#\/schema\/person\/118636d0af6db915f51e7a434d16faa3","name":"nicolas.lenaers@biorius.com","image":{"@type":"ImageObject","inLanguage":"de-DE","@id":"https:\/\/secure.gravatar.com\/avatar\/3a520f0f485dafed9d1c4b410310d05d541c8291d6f54c1e0e2b3687906b3979?s=96&d=mm&r=gafd756382464e9b8c7dd55685562e5f5","url":"https:\/\/secure.gravatar.com\/avatar\/3a520f0f485dafed9d1c4b410310d05d541c8291d6f54c1e0e2b3687906b3979?s=96&d=mm&r=g","contentUrl":"https:\/\/secure.gravatar.com\/avatar\/3a520f0f485dafed9d1c4b410310d05d541c8291d6f54c1e0e2b3687906b3979?s=96&d=mm&r=g","caption":"nicolas.lenaers@biorius.com"},"url":"https:\/\/biorius.com\/cosmetic-news\/author\/nicolas-lenaersbiorius-com\/"}]}},"authors":[{"term_id":2340,"user_id":2,"is_guest":0,"slug":"nicolas-lenaersbiorius-com","display_name":"nicolas.lenaers@biorius.com","avatar_url":"https:\/\/secure.gravatar.com\/avatar\/3a520f0f485dafed9d1c4b410310d05d541c8291d6f54c1e0e2b3687906b3979?s=96&d=mm&r=g","0":null,"1":"","2":"","3":"","4":"","5":"","6":"","7":"","8":""}],"_links":{"self":[{"href":"https:\/\/biorius.com\/de\/wp-json\/wp\/v2\/posts\/49016","targetHints":{"allow":["GET"]}}],"collection":[{"href":"https:\/\/biorius.com\/de\/wp-json\/wp\/v2\/posts"}],"about":[{"href":"https:\/\/biorius.com\/de\/wp-json\/wp\/v2\/types\/post"}],"author":[{"embeddable":true,"href":"https:\/\/biorius.com\/de\/wp-json\/wp\/v2\/users\/2"}],"replies":[{"embeddable":true,"href":"https:\/\/biorius.com\/de\/wp-json\/wp\/v2\/comments?post=49016"}],"version-history":[{"count":0,"href":"https:\/\/biorius.com\/de\/wp-json\/wp\/v2\/posts\/49016\/revisions"}],"wp:featuredmedia":[{"embeddable":true,"href":"https:\/\/biorius.com\/de\/wp-json\/wp\/v2\/media\/49020"}],"wp:attachment":[{"href":"https:\/\/biorius.com\/de\/wp-json\/wp\/v2\/media?parent=49016"}],"wp:term":[{"taxonomy":"category","embeddable":true,"href":"https:\/\/biorius.com\/de\/wp-json\/wp\/v2\/categories?post=49016"},{"taxonomy":"post_tag","embeddable":true,"href":"https:\/\/biorius.com\/de\/wp-json\/wp\/v2\/tags?post=49016"},{"taxonomy":"author","embeddable":true,"href":"https:\/\/biorius.com\/de\/wp-json\/wp\/v2\/ppma_author?post=49016"}],"curies":[{"name":"wp","href":"https:\/\/api.w.org\/{rel}","templated":true}]}}