{"id":49001,"date":"2021-03-18T00:00:00","date_gmt":"2021-03-17T23:00:00","guid":{"rendered":"https:\/\/biorius.com\/cosmetic-news\/auswirkungen-des-agec-gesetzes-auf-in-frankreich-verkaufte-kosmetische-produkte\/"},"modified":"2024-05-08T11:29:51","modified_gmt":"2024-05-08T09:29:51","slug":"auswirkungen-des-agec-gesetzes-auf-in-frankreich-verkaufte-kosmetische-produkte","status":"publish","type":"post","link":"https:\/\/biorius.com\/de\/cosmetic-news\/auswirkungen-des-agec-gesetzes-auf-in-frankreich-verkaufte-kosmetische-produkte\/","title":{"rendered":"Auswirkungen des AGEC-Gesetzes auf in Frankreich verkaufte kosmetische Produkte"},"content":{"rendered":"\n<h2 class=\"wp-block-heading\">Anti-Abfall-Gesetz f\u00fcr eine Kreislaufwirtschaft<\/h2>\n\n<div class=\"wp-block-image\"><figure class=\"alignleft size-large is-resized\"><img fetchpriority=\"high\" decoding=\"async\" src=\"https:\/\/biorius.com\/wp-content\/uploads\/2023\/10\/pexels-vlada-karpovich-4668363-1-682x1024-1.jpg\" alt=\"\" class=\"wp-image-7937\" width=\"282\" height=\"424\"\/><\/figure><\/div>\n\n<p>Das franz\u00f6sische <a href=\"https:\/\/www.legifrance.gouv.fr\/download\/pdf?id=tIvlngK1-pPYKGFzbZJvgnB0La5rYk6ys5dm_FwTPZs=\" target=\"_blank\" rel=\"noreferrer noopener\">Anti-Abfallgesetz f\u00fcr eine Kreislaufwirtschaft<\/a> n\u00b02020-105 (bekannt als AGEC-Gesetz) wurde im Februar 2020 ver\u00f6ffentlicht. Das Ziel dieses Gesetzes ist es, die Wiederverwendung und das Recycling zu verbessern und den Verbrauch von Plastik zu reduzieren. Es zielt darauf ab, die derzeitige lineare Art und Weise der Produktion, des Konsums und der Abfallbewirtschaftung schrittweise in eine Kreislaufwirtschaft zu verwandeln. Das Gesetz umfasst etwa hundert Ma\u00dfnahmen, die sich auf 5 Hauptachsen verteilen:<\/p>\n\n<ul class=\"wp-block-list\"><li>Ausstieg aus dem Einwegplastik<\/li><li>Bessere Information der Verbraucher<\/li><li>Kampf gegen Abfall und F\u00f6rderung der Wiederverwendung<\/li><li>Gegen geplante Obsoleszenz vorgehen<\/li><li>Besser produzieren<\/li><\/ul>\n\n<p><\/p>\n\n<h2 class=\"wp-block-heading\"><strong>Wie wird sich dieses Gesetz auf die in Frankreich auf den Markt gebrachten kosmetischen Produkte auswirken?<\/strong><\/h2>\n\n<div class=\"wp-block-image is-style-default\"><figure class=\"alignright size-large is-resized\"><img decoding=\"async\" src=\"https:\/\/biorius.com\/wp-content\/uploads\/2023\/10\/pexels-ekaterina-bolovtsova-6077326-1024x683-1.jpg\" alt=\"\" class=\"wp-image-7925\" width=\"273\" height=\"181\"\/><\/figure><\/div>\n\n<p class=\"has-text-align-left\">Dieses Gesetz wird verschiedene Auswirkungen auf die Kosmetikindustrie haben, wie z.B. das Verbot, unverkaufte Produkte zu vernichten, die Erh\u00f6hung des Anteils an recyceltem Material in der Verpackung, die F\u00f6rderung von Produkten, die in gro\u00dfen Mengen verkauft werden, die Information der Verbraucher \u00fcber die Umwelteigenschaften der Produkte usw. Die meisten dieser Ma\u00dfnahmen werden nach dem<sup>1.<\/sup> Januar 2022 in Kraft treten.<\/p>\n\n<p>Dieser Informationsbrief konzentriert sich auf die drei ersten Ma\u00dfnahmen, die sich auf die Kennzeichnung von kosmetischen Produkten auswirken werden. Sie zielen darauf ab, das Sortieren durch ein einziges Logo und Sortieranweisungen effektiver zu machen:<\/p>\n\n<ul class=\"wp-block-list\"><li>Verpflichtung zur Abbildung des Triman-Logos auf der Verpackung ab dem<sup>1.<\/sup> Januar 2022<\/li><li>Sortieranweisungen, die ab dem<sup>1.<\/sup> Januar 2022 auf der Verpackung angegeben werden m\u00fcssen<\/li><li>Entfernung aller anderen Schilder, die die Verbraucher bez\u00fcglich der Sortierregeln ab dem <strong><sup>1.<\/sup> Januar 2022<\/strong> verwirren k\u00f6nnten<\/li><\/ul>\n\n<p>Das <strong>Triman-Logo<\/strong> zeigt an, dass mindestens eine der Verpackungen recycelbar ist. Dieses Logo existiert in Frankreich seit 2012, ohne dass es direkt auf der Verpackung abgebildet werden muss: es kann entmaterialisiert werden (zum Beispiel nur auf der Internetseite).<\/p>\n\n<p>Ab dem<sup>1.<\/sup> Januar 2022 muss sie jedoch gem\u00e4\u00df Artikel 17 des AGEC-Gesetzes auf allen Verpackungen, die recycelt werden k\u00f6nnen, angegeben werden.<\/p>\n\n<p>Triman Logo:<\/p>\n\n<div class=\"wp-block-image\"><figure class=\"aligncenter size-large\"><img decoding=\"async\" src=\"https:\/\/biorius.com\/wp-content\/uploads\/2023\/10\/image-8.png\" alt=\"\" class=\"wp-image-8071\"\/><\/figure><\/div>\n\n<p>Au\u00dferdem sollten genaue <strong>Sortieranweisungen<\/strong> verf\u00fcgbar sein. Wenn verschiedene Verpackungsteile unterschiedliche Sortieranweisungen haben, m\u00fcssen diese separat aufgef\u00fchrt werden. Die Durchf\u00fchrungsverordnung steht noch aus und sollte mehr praktische Informationen liefern und angeben, wo diese Anweisungen angezeigt werden sollten: auf der Verpackung selbst oder in entmaterialisierter Form? Dieses Dekret wird wahrscheinlich \u00dcbergangsfristen gew\u00e4hren, um den Abbau bestehender Best\u00e4nde f\u00fcr Produkte zu erm\u00f6glichen, die vor dem<sup>1.<\/sup> Januar 2022 auf den franz\u00f6sischen Markt gebracht werden.<\/p>\n\n<p>Artikel 62 des AGEC-Gesetzes besagt, dass eine <strong>Geldstrafe<\/strong> f\u00fcr <strong>jede Kennzeichnung oder jedes Zeichen<\/strong> verh\u00e4ngt werden sollte <strong>, das<\/strong> in Bezug auf die Sortierregeln oder die Abfallmenge des Produkts <strong>verwirrend sein kann<\/strong>. Die Ministerialverordnung<a href=\"https:\/\/www.legifrance.gouv.fr\/download\/pdf?id=sM5ZqyNsqdXbNvk7BGvpnUOKybiynhwl4zWmqSZPghk=\" target=\"_blank\" rel=\"noreferrer noopener\">(Arr\u00eat\u00e9 du 30 Novembre 2020<\/a>) \u00fcber Zeichen und Markierungen, die eine Verwirrung bei den Sortierregeln hervorrufen k\u00f6nnen, wurde am<sup>24.<\/sup> Dezember 2020 ver\u00f6ffentlicht und legt fest, dass alle Zeichen, die 2 oder mehr gewundene Pfeile in einem Kreis darstellen, verwirrend sind, mit Ausnahme von:<\/p>\n\n<ul class=\"wp-block-list\"><li>Das Triman Logo<\/li><li>Logos, die mit der Produktmarke oder dem vertreibenden Unternehmen verbunden sind<\/li><li>Geregelte Schilder aus den Mitgliedsstaaten, die den Verbraucher dar\u00fcber informieren, dass das Produkt recycelbar ist oder Sortierhinweise enthalten<\/li><\/ul>\n\n<p>Der <strong>Gr\u00fcne Punkt<\/strong> ist also von dieser nationalen Bestimmung betroffen. Logo des Gr\u00fcnen Punkts:<\/p>\n\n<div class=\"wp-block-image\"><figure class=\"aligncenter size-large\"><img decoding=\"async\" width=\"59\" height=\"60\" src=\"https:\/\/biorius.com\/wp-content\/uploads\/2023\/10\/image-6.png\" alt=\"\" class=\"wp-image-8062\"\/><\/figure><\/div>\n\n<p>Die Geldstrafe f\u00fcr Produkte mit dem Gr\u00fcnen Punkt gilt ab dem<sup>1.<\/sup> Januar 2022 und nicht wie zun\u00e4chst vorgesehen<sup>ab dem 1.<\/sup> April, wie in der <a href=\"https:\/\/www.emballagesmagazine.com\/mediatheque\/8\/0\/1\/000046108.pdf\" target=\"_blank\" rel=\"noreferrer noopener\">Verordnung des Staatsrats vom<sup>15.<\/sup> M\u00e4rz 2021<\/a> beschlossen. Es werden \u00dcbergangsfristen gew\u00e4hrt. Sie werden entsprechend dem neuen Antragsdatum aktualisiert.<\/p>\n\n<h2 class=\"wp-block-heading\">Empfehlung von Biorius Experten<\/h2>\n\n<p><strong>BIORIUS empfiehlt Ihnen<\/strong><\/p>\n\n<ul class=\"wp-block-list\"><li>Entfernen Sie den Gr\u00fcnen Punkt so schnell wie m\u00f6glich von Ihrer Verpackung (au\u00dfer wenn dieselbe Verpackung auch in Zypern und Spanien verkauft wird, da der Gr\u00fcne Punkt in diesen L\u00e4ndern noch immer Pflicht ist)<\/li><li>F\u00fcr Produkte, die nicht das Triman-Logo tragen, warten Sie die Ver\u00f6ffentlichung der Texte ab, die die Regeln f\u00fcr die Sortieranweisungen pr\u00e4zisieren, bevor Sie das Triman-Logo auf den Verpackungsetiketten anbringen (voraussichtlich im <strong>zweiten Quartal 2021<\/strong>).<\/li><\/ul>\n\n<div class=\"wp-block-image is-style-bottom-wave\"><figure class=\"alignleft size-large is-resized\"><img loading=\"lazy\" decoding=\"async\" src=\"https:\/\/biorius.com\/wp-content\/uploads\/2023\/10\/pexels-atypeek-dgn-5781917-1-1020x1024-1.jpg\" alt=\"\" class=\"wp-image-8014\" width=\"209\" height=\"209\"\/><\/figure><\/div>\n\n<p><strong>Bitte beachten Sie, dass die Einhaltung all dieser nationalen Verpflichtungen in der Verantwortung der Person liegt, die das Produkt auf den franz\u00f6sischen Markt bringt.  <\/strong>Biorius steht Ihnen f\u00fcr alle Fragen zu diesem Thema zur Verf\u00fcgung und wir werden sicherstellen, dass Sie \u00fcber die neuesten Updates und alle regulatorischen Entwicklungen im Zusammenhang mit dem AGEC-Gesetz informiert sind.  <strong>Wir fordern die Kosmetikmarken jedoch auf, sich bei ihren Importeuren oder H\u00e4ndlern zu erkundigen, ob sie diese Anforderungen erf\u00fcllen.<\/strong><\/p>\n\n<p><\/p>\n\n<p>Biorius kann Ihnen helfen, das herausfordernde und sich schnell ver\u00e4ndernde regulatorische Umfeld zu meistern und h\u00e4lt Sie \u00fcber den Konformit\u00e4tsstatus Ihres Produktportfolios auf dem Laufenden. Z\u00f6gern Sie nicht, uns f\u00fcr weitere Informationen zu kontaktieren.<\/p>\n\n<p>Autor : Frau St\u00e9phanie Annet<\/p>\n\n<p><\/p>\n\n<div class=\"wp-block-image is-style-cut-corner\"><figure class=\"alignleft size-large is-resized\"><img loading=\"lazy\" decoding=\"async\" src=\"https:\/\/biorius.com\/wp-content\/uploads\/2023\/10\/books-1845614_1920-1024x556-1.jpg\" alt=\"\" class=\"wp-image-3022\" width=\"115\" height=\"63\"\/><\/figure><\/div>\n\n<p>Wenn Sie nach anderen Themen suchen, die Ihr europ\u00e4isches Kosmetikgesch\u00e4ft beeinflussen werden. Biorius l\u00e4dt Sie ein, den <a href=\"https:\/\/biorius.com\/category\/regulatory\/\" target=\"_blank\" rel=\"noreferrer noopener\">Blog <\/a>\u00fcber regulatorische Themen zu besuchen  <\/p>\n","protected":false},"excerpt":{"rendered":"<p>Anti-Abfall-Gesetz f\u00fcr eine Kreislaufwirtschaft Das franz\u00f6sische Anti-Abfallgesetz f\u00fcr eine Kreislaufwirtschaft n\u00b02020-105 (bekannt als AGEC-Gesetz) wurde im Februar 2020 ver\u00f6ffentlicht. Das Ziel dieses Gesetzes ist es,&#8230;<\/p>\n","protected":false},"author":2,"featured_media":49004,"comment_status":"open","ping_status":"open","sticky":false,"template":"","format":"standard","meta":{"_acf_changed":false,"_coblocks_attr":"","_coblocks_dimensions":"","_coblocks_responsive_height":"","_coblocks_accordion_ie_support":"","footnotes":""},"categories":[2293],"tags":[],"ppma_author":[2340],"class_list":["post-49001","post","type-post","status-publish","format-standard","has-post-thumbnail","hentry","category-kosmetikverordnung","author-nicolas-lenaersbiorius-com"],"acf":[],"yoast_head":"<!-- This site is optimized with the Yoast SEO plugin v27.5 - https:\/\/yoast.com\/product\/yoast-seo-wordpress\/ -->\n<title>Auswirkungen des AGEC-Gesetzes auf in Frankreich verkaufte kosmetische Produkte - Biorius<\/title>\n<meta name=\"description\" content=\"Ein franz\u00f6sisches Anti-Abfallgesetz f\u00fcr eine Kreislaufwirtschaft wurde im Februar 2020 ver\u00f6ffentlicht. Dieses Gesetz wird mehrere Auswirkungen auf die Kosmetikindustrie haben.\" \/>\n<meta name=\"robots\" content=\"index, follow, max-snippet:-1, max-image-preview:large, max-video-preview:-1\" \/>\n<link rel=\"canonical\" href=\"https:\/\/biorius.com\/de\/cosmetic-news\/auswirkungen-des-agec-gesetzes-auf-in-frankreich-verkaufte-kosmetische-produkte\/\" \/>\n<meta property=\"og:locale\" content=\"de_DE\" \/>\n<meta property=\"og:type\" content=\"article\" \/>\n<meta property=\"og:title\" content=\"Auswirkungen des AGEC-Gesetzes auf in Frankreich verkaufte kosmetische Produkte - Biorius\" \/>\n<meta property=\"og:description\" content=\"Ein franz\u00f6sisches Anti-Abfallgesetz f\u00fcr eine Kreislaufwirtschaft wurde im Februar 2020 ver\u00f6ffentlicht. Dieses Gesetz wird mehrere Auswirkungen auf die Kosmetikindustrie haben.\" \/>\n<meta property=\"og:url\" content=\"https:\/\/biorius.com\/de\/cosmetic-news\/auswirkungen-des-agec-gesetzes-auf-in-frankreich-verkaufte-kosmetische-produkte\/\" \/>\n<meta property=\"og:site_name\" content=\"Biorius\" \/>\n<meta property=\"article:published_time\" content=\"2021-03-17T23:00:00+00:00\" \/>\n<meta property=\"article:modified_time\" content=\"2024-05-08T09:29:51+00:00\" \/>\n<meta property=\"og:image\" content=\"https:\/\/biorius.com\/wp-content\/uploads\/2023\/10\/pexels-ekaterina-bolovtsova-6077326.jpg\" \/>\n\t<meta property=\"og:image:width\" content=\"1920\" \/>\n\t<meta property=\"og:image:height\" content=\"1280\" \/>\n\t<meta property=\"og:image:type\" content=\"image\/jpeg\" \/>\n<meta name=\"author\" content=\"nicolas.lenaers@biorius.com\" \/>\n<meta name=\"twitter:card\" content=\"summary_large_image\" \/>\n<meta name=\"twitter:label1\" content=\"Verfasst von\" \/>\n\t<meta name=\"twitter:data1\" content=\"nicolas.lenaers@biorius.com\" \/>\n\t<meta name=\"twitter:label2\" content=\"Gesch\u00e4tzte Lesezeit\" \/>\n\t<meta name=\"twitter:data2\" content=\"4 Minuten\" \/>\n<script type=\"application\/ld+json\" class=\"yoast-schema-graph\">{\"@context\":\"https:\\\/\\\/schema.org\",\"@graph\":[{\"@type\":\"Article\",\"@id\":\"https:\\\/\\\/biorius.com\\\/de\\\/cosmetic-news\\\/auswirkungen-des-agec-gesetzes-auf-in-frankreich-verkaufte-kosmetische-produkte\\\/#article\",\"isPartOf\":{\"@id\":\"https:\\\/\\\/biorius.com\\\/de\\\/cosmetic-news\\\/auswirkungen-des-agec-gesetzes-auf-in-frankreich-verkaufte-kosmetische-produkte\\\/\"},\"author\":{\"name\":\"nicolas.lenaers@biorius.com\",\"@id\":\"https:\\\/\\\/biorius.com\\\/de\\\/#\\\/schema\\\/person\\\/118636d0af6db915f51e7a434d16faa3\"},\"headline\":\"Auswirkungen des AGEC-Gesetzes auf in Frankreich verkaufte kosmetische Produkte\",\"datePublished\":\"2021-03-17T23:00:00+00:00\",\"dateModified\":\"2024-05-08T09:29:51+00:00\",\"mainEntityOfPage\":{\"@id\":\"https:\\\/\\\/biorius.com\\\/de\\\/cosmetic-news\\\/auswirkungen-des-agec-gesetzes-auf-in-frankreich-verkaufte-kosmetische-produkte\\\/\"},\"wordCount\":803,\"commentCount\":0,\"image\":{\"@id\":\"https:\\\/\\\/biorius.com\\\/de\\\/cosmetic-news\\\/auswirkungen-des-agec-gesetzes-auf-in-frankreich-verkaufte-kosmetische-produkte\\\/#primaryimage\"},\"thumbnailUrl\":\"https:\\\/\\\/biorius.com\\\/wp-content\\\/uploads\\\/2023\\\/10\\\/pexels-ekaterina-bolovtsova-6077326.jpg\",\"articleSection\":[\"Kosmetikverordnung\"],\"inLanguage\":\"de-DE\",\"potentialAction\":[{\"@type\":\"CommentAction\",\"name\":\"Comment\",\"target\":[\"https:\\\/\\\/biorius.com\\\/de\\\/cosmetic-news\\\/auswirkungen-des-agec-gesetzes-auf-in-frankreich-verkaufte-kosmetische-produkte\\\/#respond\"]}]},{\"@type\":\"WebPage\",\"@id\":\"https:\\\/\\\/biorius.com\\\/de\\\/cosmetic-news\\\/auswirkungen-des-agec-gesetzes-auf-in-frankreich-verkaufte-kosmetische-produkte\\\/\",\"url\":\"https:\\\/\\\/biorius.com\\\/de\\\/cosmetic-news\\\/auswirkungen-des-agec-gesetzes-auf-in-frankreich-verkaufte-kosmetische-produkte\\\/\",\"name\":\"Auswirkungen des AGEC-Gesetzes auf in Frankreich verkaufte kosmetische Produkte - Biorius\",\"isPartOf\":{\"@id\":\"https:\\\/\\\/biorius.com\\\/de\\\/#website\"},\"primaryImageOfPage\":{\"@id\":\"https:\\\/\\\/biorius.com\\\/de\\\/cosmetic-news\\\/auswirkungen-des-agec-gesetzes-auf-in-frankreich-verkaufte-kosmetische-produkte\\\/#primaryimage\"},\"image\":{\"@id\":\"https:\\\/\\\/biorius.com\\\/de\\\/cosmetic-news\\\/auswirkungen-des-agec-gesetzes-auf-in-frankreich-verkaufte-kosmetische-produkte\\\/#primaryimage\"},\"thumbnailUrl\":\"https:\\\/\\\/biorius.com\\\/wp-content\\\/uploads\\\/2023\\\/10\\\/pexels-ekaterina-bolovtsova-6077326.jpg\",\"datePublished\":\"2021-03-17T23:00:00+00:00\",\"dateModified\":\"2024-05-08T09:29:51+00:00\",\"author\":{\"@id\":\"https:\\\/\\\/biorius.com\\\/de\\\/#\\\/schema\\\/person\\\/118636d0af6db915f51e7a434d16faa3\"},\"description\":\"Ein franz\u00f6sisches Anti-Abfallgesetz f\u00fcr eine Kreislaufwirtschaft wurde im Februar 2020 ver\u00f6ffentlicht. Dieses Gesetz wird mehrere Auswirkungen auf die Kosmetikindustrie haben.\",\"breadcrumb\":{\"@id\":\"https:\\\/\\\/biorius.com\\\/de\\\/cosmetic-news\\\/auswirkungen-des-agec-gesetzes-auf-in-frankreich-verkaufte-kosmetische-produkte\\\/#breadcrumb\"},\"inLanguage\":\"de-DE\",\"potentialAction\":[{\"@type\":\"ReadAction\",\"target\":[\"https:\\\/\\\/biorius.com\\\/de\\\/cosmetic-news\\\/auswirkungen-des-agec-gesetzes-auf-in-frankreich-verkaufte-kosmetische-produkte\\\/\"]}]},{\"@type\":\"ImageObject\",\"inLanguage\":\"de-DE\",\"@id\":\"https:\\\/\\\/biorius.com\\\/de\\\/cosmetic-news\\\/auswirkungen-des-agec-gesetzes-auf-in-frankreich-verkaufte-kosmetische-produkte\\\/#primaryimage\",\"url\":\"https:\\\/\\\/biorius.com\\\/wp-content\\\/uploads\\\/2023\\\/10\\\/pexels-ekaterina-bolovtsova-6077326.jpg\",\"contentUrl\":\"https:\\\/\\\/biorius.com\\\/wp-content\\\/uploads\\\/2023\\\/10\\\/pexels-ekaterina-bolovtsova-6077326.jpg\",\"width\":1920,\"height\":1280},{\"@type\":\"BreadcrumbList\",\"@id\":\"https:\\\/\\\/biorius.com\\\/de\\\/cosmetic-news\\\/auswirkungen-des-agec-gesetzes-auf-in-frankreich-verkaufte-kosmetische-produkte\\\/#breadcrumb\",\"itemListElement\":[{\"@type\":\"ListItem\",\"position\":1,\"name\":\"Startseite\",\"item\":\"https:\\\/\\\/biorius.com\\\/de\\\/\"},{\"@type\":\"ListItem\",\"position\":2,\"name\":\"Auswirkungen des AGEC-Gesetzes auf in Frankreich verkaufte kosmetische Produkte\"}]},{\"@type\":\"WebSite\",\"@id\":\"https:\\\/\\\/biorius.com\\\/de\\\/#website\",\"url\":\"https:\\\/\\\/biorius.com\\\/de\\\/\",\"name\":\"Biorius\",\"description\":\"You create dreams we protect them\",\"potentialAction\":[{\"@type\":\"SearchAction\",\"target\":{\"@type\":\"EntryPoint\",\"urlTemplate\":\"https:\\\/\\\/biorius.com\\\/de\\\/?s={search_term_string}\"},\"query-input\":{\"@type\":\"PropertyValueSpecification\",\"valueRequired\":true,\"valueName\":\"search_term_string\"}}],\"inLanguage\":\"de-DE\"},{\"@type\":\"Person\",\"@id\":\"https:\\\/\\\/biorius.com\\\/de\\\/#\\\/schema\\\/person\\\/118636d0af6db915f51e7a434d16faa3\",\"name\":\"nicolas.lenaers@biorius.com\",\"image\":{\"@type\":\"ImageObject\",\"inLanguage\":\"de-DE\",\"@id\":\"https:\\\/\\\/secure.gravatar.com\\\/avatar\\\/3a520f0f485dafed9d1c4b410310d05d541c8291d6f54c1e0e2b3687906b3979?s=96&d=mm&r=gafd756382464e9b8c7dd55685562e5f5\",\"url\":\"https:\\\/\\\/secure.gravatar.com\\\/avatar\\\/3a520f0f485dafed9d1c4b410310d05d541c8291d6f54c1e0e2b3687906b3979?s=96&d=mm&r=g\",\"contentUrl\":\"https:\\\/\\\/secure.gravatar.com\\\/avatar\\\/3a520f0f485dafed9d1c4b410310d05d541c8291d6f54c1e0e2b3687906b3979?s=96&d=mm&r=g\",\"caption\":\"nicolas.lenaers@biorius.com\"},\"url\":\"https:\\\/\\\/biorius.com\\\/cosmetic-news\\\/author\\\/nicolas-lenaersbiorius-com\\\/\"}]}<\/script>\n<!-- \/ Yoast SEO plugin. -->","yoast_head_json":{"title":"Auswirkungen des AGEC-Gesetzes auf in Frankreich verkaufte kosmetische Produkte - Biorius","description":"Ein franz\u00f6sisches Anti-Abfallgesetz f\u00fcr eine Kreislaufwirtschaft wurde im Februar 2020 ver\u00f6ffentlicht. Dieses Gesetz wird mehrere Auswirkungen auf die Kosmetikindustrie haben.","robots":{"index":"index","follow":"follow","max-snippet":"max-snippet:-1","max-image-preview":"max-image-preview:large","max-video-preview":"max-video-preview:-1"},"canonical":"https:\/\/biorius.com\/de\/cosmetic-news\/auswirkungen-des-agec-gesetzes-auf-in-frankreich-verkaufte-kosmetische-produkte\/","og_locale":"de_DE","og_type":"article","og_title":"Auswirkungen des AGEC-Gesetzes auf in Frankreich verkaufte kosmetische Produkte - Biorius","og_description":"Ein franz\u00f6sisches Anti-Abfallgesetz f\u00fcr eine Kreislaufwirtschaft wurde im Februar 2020 ver\u00f6ffentlicht. Dieses Gesetz wird mehrere Auswirkungen auf die Kosmetikindustrie haben.","og_url":"https:\/\/biorius.com\/de\/cosmetic-news\/auswirkungen-des-agec-gesetzes-auf-in-frankreich-verkaufte-kosmetische-produkte\/","og_site_name":"Biorius","article_published_time":"2021-03-17T23:00:00+00:00","article_modified_time":"2024-05-08T09:29:51+00:00","og_image":[{"width":1920,"height":1280,"url":"https:\/\/biorius.com\/wp-content\/uploads\/2023\/10\/pexels-ekaterina-bolovtsova-6077326.jpg","type":"image\/jpeg"}],"author":"nicolas.lenaers@biorius.com","twitter_card":"summary_large_image","twitter_misc":{"Verfasst von":"nicolas.lenaers@biorius.com","Gesch\u00e4tzte Lesezeit":"4 Minuten"},"schema":{"@context":"https:\/\/schema.org","@graph":[{"@type":"Article","@id":"https:\/\/biorius.com\/de\/cosmetic-news\/auswirkungen-des-agec-gesetzes-auf-in-frankreich-verkaufte-kosmetische-produkte\/#article","isPartOf":{"@id":"https:\/\/biorius.com\/de\/cosmetic-news\/auswirkungen-des-agec-gesetzes-auf-in-frankreich-verkaufte-kosmetische-produkte\/"},"author":{"name":"nicolas.lenaers@biorius.com","@id":"https:\/\/biorius.com\/de\/#\/schema\/person\/118636d0af6db915f51e7a434d16faa3"},"headline":"Auswirkungen des AGEC-Gesetzes auf in Frankreich verkaufte kosmetische Produkte","datePublished":"2021-03-17T23:00:00+00:00","dateModified":"2024-05-08T09:29:51+00:00","mainEntityOfPage":{"@id":"https:\/\/biorius.com\/de\/cosmetic-news\/auswirkungen-des-agec-gesetzes-auf-in-frankreich-verkaufte-kosmetische-produkte\/"},"wordCount":803,"commentCount":0,"image":{"@id":"https:\/\/biorius.com\/de\/cosmetic-news\/auswirkungen-des-agec-gesetzes-auf-in-frankreich-verkaufte-kosmetische-produkte\/#primaryimage"},"thumbnailUrl":"https:\/\/biorius.com\/wp-content\/uploads\/2023\/10\/pexels-ekaterina-bolovtsova-6077326.jpg","articleSection":["Kosmetikverordnung"],"inLanguage":"de-DE","potentialAction":[{"@type":"CommentAction","name":"Comment","target":["https:\/\/biorius.com\/de\/cosmetic-news\/auswirkungen-des-agec-gesetzes-auf-in-frankreich-verkaufte-kosmetische-produkte\/#respond"]}]},{"@type":"WebPage","@id":"https:\/\/biorius.com\/de\/cosmetic-news\/auswirkungen-des-agec-gesetzes-auf-in-frankreich-verkaufte-kosmetische-produkte\/","url":"https:\/\/biorius.com\/de\/cosmetic-news\/auswirkungen-des-agec-gesetzes-auf-in-frankreich-verkaufte-kosmetische-produkte\/","name":"Auswirkungen des AGEC-Gesetzes auf in Frankreich verkaufte kosmetische Produkte - Biorius","isPartOf":{"@id":"https:\/\/biorius.com\/de\/#website"},"primaryImageOfPage":{"@id":"https:\/\/biorius.com\/de\/cosmetic-news\/auswirkungen-des-agec-gesetzes-auf-in-frankreich-verkaufte-kosmetische-produkte\/#primaryimage"},"image":{"@id":"https:\/\/biorius.com\/de\/cosmetic-news\/auswirkungen-des-agec-gesetzes-auf-in-frankreich-verkaufte-kosmetische-produkte\/#primaryimage"},"thumbnailUrl":"https:\/\/biorius.com\/wp-content\/uploads\/2023\/10\/pexels-ekaterina-bolovtsova-6077326.jpg","datePublished":"2021-03-17T23:00:00+00:00","dateModified":"2024-05-08T09:29:51+00:00","author":{"@id":"https:\/\/biorius.com\/de\/#\/schema\/person\/118636d0af6db915f51e7a434d16faa3"},"description":"Ein franz\u00f6sisches Anti-Abfallgesetz f\u00fcr eine Kreislaufwirtschaft wurde im Februar 2020 ver\u00f6ffentlicht. Dieses Gesetz wird mehrere Auswirkungen auf die Kosmetikindustrie haben.","breadcrumb":{"@id":"https:\/\/biorius.com\/de\/cosmetic-news\/auswirkungen-des-agec-gesetzes-auf-in-frankreich-verkaufte-kosmetische-produkte\/#breadcrumb"},"inLanguage":"de-DE","potentialAction":[{"@type":"ReadAction","target":["https:\/\/biorius.com\/de\/cosmetic-news\/auswirkungen-des-agec-gesetzes-auf-in-frankreich-verkaufte-kosmetische-produkte\/"]}]},{"@type":"ImageObject","inLanguage":"de-DE","@id":"https:\/\/biorius.com\/de\/cosmetic-news\/auswirkungen-des-agec-gesetzes-auf-in-frankreich-verkaufte-kosmetische-produkte\/#primaryimage","url":"https:\/\/biorius.com\/wp-content\/uploads\/2023\/10\/pexels-ekaterina-bolovtsova-6077326.jpg","contentUrl":"https:\/\/biorius.com\/wp-content\/uploads\/2023\/10\/pexels-ekaterina-bolovtsova-6077326.jpg","width":1920,"height":1280},{"@type":"BreadcrumbList","@id":"https:\/\/biorius.com\/de\/cosmetic-news\/auswirkungen-des-agec-gesetzes-auf-in-frankreich-verkaufte-kosmetische-produkte\/#breadcrumb","itemListElement":[{"@type":"ListItem","position":1,"name":"Startseite","item":"https:\/\/biorius.com\/de\/"},{"@type":"ListItem","position":2,"name":"Auswirkungen des AGEC-Gesetzes auf in Frankreich verkaufte kosmetische Produkte"}]},{"@type":"WebSite","@id":"https:\/\/biorius.com\/de\/#website","url":"https:\/\/biorius.com\/de\/","name":"Biorius","description":"You create dreams we protect them","potentialAction":[{"@type":"SearchAction","target":{"@type":"EntryPoint","urlTemplate":"https:\/\/biorius.com\/de\/?s={search_term_string}"},"query-input":{"@type":"PropertyValueSpecification","valueRequired":true,"valueName":"search_term_string"}}],"inLanguage":"de-DE"},{"@type":"Person","@id":"https:\/\/biorius.com\/de\/#\/schema\/person\/118636d0af6db915f51e7a434d16faa3","name":"nicolas.lenaers@biorius.com","image":{"@type":"ImageObject","inLanguage":"de-DE","@id":"https:\/\/secure.gravatar.com\/avatar\/3a520f0f485dafed9d1c4b410310d05d541c8291d6f54c1e0e2b3687906b3979?s=96&d=mm&r=gafd756382464e9b8c7dd55685562e5f5","url":"https:\/\/secure.gravatar.com\/avatar\/3a520f0f485dafed9d1c4b410310d05d541c8291d6f54c1e0e2b3687906b3979?s=96&d=mm&r=g","contentUrl":"https:\/\/secure.gravatar.com\/avatar\/3a520f0f485dafed9d1c4b410310d05d541c8291d6f54c1e0e2b3687906b3979?s=96&d=mm&r=g","caption":"nicolas.lenaers@biorius.com"},"url":"https:\/\/biorius.com\/cosmetic-news\/author\/nicolas-lenaersbiorius-com\/"}]}},"authors":[{"term_id":2340,"user_id":2,"is_guest":0,"slug":"nicolas-lenaersbiorius-com","display_name":"nicolas.lenaers@biorius.com","avatar_url":"https:\/\/secure.gravatar.com\/avatar\/3a520f0f485dafed9d1c4b410310d05d541c8291d6f54c1e0e2b3687906b3979?s=96&d=mm&r=g","0":null,"1":"","2":"","3":"","4":"","5":"","6":"","7":"","8":""}],"_links":{"self":[{"href":"https:\/\/biorius.com\/de\/wp-json\/wp\/v2\/posts\/49001","targetHints":{"allow":["GET"]}}],"collection":[{"href":"https:\/\/biorius.com\/de\/wp-json\/wp\/v2\/posts"}],"about":[{"href":"https:\/\/biorius.com\/de\/wp-json\/wp\/v2\/types\/post"}],"author":[{"embeddable":true,"href":"https:\/\/biorius.com\/de\/wp-json\/wp\/v2\/users\/2"}],"replies":[{"embeddable":true,"href":"https:\/\/biorius.com\/de\/wp-json\/wp\/v2\/comments?post=49001"}],"version-history":[{"count":0,"href":"https:\/\/biorius.com\/de\/wp-json\/wp\/v2\/posts\/49001\/revisions"}],"wp:featuredmedia":[{"embeddable":true,"href":"https:\/\/biorius.com\/de\/wp-json\/wp\/v2\/media\/49004"}],"wp:attachment":[{"href":"https:\/\/biorius.com\/de\/wp-json\/wp\/v2\/media?parent=49001"}],"wp:term":[{"taxonomy":"category","embeddable":true,"href":"https:\/\/biorius.com\/de\/wp-json\/wp\/v2\/categories?post=49001"},{"taxonomy":"post_tag","embeddable":true,"href":"https:\/\/biorius.com\/de\/wp-json\/wp\/v2\/tags?post=49001"},{"taxonomy":"author","embeddable":true,"href":"https:\/\/biorius.com\/de\/wp-json\/wp\/v2\/ppma_author?post=49001"}],"curies":[{"name":"wp","href":"https:\/\/api.w.org\/{rel}","templated":true}]}}