{"id":48772,"date":"2015-10-22T00:00:00","date_gmt":"2015-10-21T22:00:00","guid":{"rendered":"https:\/\/biorius.com\/cosmetic-news\/empfehlung-die-verwendung-von-mikroperlen-einzustellen\/"},"modified":"2025-01-13T10:09:49","modified_gmt":"2025-01-13T09:09:49","slug":"empfehlung-die-verwendung-von-mikroperlen-einzustellen","status":"publish","type":"post","link":"https:\/\/biorius.com\/de\/cosmetic-news\/empfehlung-die-verwendung-von-mikroperlen-einzustellen\/","title":{"rendered":"Empfehlung, die Verwendung von Mikroperlen einzustellen"},"content":{"rendered":"&#13;\n<p>Die meisten von Ihnen kennen bereits das Problem der Mikroperlen und das schrittweise Verbot dieses problematischen Inhaltsstoffs in Kosmetikprodukten auf globaler Ebene. BIORIUS empfiehlt Ihnen, diese Materialien (insbesondere die biologisch nicht abbaubaren Mikroperlen) schrittweise aus allen bestehenden Kosmetikformeln zu entfernen.<\/p>&#13;\n&#13;\n<p>Mikroperlen sind Mikrokugeln aus Kunststoff, die in Kosmetika als Peelingmittel und in K\u00f6rperpflegeprodukten wie Zahnpasta weit verbreitet sind. Mikroperlen stellen eine Gefahr f\u00fcr die Umwelt dar, wenn sie im Abwasser entsorgt werden. Da sie die Kl\u00e4ranlagen ungefiltert passieren, hat ihre Entsorgung zu einer Verschmutzung des Wassers durch Plastikpartikel gef\u00fchrt.<\/p>&#13;\n&#13;\n<p>Mehrere amerikanische Bundesstaaten haben bereits die Herstellung und den Verkauf von Produkten, die Mikroperlen enthalten, verboten, und auf Bundesebene gibt es weitere Initiativen.<\/p>&#13;\n&#13;\n<figure class=\"wp-block-table\">&#13;\n<table>&#13;\n<tbody>&#13;\n<tr>&#13;\n<td><strong>Staat\/Territorium<\/strong><\/td>&#13;\n<td><strong>Datum Inkrafttreten<\/strong><\/td>&#13;\n<td><strong>Datum des Inkrafttretens<br\/>(Herstellung von K\u00f6rperpflegeprodukten)<\/strong><\/td>&#13;\n<td><strong>Datum des Inkrafttretens<br\/>(Verkauf von OTC-Medikamenten)<\/strong><\/td>&#13;\n<\/tr>&#13;\n<tr>&#13;\n<td>Kalifornien<\/td>&#13;\n<td>Oktober 8, 2015<\/td>&#13;\n<td>Januar 1, 2018<\/td>&#13;\n<td>Januar 1, 2020<\/td>&#13;\n<\/tr>&#13;\n<tr>&#13;\n<td>Colorado<\/td>&#13;\n<td>M\u00e4rz 26, 2015<\/td>&#13;\n<td>Januar 1, 2018<\/td>&#13;\n<td>Januar 1, 2020<\/td>&#13;\n<\/tr>&#13;\n<tr>&#13;\n<td>Connecticut<\/td>&#13;\n<td>Juni 30, 2015<\/td>&#13;\n<td>Januar 1, 2018<\/td>&#13;\n<td>Januar 1, 2020<\/td>&#13;\n<\/tr>&#13;\n<tr>&#13;\n<td>Illinois<\/td>&#13;\n<td>8. Juni 2014<\/td>&#13;\n<td>Januar 1, 2018<\/td>&#13;\n<td>Januar 1, 2020<\/td>&#13;\n<\/tr>&#13;\n<tr>&#13;\n<td>Indiana<\/td>&#13;\n<td>April 15, 2015<\/td>&#13;\n<td>Januar 1, 2018<\/td>&#13;\n<td>Januar 1, 2020<\/td>&#13;\n<\/tr>&#13;\n<tr>&#13;\n<td>Maine<\/td>&#13;\n<td>M\u00e4rz 2015<\/td>&#13;\n<td>Januar 1, 2018<\/td>&#13;\n<td>Januar 1, 2020<\/td>&#13;\n<\/tr>&#13;\n<tr>&#13;\n<td>Maryland<\/td>&#13;\n<td>Mai 12, 2015<\/td>&#13;\n<td>Januar 1, 2018<\/td>&#13;\n<td>Januar 1, 2020<\/td>&#13;\n<\/tr>&#13;\n<tr>&#13;\n<td>New Jersey<\/td>&#13;\n<td>M\u00e4rz 2015<\/td>&#13;\n<td>Januar 1, 2018<\/td>&#13;\n<td>Januar 1, 2020<\/td>&#13;\n<\/tr>&#13;\n<tr>&#13;\n<td>Wisconsin<\/td>&#13;\n<td>Juli 1, 2015<\/td>&#13;\n<td>Januar 1, 2018<\/td>&#13;\n<td>Januar 1, 2020<\/td>&#13;\n<\/tr>&#13;\n<\/tbody>&#13;\n<\/table>&#13;\n<\/figure>&#13;\n&#13;\n<p>Auch Europa ist besorgt \u00fcber die Verwendung von Mikroperlen und hat die Initiativen zur strengeren Regulierung dieser Perlen vervielfacht. Die Niederlande, \u00d6sterreich, Belgien und Schweden haben gemeinsam dazu aufgerufen, die Verwendung von Mikroplastik in Kosmetika zu verbieten, um die Meeresbewohner vor Verschmutzung zu sch\u00fctzen. Laut dieser gemeinsamen Erkl\u00e4rung ist die Beseitigung von Mikroplastik, insbesondere in Kosmetika, f\u00fcr die EU-Mitglieder &#8220;von h\u00f6chster Priorit\u00e4t&#8221;. Die vier L\u00e4nder, die ein Verbot bef\u00fcrworten, haben erkl\u00e4rt, dass es zwar immer noch eine gewisse wissenschaftliche Ungewissheit \u00fcber die Quellen der Kontamination gibt, aber &#8220;was wir bereits wissen, reicht aus, um Ma\u00dfnahmen zu ergreifen&#8221;. Diese freiwilligen Selbstverpflichtungen der Industrie rechtfertigen ein EU-weites Verbot, argumentieren die Niederl\u00e4nder. Die EU m\u00fcsse wieder gleiche Bedingungen f\u00fcr die Industrie schaffen und die Rolle der Union als Vorreiter f\u00fcr innovative Produkte st\u00e4rken. Die Niederlande sind das erste Land, das angek\u00fcndigt hat, bis Ende 2016 auf Mikroperlen in Kosmetika verzichten zu wollen.<\/p>&#13;\n&#13;\n<p>Dieses Projekt zum Verbot der Verwendung von Mikroperlen in Kosmetika wird von den gro\u00dfen Unternehmen der Branche (Unilever, L&#8217;Or\u00e9al, Colgate-Palmolive, Henkel und Johnson &amp; Johnson) sowie von den wichtigsten europ\u00e4ischen Handelsverb\u00e4nden unterst\u00fctzt. Diese Woche hat Cosmetics Europe die folgende Erkl\u00e4rung abgegeben:<\/p>&#13;\n\r\n<div id=\"\" class=\"wp-block-ugb-container ugb-container ugb-ab4c0cd ugb-container--v2 ugb-container--design-basic ugb-main-block\">\r\n<div class=\"ugb-inner-block\">\r\n<div class=\"ugb-block-content\">\r\n<div class=\"ugb-container__wrapper ugb-ab4c0cd-wrapper\">\r\n<div class=\"ugb-container__side\">\r\n<div class=\"ugb-container__content-wrapper ugb-ab4c0cd-content-wrapper\">&#13;\n<p><em><strong>Angesichts der in der \u00d6ffentlichkeit ge\u00e4u\u00dferten Besorgnis \u00fcber Plastikm\u00fcll in der Meeresumwelt und angesichts der Verf\u00fcgbarkeit alternativer Materialien empfiehlt Cosmetics Europe seinen Mitgliedern, die Verwendung von abwaschbaren Kosmetikprodukten, die ab 2020 auf den Markt kommen, einzustellen: Die Verwendung von synthetischen, festen Kunststoffpartikeln, die f\u00fcr Peeling und Reinigung verwendet werden und in der Meeresumwelt nicht biologisch abbaubar sind.<\/strong><\/em><\/p>&#13;\n<\/div>\r\n<\/div>\r\n<\/div>\r\n<\/div>\r\n<\/div>\r\n<\/div>\r\n&#13;\n<p>Obwohl die Verwendung von Mikrok\u00fcgelchen in Europa derzeit noch erlaubt ist, hat BIORIUS all diese Elemente ber\u00fccksichtigt und kommt zu dem Schluss, dass diese Materialien (und insbesondere die nicht biologisch abbaubaren Mikrok\u00fcgelchen) unverz\u00fcglich aus allen kosmetischen Rezepturen verbannt werden sollten.<\/p>&#13;\n\n<div id=\"\" class=\"wp-block-ugb-cta ugb-cta ugb-2b2ab7a ugb-cta ugb-cta--v2 ugb-cta--design-plain ugb-main-block\"><style>.ugb-2b2ab7a .ugb-button .ugb-button--inner{color:#93D500 !important}.ugb-2b2ab7a .ugb-button{border-color:#93D500 !important}.ugb-2b2ab7a .ugb-button:hover .ugb-button--inner{color:#93D500 !important}<\/style>\n<div class=\"ugb-inner-block\">\n<div class=\"ugb-block-content\">\n<div class=\"ugb-cta__item\">\n<h3 class=\"ugb-cta__title\">Haben Sie Fragen?<\/h3>\n<div class=\"ugb-button-container\"><a class=\"ugb-button ugb-button--size-normal ugb-button--design-ghost\" href=\"https:\/\/biorius.com\/de\/kontakt\/\" rel=\"\"><span class=\"ugb-button--inner\">Kontaktieren Sie uns<\/span><\/a><\/div>\n<\/div>\n<\/div>\n<\/div>\n<\/div>\n","protected":false},"excerpt":{"rendered":"<p>&#13; Die meisten von Ihnen kennen bereits das Problem der Mikroperlen und das schrittweise Verbot dieses problematischen Inhaltsstoffs in Kosmetikprodukten auf globaler Ebene. BIORIUS empfiehlt&#8230;<\/p>\n","protected":false},"author":2,"featured_media":48676,"comment_status":"open","ping_status":"open","sticky":false,"template":"","format":"standard","meta":{"_acf_changed":false,"_coblocks_attr":"","_coblocks_dimensions":"","_coblocks_responsive_height":"","_coblocks_accordion_ie_support":"","footnotes":""},"categories":[2293],"tags":[],"ppma_author":[2288],"class_list":["post-48772","post","type-post","status-publish","format-standard","has-post-thumbnail","hentry","category-kosmetikverordnung","author-christophe-brault-chevalier"],"acf":[],"yoast_head":"<!-- This site is optimized with the Yoast SEO plugin v27.5 - https:\/\/yoast.com\/product\/yoast-seo-wordpress\/ -->\n<title>Empfehlung, die Verwendung von Mikroperlen einzustellen - Biorius<\/title>\n<meta name=\"description\" content=\"Biorius empfiehlt, nicht biologisch abbaubare Mikroperlen in Kosmetika aufgrund von Umweltbedenken und regulatorischen Trends in der EU und den USA aus dem Verkehr zu ziehen.\" \/>\n<meta name=\"robots\" content=\"index, follow, max-snippet:-1, max-image-preview:large, max-video-preview:-1\" \/>\n<link rel=\"canonical\" href=\"https:\/\/biorius.com\/de\/cosmetic-news\/empfehlung-die-verwendung-von-mikroperlen-einzustellen\/\" \/>\n<meta property=\"og:locale\" content=\"de_DE\" \/>\n<meta property=\"og:type\" content=\"article\" \/>\n<meta property=\"og:title\" content=\"Empfehlung, die Verwendung von Mikroperlen einzustellen - Biorius\" \/>\n<meta property=\"og:description\" content=\"Biorius empfiehlt, nicht biologisch abbaubare Mikroperlen in Kosmetika aufgrund von Umweltbedenken und regulatorischen Trends in der EU und den USA aus dem Verkehr zu ziehen.\" \/>\n<meta property=\"og:url\" content=\"https:\/\/biorius.com\/de\/cosmetic-news\/empfehlung-die-verwendung-von-mikroperlen-einzustellen\/\" \/>\n<meta property=\"og:site_name\" content=\"Biorius\" \/>\n<meta property=\"article:published_time\" content=\"2015-10-21T22:00:00+00:00\" \/>\n<meta property=\"article:modified_time\" content=\"2025-01-13T09:09:49+00:00\" \/>\n<meta property=\"og:image\" content=\"https:\/\/biorius.com\/wp-content\/uploads\/2023\/10\/books-1845614_1920.jpg\" \/>\n\t<meta property=\"og:image:width\" content=\"1920\" \/>\n\t<meta property=\"og:image:height\" content=\"1042\" \/>\n\t<meta property=\"og:image:type\" content=\"image\/jpeg\" \/>\n<meta name=\"author\" content=\"Christophe Brault-Chevalier\" \/>\n<meta name=\"twitter:card\" content=\"summary_large_image\" \/>\n<meta name=\"twitter:label1\" content=\"Verfasst von\" \/>\n\t<meta name=\"twitter:data1\" content=\"nicolas.lenaers@biorius.com\" \/>\n\t<meta name=\"twitter:label2\" content=\"Gesch\u00e4tzte Lesezeit\" \/>\n\t<meta name=\"twitter:data2\" content=\"2 Minuten\" \/>\n<script type=\"application\/ld+json\" class=\"yoast-schema-graph\">{\"@context\":\"https:\\\/\\\/schema.org\",\"@graph\":[{\"@type\":\"Article\",\"@id\":\"https:\\\/\\\/biorius.com\\\/de\\\/cosmetic-news\\\/empfehlung-die-verwendung-von-mikroperlen-einzustellen\\\/#article\",\"isPartOf\":{\"@id\":\"https:\\\/\\\/biorius.com\\\/de\\\/cosmetic-news\\\/empfehlung-die-verwendung-von-mikroperlen-einzustellen\\\/\"},\"author\":{\"name\":\"nicolas.lenaers@biorius.com\",\"@id\":\"https:\\\/\\\/biorius.com\\\/de\\\/#\\\/schema\\\/person\\\/118636d0af6db915f51e7a434d16faa3\"},\"headline\":\"Empfehlung, die Verwendung von Mikroperlen einzustellen\",\"datePublished\":\"2015-10-21T22:00:00+00:00\",\"dateModified\":\"2025-01-13T09:09:49+00:00\",\"mainEntityOfPage\":{\"@id\":\"https:\\\/\\\/biorius.com\\\/de\\\/cosmetic-news\\\/empfehlung-die-verwendung-von-mikroperlen-einzustellen\\\/\"},\"wordCount\":501,\"commentCount\":0,\"image\":{\"@id\":\"https:\\\/\\\/biorius.com\\\/de\\\/cosmetic-news\\\/empfehlung-die-verwendung-von-mikroperlen-einzustellen\\\/#primaryimage\"},\"thumbnailUrl\":\"https:\\\/\\\/biorius.com\\\/wp-content\\\/uploads\\\/2023\\\/10\\\/books-1845614_1920.jpg\",\"articleSection\":[\"Kosmetikverordnung\"],\"inLanguage\":\"de-DE\",\"potentialAction\":[{\"@type\":\"CommentAction\",\"name\":\"Comment\",\"target\":[\"https:\\\/\\\/biorius.com\\\/de\\\/cosmetic-news\\\/empfehlung-die-verwendung-von-mikroperlen-einzustellen\\\/#respond\"]}]},{\"@type\":\"WebPage\",\"@id\":\"https:\\\/\\\/biorius.com\\\/de\\\/cosmetic-news\\\/empfehlung-die-verwendung-von-mikroperlen-einzustellen\\\/\",\"url\":\"https:\\\/\\\/biorius.com\\\/de\\\/cosmetic-news\\\/empfehlung-die-verwendung-von-mikroperlen-einzustellen\\\/\",\"name\":\"Empfehlung, die Verwendung von Mikroperlen einzustellen - Biorius\",\"isPartOf\":{\"@id\":\"https:\\\/\\\/biorius.com\\\/de\\\/#website\"},\"primaryImageOfPage\":{\"@id\":\"https:\\\/\\\/biorius.com\\\/de\\\/cosmetic-news\\\/empfehlung-die-verwendung-von-mikroperlen-einzustellen\\\/#primaryimage\"},\"image\":{\"@id\":\"https:\\\/\\\/biorius.com\\\/de\\\/cosmetic-news\\\/empfehlung-die-verwendung-von-mikroperlen-einzustellen\\\/#primaryimage\"},\"thumbnailUrl\":\"https:\\\/\\\/biorius.com\\\/wp-content\\\/uploads\\\/2023\\\/10\\\/books-1845614_1920.jpg\",\"datePublished\":\"2015-10-21T22:00:00+00:00\",\"dateModified\":\"2025-01-13T09:09:49+00:00\",\"author\":{\"@id\":\"https:\\\/\\\/biorius.com\\\/de\\\/#\\\/schema\\\/person\\\/118636d0af6db915f51e7a434d16faa3\"},\"description\":\"Biorius empfiehlt, nicht biologisch abbaubare Mikroperlen in Kosmetika aufgrund von Umweltbedenken und regulatorischen Trends in der EU und den USA aus dem Verkehr zu ziehen.\",\"breadcrumb\":{\"@id\":\"https:\\\/\\\/biorius.com\\\/de\\\/cosmetic-news\\\/empfehlung-die-verwendung-von-mikroperlen-einzustellen\\\/#breadcrumb\"},\"inLanguage\":\"de-DE\",\"potentialAction\":[{\"@type\":\"ReadAction\",\"target\":[\"https:\\\/\\\/biorius.com\\\/de\\\/cosmetic-news\\\/empfehlung-die-verwendung-von-mikroperlen-einzustellen\\\/\"]}]},{\"@type\":\"ImageObject\",\"inLanguage\":\"de-DE\",\"@id\":\"https:\\\/\\\/biorius.com\\\/de\\\/cosmetic-news\\\/empfehlung-die-verwendung-von-mikroperlen-einzustellen\\\/#primaryimage\",\"url\":\"https:\\\/\\\/biorius.com\\\/wp-content\\\/uploads\\\/2023\\\/10\\\/books-1845614_1920.jpg\",\"contentUrl\":\"https:\\\/\\\/biorius.com\\\/wp-content\\\/uploads\\\/2023\\\/10\\\/books-1845614_1920.jpg\",\"width\":1920,\"height\":1042,\"caption\":\"Discover how the 2019 Omnibus Regulation impacts cosmetics, including new restrictions on Salicylic Acid and updates on prohibited substances.\"},{\"@type\":\"BreadcrumbList\",\"@id\":\"https:\\\/\\\/biorius.com\\\/de\\\/cosmetic-news\\\/empfehlung-die-verwendung-von-mikroperlen-einzustellen\\\/#breadcrumb\",\"itemListElement\":[{\"@type\":\"ListItem\",\"position\":1,\"name\":\"Startseite\",\"item\":\"https:\\\/\\\/biorius.com\\\/de\\\/\"},{\"@type\":\"ListItem\",\"position\":2,\"name\":\"Empfehlung, die Verwendung von Mikroperlen einzustellen\"}]},{\"@type\":\"WebSite\",\"@id\":\"https:\\\/\\\/biorius.com\\\/de\\\/#website\",\"url\":\"https:\\\/\\\/biorius.com\\\/de\\\/\",\"name\":\"Biorius\",\"description\":\"You create dreams we protect them\",\"potentialAction\":[{\"@type\":\"SearchAction\",\"target\":{\"@type\":\"EntryPoint\",\"urlTemplate\":\"https:\\\/\\\/biorius.com\\\/de\\\/?s={search_term_string}\"},\"query-input\":{\"@type\":\"PropertyValueSpecification\",\"valueRequired\":true,\"valueName\":\"search_term_string\"}}],\"inLanguage\":\"de-DE\"},{\"@type\":\"Person\",\"@id\":\"https:\\\/\\\/biorius.com\\\/de\\\/#\\\/schema\\\/person\\\/118636d0af6db915f51e7a434d16faa3\",\"name\":\"nicolas.lenaers@biorius.com\",\"image\":{\"@type\":\"ImageObject\",\"inLanguage\":\"de-DE\",\"@id\":\"https:\\\/\\\/secure.gravatar.com\\\/avatar\\\/3a520f0f485dafed9d1c4b410310d05d541c8291d6f54c1e0e2b3687906b3979?s=96&d=mm&r=gafd756382464e9b8c7dd55685562e5f5\",\"url\":\"https:\\\/\\\/secure.gravatar.com\\\/avatar\\\/3a520f0f485dafed9d1c4b410310d05d541c8291d6f54c1e0e2b3687906b3979?s=96&d=mm&r=g\",\"contentUrl\":\"https:\\\/\\\/secure.gravatar.com\\\/avatar\\\/3a520f0f485dafed9d1c4b410310d05d541c8291d6f54c1e0e2b3687906b3979?s=96&d=mm&r=g\",\"caption\":\"nicolas.lenaers@biorius.com\"},\"url\":\"https:\\\/\\\/biorius.com\\\/pt-pt\\\/cosmetic-news\\\/author\\\/nicolas-lenaersbiorius-com\\\/\"}]}<\/script>\n<!-- \/ Yoast SEO plugin. -->","yoast_head_json":{"title":"Empfehlung, die Verwendung von Mikroperlen einzustellen - Biorius","description":"Biorius empfiehlt, nicht biologisch abbaubare Mikroperlen in Kosmetika aufgrund von Umweltbedenken und regulatorischen Trends in der EU und den USA aus dem Verkehr zu ziehen.","robots":{"index":"index","follow":"follow","max-snippet":"max-snippet:-1","max-image-preview":"max-image-preview:large","max-video-preview":"max-video-preview:-1"},"canonical":"https:\/\/biorius.com\/de\/cosmetic-news\/empfehlung-die-verwendung-von-mikroperlen-einzustellen\/","og_locale":"de_DE","og_type":"article","og_title":"Empfehlung, die Verwendung von Mikroperlen einzustellen - Biorius","og_description":"Biorius empfiehlt, nicht biologisch abbaubare Mikroperlen in Kosmetika aufgrund von Umweltbedenken und regulatorischen Trends in der EU und den USA aus dem Verkehr zu ziehen.","og_url":"https:\/\/biorius.com\/de\/cosmetic-news\/empfehlung-die-verwendung-von-mikroperlen-einzustellen\/","og_site_name":"Biorius","article_published_time":"2015-10-21T22:00:00+00:00","article_modified_time":"2025-01-13T09:09:49+00:00","og_image":[{"width":1920,"height":1042,"url":"https:\/\/biorius.com\/wp-content\/uploads\/2023\/10\/books-1845614_1920.jpg","type":"image\/jpeg"}],"author":"Christophe Brault-Chevalier","twitter_card":"summary_large_image","twitter_misc":{"Verfasst von":"nicolas.lenaers@biorius.com","Gesch\u00e4tzte Lesezeit":"2 Minuten"},"schema":{"@context":"https:\/\/schema.org","@graph":[{"@type":"Article","@id":"https:\/\/biorius.com\/de\/cosmetic-news\/empfehlung-die-verwendung-von-mikroperlen-einzustellen\/#article","isPartOf":{"@id":"https:\/\/biorius.com\/de\/cosmetic-news\/empfehlung-die-verwendung-von-mikroperlen-einzustellen\/"},"author":{"name":"nicolas.lenaers@biorius.com","@id":"https:\/\/biorius.com\/de\/#\/schema\/person\/118636d0af6db915f51e7a434d16faa3"},"headline":"Empfehlung, die Verwendung von Mikroperlen einzustellen","datePublished":"2015-10-21T22:00:00+00:00","dateModified":"2025-01-13T09:09:49+00:00","mainEntityOfPage":{"@id":"https:\/\/biorius.com\/de\/cosmetic-news\/empfehlung-die-verwendung-von-mikroperlen-einzustellen\/"},"wordCount":501,"commentCount":0,"image":{"@id":"https:\/\/biorius.com\/de\/cosmetic-news\/empfehlung-die-verwendung-von-mikroperlen-einzustellen\/#primaryimage"},"thumbnailUrl":"https:\/\/biorius.com\/wp-content\/uploads\/2023\/10\/books-1845614_1920.jpg","articleSection":["Kosmetikverordnung"],"inLanguage":"de-DE","potentialAction":[{"@type":"CommentAction","name":"Comment","target":["https:\/\/biorius.com\/de\/cosmetic-news\/empfehlung-die-verwendung-von-mikroperlen-einzustellen\/#respond"]}]},{"@type":"WebPage","@id":"https:\/\/biorius.com\/de\/cosmetic-news\/empfehlung-die-verwendung-von-mikroperlen-einzustellen\/","url":"https:\/\/biorius.com\/de\/cosmetic-news\/empfehlung-die-verwendung-von-mikroperlen-einzustellen\/","name":"Empfehlung, die Verwendung von Mikroperlen einzustellen - Biorius","isPartOf":{"@id":"https:\/\/biorius.com\/de\/#website"},"primaryImageOfPage":{"@id":"https:\/\/biorius.com\/de\/cosmetic-news\/empfehlung-die-verwendung-von-mikroperlen-einzustellen\/#primaryimage"},"image":{"@id":"https:\/\/biorius.com\/de\/cosmetic-news\/empfehlung-die-verwendung-von-mikroperlen-einzustellen\/#primaryimage"},"thumbnailUrl":"https:\/\/biorius.com\/wp-content\/uploads\/2023\/10\/books-1845614_1920.jpg","datePublished":"2015-10-21T22:00:00+00:00","dateModified":"2025-01-13T09:09:49+00:00","author":{"@id":"https:\/\/biorius.com\/de\/#\/schema\/person\/118636d0af6db915f51e7a434d16faa3"},"description":"Biorius empfiehlt, nicht biologisch abbaubare Mikroperlen in Kosmetika aufgrund von Umweltbedenken und regulatorischen Trends in der EU und den USA aus dem Verkehr zu ziehen.","breadcrumb":{"@id":"https:\/\/biorius.com\/de\/cosmetic-news\/empfehlung-die-verwendung-von-mikroperlen-einzustellen\/#breadcrumb"},"inLanguage":"de-DE","potentialAction":[{"@type":"ReadAction","target":["https:\/\/biorius.com\/de\/cosmetic-news\/empfehlung-die-verwendung-von-mikroperlen-einzustellen\/"]}]},{"@type":"ImageObject","inLanguage":"de-DE","@id":"https:\/\/biorius.com\/de\/cosmetic-news\/empfehlung-die-verwendung-von-mikroperlen-einzustellen\/#primaryimage","url":"https:\/\/biorius.com\/wp-content\/uploads\/2023\/10\/books-1845614_1920.jpg","contentUrl":"https:\/\/biorius.com\/wp-content\/uploads\/2023\/10\/books-1845614_1920.jpg","width":1920,"height":1042,"caption":"Discover how the 2019 Omnibus Regulation impacts cosmetics, including new restrictions on Salicylic Acid and updates on prohibited substances."},{"@type":"BreadcrumbList","@id":"https:\/\/biorius.com\/de\/cosmetic-news\/empfehlung-die-verwendung-von-mikroperlen-einzustellen\/#breadcrumb","itemListElement":[{"@type":"ListItem","position":1,"name":"Startseite","item":"https:\/\/biorius.com\/de\/"},{"@type":"ListItem","position":2,"name":"Empfehlung, die Verwendung von Mikroperlen einzustellen"}]},{"@type":"WebSite","@id":"https:\/\/biorius.com\/de\/#website","url":"https:\/\/biorius.com\/de\/","name":"Biorius","description":"You create dreams we protect them","potentialAction":[{"@type":"SearchAction","target":{"@type":"EntryPoint","urlTemplate":"https:\/\/biorius.com\/de\/?s={search_term_string}"},"query-input":{"@type":"PropertyValueSpecification","valueRequired":true,"valueName":"search_term_string"}}],"inLanguage":"de-DE"},{"@type":"Person","@id":"https:\/\/biorius.com\/de\/#\/schema\/person\/118636d0af6db915f51e7a434d16faa3","name":"nicolas.lenaers@biorius.com","image":{"@type":"ImageObject","inLanguage":"de-DE","@id":"https:\/\/secure.gravatar.com\/avatar\/3a520f0f485dafed9d1c4b410310d05d541c8291d6f54c1e0e2b3687906b3979?s=96&d=mm&r=gafd756382464e9b8c7dd55685562e5f5","url":"https:\/\/secure.gravatar.com\/avatar\/3a520f0f485dafed9d1c4b410310d05d541c8291d6f54c1e0e2b3687906b3979?s=96&d=mm&r=g","contentUrl":"https:\/\/secure.gravatar.com\/avatar\/3a520f0f485dafed9d1c4b410310d05d541c8291d6f54c1e0e2b3687906b3979?s=96&d=mm&r=g","caption":"nicolas.lenaers@biorius.com"},"url":"https:\/\/biorius.com\/pt-pt\/cosmetic-news\/author\/nicolas-lenaersbiorius-com\/"}]}},"authors":[{"term_id":2288,"user_id":0,"is_guest":1,"slug":"christophe-brault-chevalier","display_name":"Christophe Brault-Chevalier","avatar_url":{"url":"https:\/\/biorius.com\/wp-content\/uploads\/2024\/08\/Christophe-Brault-Chevalier.webp","url2x":"https:\/\/biorius.com\/wp-content\/uploads\/2024\/08\/Christophe-Brault-Chevalier.webp"},"0":null,"1":"","2":"","3":"","4":"","5":"","6":"","7":"","8":""}],"_links":{"self":[{"href":"https:\/\/biorius.com\/de\/wp-json\/wp\/v2\/posts\/48772","targetHints":{"allow":["GET"]}}],"collection":[{"href":"https:\/\/biorius.com\/de\/wp-json\/wp\/v2\/posts"}],"about":[{"href":"https:\/\/biorius.com\/de\/wp-json\/wp\/v2\/types\/post"}],"author":[{"embeddable":true,"href":"https:\/\/biorius.com\/de\/wp-json\/wp\/v2\/users\/2"}],"replies":[{"embeddable":true,"href":"https:\/\/biorius.com\/de\/wp-json\/wp\/v2\/comments?post=48772"}],"version-history":[{"count":0,"href":"https:\/\/biorius.com\/de\/wp-json\/wp\/v2\/posts\/48772\/revisions"}],"wp:featuredmedia":[{"embeddable":true,"href":"https:\/\/biorius.com\/de\/wp-json\/wp\/v2\/media\/48676"}],"wp:attachment":[{"href":"https:\/\/biorius.com\/de\/wp-json\/wp\/v2\/media?parent=48772"}],"wp:term":[{"taxonomy":"category","embeddable":true,"href":"https:\/\/biorius.com\/de\/wp-json\/wp\/v2\/categories?post=48772"},{"taxonomy":"post_tag","embeddable":true,"href":"https:\/\/biorius.com\/de\/wp-json\/wp\/v2\/tags?post=48772"},{"taxonomy":"author","embeddable":true,"href":"https:\/\/biorius.com\/de\/wp-json\/wp\/v2\/ppma_author?post=48772"}],"curies":[{"name":"wp","href":"https:\/\/api.w.org\/{rel}","templated":true}]}}