{"id":48764,"date":"2015-07-22T00:00:00","date_gmt":"2015-07-21T22:00:00","guid":{"rendered":"https:\/\/biorius.com\/cosmetic-news\/eu-kosmetikverordnung-aktueller-stand-der-regulatorischen-entwicklungen\/"},"modified":"2025-01-13T10:10:17","modified_gmt":"2025-01-13T09:10:17","slug":"eu-kosmetikverordnung-aktueller-stand-der-regulatorischen-entwicklungen","status":"publish","type":"post","link":"https:\/\/biorius.com\/de\/cosmetic-news\/eu-kosmetikverordnung-aktueller-stand-der-regulatorischen-entwicklungen\/","title":{"rendered":"EU-Kosmetikverordnung: Aktueller Stand der regulatorischen Entwicklungen"},"content":{"rendered":"&#13;\n<p>Mehrere wichtige kosmetische Inhaltsstoffe werden derzeit von der EU-Kommission reguliert. Die gr\u00f6\u00dfte Unsicherheit betrifft den Zeitplan f\u00fcr die Durchsetzung und Umsetzung dieser neuen Risikomanagementma\u00dfnahmen.<br\/><br\/>Biorius informierte Sie \u00fcber verschiedene aktuelle Themen und stellte Vermutungen dar\u00fcber an, wann diese \u00c4nderungen der EU-Kosmetikverordnung ver\u00f6ffentlicht werden w\u00fcrden. Tatsache ist, dass die meisten dieser regulatorischen Entwicklungen mehr Zeit in Anspruch nehmen als erwartet. Mit diesem Informationsschreiben m\u00f6chte Biorius \u00fcber den Stand dieser aktuellen regulatorischen Entwicklungen berichten und erkl\u00e4ren, warum sie sich verz\u00f6gert haben.<br\/><br\/>Die Bearbeitung laufender Dossiers wurde von der EU-Kommission aufgrund wichtiger organisatorischer Ver\u00e4nderungen erheblich verlangsamt oder sogar auf Eis gelegt. Diese Ver\u00e4nderungen fanden zuf\u00e4llig auf mehreren Ebenen der Regierungsf\u00fchrung statt und lassen sich wie folgt zusammenfassen:<\/p>&#13;\n&#13;\n<p><strong>Politische Ver\u00e4nderungen in der EU-Kommission<\/strong><\/p>&#13;\n&#13;\n<p>Nach den Europawahlen vom 22. bis 25. Mai 2014 nahm ein neues EU-Parlament Gestalt an und eine neue Kommission wurde ernannt. Jean-Claude Juncker, der am 15. Juli 2014 vom Parlament best\u00e4tigt wurde, ist seit dem 1. November 2014 der neue Pr\u00e4sident der EU-Kommission.<\/p>&#13;\n&#13;\n<p>Die von Juncker ernannte neue EU-Kommission ist viel politischer als das Kommissionskollegium von Manuel Barroso, hat eine andere Struktur und setzt eindeutig andere Priorit\u00e4ten. W\u00e4hrend die EU-Kommission relativ flach strukturiert ist (mit dem Pr\u00e4sidenten und so vielen Kommissaren, wie es EU-Mitgliedstaaten gibt, die alle die gleiche Hierarchieebene haben), besteht <a href=\"https:\/\/europa.eu\/rapid\/pressrelease_IP-14-984_en.htm\" target=\"_blank\" rel=\"noreferrer noopener\" aria-label=\"undefined (opens in a new tab)\">Junckers Kommission<\/a> aus dem Pr\u00e4sidenten, dem ersten Vizepr\u00e4sidenten, dem Hohen Vertreter, f\u00fcnf Vizepr\u00e4sidenten (auch Superkommissare genannt) und zwanzig Kommissaren.<\/p>&#13;\n&#13;\n<p><strong>\u00c4nderungen im Organigramm<\/strong><\/p>&#13;\n&#13;\n<p>Bemerkenswert ist auch, dass die Zust\u00e4ndigkeit f\u00fcr die Verwaltung von Gesundheitstechnologie und Kosmetika in Junckers Kommission von der GD SANCO (Referat B2) auf die GD GROWTH (Referat D4) \u00fcbergegangen ist. Das hochrangige Personal wurde komplett umstrukturiert und die bisherige Leiterin der Abteilung Gesundheitstechnologie und Kosmetik, Sabine Lecrenier, wurde durch Salvatore d&#8217;Acunto ersetzt.<\/p>&#13;\n&#13;\n<p><strong>\u00c4nderungen im Personalbestand der Abteilung<\/strong><\/p>&#13;\n&#13;\n<p>Fast ebenso wichtig wie die oben genannten Punkte ist, dass das Personal der Abteilung f\u00fcr Gesundheitstechnologie und Kosmetika in den letzten Monaten aus verschiedenen Gr\u00fcnden teilweise ausgetauscht wurde und das neue Personal noch relativ wenig Erfahrung mit den laufenden Dossiers hat.<\/p>&#13;\n&#13;\n<p><strong>Konsequenzen<\/strong><\/p>&#13;\n&#13;\n<p>Was bedeutet das in Bezug auf die praktischen Konsequenzen f\u00fcr die aktuellen regulatorischen Entwicklungen? Es w\u00e4re spekulativ, wenn Biorius ein neues Datum f\u00fcr die Ver\u00f6ffentlichung jedes laufenden Dossiers berechnen w\u00fcrde. Es kann jedoch zumindest berichtet werden, dass die \u00c4nderung zu Duftstoffallergenen voraussichtlich im Februar 2016 in Kraft treten wird (statt im Mai-Juni 2015!). Diese Information stammt direkt von der IFRA. Ein Informationsschreiben mit weiteren Einzelheiten zu diesem Thema wird in K\u00fcrze ver\u00f6ffentlicht.<\/p>&#13;\n&#13;\n<p>Dar\u00fcber hinaus erhielt Biorius viele Fragen zum Thema Zinkoxid, da die aktuelle Entwicklung der Gesetzgebung, die darauf abzielt, diesen Inhaltsstoff in Anhang VI (Positivliste der UV-Filter) der EU-Kosmetikverordnung aufzunehmen, von den Kosmetikherstellern mit Spannung erwartet wird. Auf der Grundlage der j\u00fcngsten wissenschaftlichen Stellungnahmen des SCCS zu diesem Thema und des Austauschs zwischen der EU-Kommission, der Industrie und<br\/>den EU-Mitgliedstaaten kann Biorius mit Sicherheit davon ausgehen, dass diese Erg\u00e4nzung des Anhangs eines Tages kommen wird, auch wenn das Datum noch nicht feststeht. Nachdem die Industrie die Definition von &#8220;spr\u00fchbaren Produkten&#8221; in Frage gestellt hatte, \u00fcberarbeitete der SCCS am 16. Dezember 2014 seine letzte Stellungnahme und best\u00e4tigte, dass Zinkoxid f\u00fcr die Verwendung in allen Produkten sicher ist, auch in spr\u00fchbaren Produkten, mit Ausnahme von Kosmetika, die mit Hilfe von Treibgas abgegeben werden, das lungeng\u00e4ngige Partikel erzeugt. Aus wissenschaftlicher Sicht scheint nun alles klar zu sein und die \u00c4nderung sollte nun<br\/>von der EU-Kommission formell best\u00e4tigt werden.<\/p>&#13;\n\n<div id=\"\" class=\"wp-block-ugb-cta ugb-cta ugb-642fd03 ugb-cta ugb-cta--v2 ugb-cta--design-plain ugb-main-block\"><style>.ugb-642fd03 .ugb-button .ugb-button--inner{color:#93D500 !important}.ugb-642fd03 .ugb-button{border-color:#93D500 !important}.ugb-642fd03 .ugb-button:hover .ugb-button--inner{color:#93D500 !important}<\/style>\n<div class=\"ugb-inner-block\">\n<div class=\"ugb-block-content\">\n<div class=\"ugb-cta__item\">\n<h3 class=\"ugb-cta__title\">Haben Sie Fragen?<\/h3>\n<div class=\"ugb-button-container\"><a class=\"ugb-button ugb-button--size-normal ugb-button--design-ghost\" href=\"https:\/\/biorius.com\/de\/kontakt\/\" rel=\"\"><span class=\"ugb-button--inner\">Kontaktieren Sie uns<\/span><\/a><\/div>\n<\/div>\n<\/div>\n<\/div>\n<\/div>\n","protected":false},"excerpt":{"rendered":"<p>&#13; Mehrere wichtige kosmetische Inhaltsstoffe werden derzeit von der EU-Kommission reguliert. Die gr\u00f6\u00dfte Unsicherheit betrifft den Zeitplan f\u00fcr die Durchsetzung und Umsetzung dieser neuen Risikomanagementma\u00dfnahmen.Biorius&#8230;<\/p>\n","protected":false},"author":2,"featured_media":48676,"comment_status":"open","ping_status":"open","sticky":false,"template":"","format":"standard","meta":{"_acf_changed":false,"_coblocks_attr":"","_coblocks_dimensions":"","_coblocks_responsive_height":"","_coblocks_accordion_ie_support":"","footnotes":""},"categories":[2293],"tags":[],"ppma_author":[2288],"class_list":["post-48764","post","type-post","status-publish","format-standard","has-post-thumbnail","hentry","category-kosmetikverordnung","author-christophe-brault-chevalier"],"acf":[],"yoast_head":"<!-- This site is optimized with the Yoast SEO plugin v27.4 - https:\/\/yoast.com\/product\/yoast-seo-wordpress\/ -->\n<title>EU-Kosmetikverordnung: aktuelle regulatorische Entwicklungen - Biorius<\/title>\n<meta name=\"description\" content=\"Die EU verz\u00f6gert die Aktualisierung der Kosmetikverordnung aufgrund organisatorischer \u00c4nderungen, was sich auf den Zeitplan f\u00fcr die Durchsetzung neuer Risikomanagementma\u00dfnahmen auswirkt.\" \/>\n<meta name=\"robots\" content=\"index, follow, max-snippet:-1, max-image-preview:large, max-video-preview:-1\" \/>\n<link rel=\"canonical\" href=\"https:\/\/biorius.com\/de\/cosmetic-news\/eu-kosmetikverordnung-aktueller-stand-der-regulatorischen-entwicklungen\/\" \/>\n<meta property=\"og:locale\" content=\"de_DE\" \/>\n<meta property=\"og:type\" content=\"article\" \/>\n<meta property=\"og:title\" content=\"EU-Kosmetikverordnung: aktuelle regulatorische Entwicklungen - Biorius\" \/>\n<meta property=\"og:description\" content=\"Die EU verz\u00f6gert die Aktualisierung der Kosmetikverordnung aufgrund organisatorischer \u00c4nderungen, was sich auf den Zeitplan f\u00fcr die Durchsetzung neuer Risikomanagementma\u00dfnahmen auswirkt.\" \/>\n<meta property=\"og:url\" content=\"https:\/\/biorius.com\/de\/cosmetic-news\/eu-kosmetikverordnung-aktueller-stand-der-regulatorischen-entwicklungen\/\" \/>\n<meta property=\"og:site_name\" content=\"Biorius\" \/>\n<meta property=\"article:published_time\" content=\"2015-07-21T22:00:00+00:00\" \/>\n<meta property=\"article:modified_time\" content=\"2025-01-13T09:10:17+00:00\" \/>\n<meta property=\"og:image\" content=\"https:\/\/biorius.com\/wp-content\/uploads\/2023\/10\/books-1845614_1920.jpg\" \/>\n\t<meta property=\"og:image:width\" content=\"1920\" \/>\n\t<meta property=\"og:image:height\" content=\"1042\" \/>\n\t<meta property=\"og:image:type\" content=\"image\/jpeg\" \/>\n<meta name=\"author\" content=\"Christophe Brault-Chevalier\" \/>\n<meta name=\"twitter:card\" content=\"summary_large_image\" \/>\n<meta name=\"twitter:label1\" content=\"Verfasst von\" \/>\n\t<meta name=\"twitter:data1\" content=\"nicolas.lenaers@biorius.com\" \/>\n\t<meta name=\"twitter:label2\" content=\"Gesch\u00e4tzte Lesezeit\" \/>\n\t<meta name=\"twitter:data2\" content=\"3 Minuten\" \/>\n<script type=\"application\/ld+json\" class=\"yoast-schema-graph\">{\"@context\":\"https:\\\/\\\/schema.org\",\"@graph\":[{\"@type\":\"Article\",\"@id\":\"https:\\\/\\\/biorius.com\\\/de\\\/cosmetic-news\\\/eu-kosmetikverordnung-aktueller-stand-der-regulatorischen-entwicklungen\\\/#article\",\"isPartOf\":{\"@id\":\"https:\\\/\\\/biorius.com\\\/de\\\/cosmetic-news\\\/eu-kosmetikverordnung-aktueller-stand-der-regulatorischen-entwicklungen\\\/\"},\"author\":{\"name\":\"nicolas.lenaers@biorius.com\",\"@id\":\"https:\\\/\\\/biorius.com\\\/de\\\/#\\\/schema\\\/person\\\/118636d0af6db915f51e7a434d16faa3\"},\"headline\":\"EU-Kosmetikverordnung: Aktueller Stand der regulatorischen Entwicklungen\",\"datePublished\":\"2015-07-21T22:00:00+00:00\",\"dateModified\":\"2025-01-13T09:10:17+00:00\",\"mainEntityOfPage\":{\"@id\":\"https:\\\/\\\/biorius.com\\\/de\\\/cosmetic-news\\\/eu-kosmetikverordnung-aktueller-stand-der-regulatorischen-entwicklungen\\\/\"},\"wordCount\":601,\"commentCount\":0,\"image\":{\"@id\":\"https:\\\/\\\/biorius.com\\\/de\\\/cosmetic-news\\\/eu-kosmetikverordnung-aktueller-stand-der-regulatorischen-entwicklungen\\\/#primaryimage\"},\"thumbnailUrl\":\"https:\\\/\\\/biorius.com\\\/wp-content\\\/uploads\\\/2023\\\/10\\\/books-1845614_1920.jpg\",\"articleSection\":[\"Kosmetikverordnung\"],\"inLanguage\":\"de-DE\",\"potentialAction\":[{\"@type\":\"CommentAction\",\"name\":\"Comment\",\"target\":[\"https:\\\/\\\/biorius.com\\\/de\\\/cosmetic-news\\\/eu-kosmetikverordnung-aktueller-stand-der-regulatorischen-entwicklungen\\\/#respond\"]}]},{\"@type\":\"WebPage\",\"@id\":\"https:\\\/\\\/biorius.com\\\/de\\\/cosmetic-news\\\/eu-kosmetikverordnung-aktueller-stand-der-regulatorischen-entwicklungen\\\/\",\"url\":\"https:\\\/\\\/biorius.com\\\/de\\\/cosmetic-news\\\/eu-kosmetikverordnung-aktueller-stand-der-regulatorischen-entwicklungen\\\/\",\"name\":\"EU-Kosmetikverordnung: aktuelle regulatorische Entwicklungen - Biorius\",\"isPartOf\":{\"@id\":\"https:\\\/\\\/biorius.com\\\/de\\\/#website\"},\"primaryImageOfPage\":{\"@id\":\"https:\\\/\\\/biorius.com\\\/de\\\/cosmetic-news\\\/eu-kosmetikverordnung-aktueller-stand-der-regulatorischen-entwicklungen\\\/#primaryimage\"},\"image\":{\"@id\":\"https:\\\/\\\/biorius.com\\\/de\\\/cosmetic-news\\\/eu-kosmetikverordnung-aktueller-stand-der-regulatorischen-entwicklungen\\\/#primaryimage\"},\"thumbnailUrl\":\"https:\\\/\\\/biorius.com\\\/wp-content\\\/uploads\\\/2023\\\/10\\\/books-1845614_1920.jpg\",\"datePublished\":\"2015-07-21T22:00:00+00:00\",\"dateModified\":\"2025-01-13T09:10:17+00:00\",\"author\":{\"@id\":\"https:\\\/\\\/biorius.com\\\/de\\\/#\\\/schema\\\/person\\\/118636d0af6db915f51e7a434d16faa3\"},\"description\":\"Die EU verz\u00f6gert die Aktualisierung der Kosmetikverordnung aufgrund organisatorischer \u00c4nderungen, was sich auf den Zeitplan f\u00fcr die Durchsetzung neuer Risikomanagementma\u00dfnahmen auswirkt.\",\"breadcrumb\":{\"@id\":\"https:\\\/\\\/biorius.com\\\/de\\\/cosmetic-news\\\/eu-kosmetikverordnung-aktueller-stand-der-regulatorischen-entwicklungen\\\/#breadcrumb\"},\"inLanguage\":\"de-DE\",\"potentialAction\":[{\"@type\":\"ReadAction\",\"target\":[\"https:\\\/\\\/biorius.com\\\/de\\\/cosmetic-news\\\/eu-kosmetikverordnung-aktueller-stand-der-regulatorischen-entwicklungen\\\/\"]}]},{\"@type\":\"ImageObject\",\"inLanguage\":\"de-DE\",\"@id\":\"https:\\\/\\\/biorius.com\\\/de\\\/cosmetic-news\\\/eu-kosmetikverordnung-aktueller-stand-der-regulatorischen-entwicklungen\\\/#primaryimage\",\"url\":\"https:\\\/\\\/biorius.com\\\/wp-content\\\/uploads\\\/2023\\\/10\\\/books-1845614_1920.jpg\",\"contentUrl\":\"https:\\\/\\\/biorius.com\\\/wp-content\\\/uploads\\\/2023\\\/10\\\/books-1845614_1920.jpg\",\"width\":1920,\"height\":1042,\"caption\":\"Discover how the 2019 Omnibus Regulation impacts cosmetics, including new restrictions on Salicylic Acid and updates on prohibited substances.\"},{\"@type\":\"BreadcrumbList\",\"@id\":\"https:\\\/\\\/biorius.com\\\/de\\\/cosmetic-news\\\/eu-kosmetikverordnung-aktueller-stand-der-regulatorischen-entwicklungen\\\/#breadcrumb\",\"itemListElement\":[{\"@type\":\"ListItem\",\"position\":1,\"name\":\"Startseite\",\"item\":\"https:\\\/\\\/biorius.com\\\/de\\\/\"},{\"@type\":\"ListItem\",\"position\":2,\"name\":\"EU-Kosmetikverordnung: Aktueller Stand der regulatorischen Entwicklungen\"}]},{\"@type\":\"WebSite\",\"@id\":\"https:\\\/\\\/biorius.com\\\/de\\\/#website\",\"url\":\"https:\\\/\\\/biorius.com\\\/de\\\/\",\"name\":\"Biorius\",\"description\":\"You create dreams we protect them\",\"potentialAction\":[{\"@type\":\"SearchAction\",\"target\":{\"@type\":\"EntryPoint\",\"urlTemplate\":\"https:\\\/\\\/biorius.com\\\/de\\\/?s={search_term_string}\"},\"query-input\":{\"@type\":\"PropertyValueSpecification\",\"valueRequired\":true,\"valueName\":\"search_term_string\"}}],\"inLanguage\":\"de-DE\"},{\"@type\":\"Person\",\"@id\":\"https:\\\/\\\/biorius.com\\\/de\\\/#\\\/schema\\\/person\\\/118636d0af6db915f51e7a434d16faa3\",\"name\":\"nicolas.lenaers@biorius.com\",\"image\":{\"@type\":\"ImageObject\",\"inLanguage\":\"de-DE\",\"@id\":\"https:\\\/\\\/secure.gravatar.com\\\/avatar\\\/3a520f0f485dafed9d1c4b410310d05d541c8291d6f54c1e0e2b3687906b3979?s=96&d=mm&r=gafd756382464e9b8c7dd55685562e5f5\",\"url\":\"https:\\\/\\\/secure.gravatar.com\\\/avatar\\\/3a520f0f485dafed9d1c4b410310d05d541c8291d6f54c1e0e2b3687906b3979?s=96&d=mm&r=g\",\"contentUrl\":\"https:\\\/\\\/secure.gravatar.com\\\/avatar\\\/3a520f0f485dafed9d1c4b410310d05d541c8291d6f54c1e0e2b3687906b3979?s=96&d=mm&r=g\",\"caption\":\"nicolas.lenaers@biorius.com\"},\"url\":\"https:\\\/\\\/biorius.com\\\/cosmetic-news\\\/author\\\/nicolas-lenaersbiorius-com\\\/\"}]}<\/script>\n<!-- \/ Yoast SEO plugin. -->","yoast_head_json":{"title":"EU-Kosmetikverordnung: aktuelle regulatorische Entwicklungen - Biorius","description":"Die EU verz\u00f6gert die Aktualisierung der Kosmetikverordnung aufgrund organisatorischer \u00c4nderungen, was sich auf den Zeitplan f\u00fcr die Durchsetzung neuer Risikomanagementma\u00dfnahmen auswirkt.","robots":{"index":"index","follow":"follow","max-snippet":"max-snippet:-1","max-image-preview":"max-image-preview:large","max-video-preview":"max-video-preview:-1"},"canonical":"https:\/\/biorius.com\/de\/cosmetic-news\/eu-kosmetikverordnung-aktueller-stand-der-regulatorischen-entwicklungen\/","og_locale":"de_DE","og_type":"article","og_title":"EU-Kosmetikverordnung: aktuelle regulatorische Entwicklungen - Biorius","og_description":"Die EU verz\u00f6gert die Aktualisierung der Kosmetikverordnung aufgrund organisatorischer \u00c4nderungen, was sich auf den Zeitplan f\u00fcr die Durchsetzung neuer Risikomanagementma\u00dfnahmen auswirkt.","og_url":"https:\/\/biorius.com\/de\/cosmetic-news\/eu-kosmetikverordnung-aktueller-stand-der-regulatorischen-entwicklungen\/","og_site_name":"Biorius","article_published_time":"2015-07-21T22:00:00+00:00","article_modified_time":"2025-01-13T09:10:17+00:00","og_image":[{"width":1920,"height":1042,"url":"https:\/\/biorius.com\/wp-content\/uploads\/2023\/10\/books-1845614_1920.jpg","type":"image\/jpeg"}],"author":"Christophe Brault-Chevalier","twitter_card":"summary_large_image","twitter_misc":{"Verfasst von":"nicolas.lenaers@biorius.com","Gesch\u00e4tzte Lesezeit":"3 Minuten"},"schema":{"@context":"https:\/\/schema.org","@graph":[{"@type":"Article","@id":"https:\/\/biorius.com\/de\/cosmetic-news\/eu-kosmetikverordnung-aktueller-stand-der-regulatorischen-entwicklungen\/#article","isPartOf":{"@id":"https:\/\/biorius.com\/de\/cosmetic-news\/eu-kosmetikverordnung-aktueller-stand-der-regulatorischen-entwicklungen\/"},"author":{"name":"nicolas.lenaers@biorius.com","@id":"https:\/\/biorius.com\/de\/#\/schema\/person\/118636d0af6db915f51e7a434d16faa3"},"headline":"EU-Kosmetikverordnung: Aktueller Stand der regulatorischen Entwicklungen","datePublished":"2015-07-21T22:00:00+00:00","dateModified":"2025-01-13T09:10:17+00:00","mainEntityOfPage":{"@id":"https:\/\/biorius.com\/de\/cosmetic-news\/eu-kosmetikverordnung-aktueller-stand-der-regulatorischen-entwicklungen\/"},"wordCount":601,"commentCount":0,"image":{"@id":"https:\/\/biorius.com\/de\/cosmetic-news\/eu-kosmetikverordnung-aktueller-stand-der-regulatorischen-entwicklungen\/#primaryimage"},"thumbnailUrl":"https:\/\/biorius.com\/wp-content\/uploads\/2023\/10\/books-1845614_1920.jpg","articleSection":["Kosmetikverordnung"],"inLanguage":"de-DE","potentialAction":[{"@type":"CommentAction","name":"Comment","target":["https:\/\/biorius.com\/de\/cosmetic-news\/eu-kosmetikverordnung-aktueller-stand-der-regulatorischen-entwicklungen\/#respond"]}]},{"@type":"WebPage","@id":"https:\/\/biorius.com\/de\/cosmetic-news\/eu-kosmetikverordnung-aktueller-stand-der-regulatorischen-entwicklungen\/","url":"https:\/\/biorius.com\/de\/cosmetic-news\/eu-kosmetikverordnung-aktueller-stand-der-regulatorischen-entwicklungen\/","name":"EU-Kosmetikverordnung: aktuelle regulatorische Entwicklungen - Biorius","isPartOf":{"@id":"https:\/\/biorius.com\/de\/#website"},"primaryImageOfPage":{"@id":"https:\/\/biorius.com\/de\/cosmetic-news\/eu-kosmetikverordnung-aktueller-stand-der-regulatorischen-entwicklungen\/#primaryimage"},"image":{"@id":"https:\/\/biorius.com\/de\/cosmetic-news\/eu-kosmetikverordnung-aktueller-stand-der-regulatorischen-entwicklungen\/#primaryimage"},"thumbnailUrl":"https:\/\/biorius.com\/wp-content\/uploads\/2023\/10\/books-1845614_1920.jpg","datePublished":"2015-07-21T22:00:00+00:00","dateModified":"2025-01-13T09:10:17+00:00","author":{"@id":"https:\/\/biorius.com\/de\/#\/schema\/person\/118636d0af6db915f51e7a434d16faa3"},"description":"Die EU verz\u00f6gert die Aktualisierung der Kosmetikverordnung aufgrund organisatorischer \u00c4nderungen, was sich auf den Zeitplan f\u00fcr die Durchsetzung neuer Risikomanagementma\u00dfnahmen auswirkt.","breadcrumb":{"@id":"https:\/\/biorius.com\/de\/cosmetic-news\/eu-kosmetikverordnung-aktueller-stand-der-regulatorischen-entwicklungen\/#breadcrumb"},"inLanguage":"de-DE","potentialAction":[{"@type":"ReadAction","target":["https:\/\/biorius.com\/de\/cosmetic-news\/eu-kosmetikverordnung-aktueller-stand-der-regulatorischen-entwicklungen\/"]}]},{"@type":"ImageObject","inLanguage":"de-DE","@id":"https:\/\/biorius.com\/de\/cosmetic-news\/eu-kosmetikverordnung-aktueller-stand-der-regulatorischen-entwicklungen\/#primaryimage","url":"https:\/\/biorius.com\/wp-content\/uploads\/2023\/10\/books-1845614_1920.jpg","contentUrl":"https:\/\/biorius.com\/wp-content\/uploads\/2023\/10\/books-1845614_1920.jpg","width":1920,"height":1042,"caption":"Discover how the 2019 Omnibus Regulation impacts cosmetics, including new restrictions on Salicylic Acid and updates on prohibited substances."},{"@type":"BreadcrumbList","@id":"https:\/\/biorius.com\/de\/cosmetic-news\/eu-kosmetikverordnung-aktueller-stand-der-regulatorischen-entwicklungen\/#breadcrumb","itemListElement":[{"@type":"ListItem","position":1,"name":"Startseite","item":"https:\/\/biorius.com\/de\/"},{"@type":"ListItem","position":2,"name":"EU-Kosmetikverordnung: Aktueller Stand der regulatorischen Entwicklungen"}]},{"@type":"WebSite","@id":"https:\/\/biorius.com\/de\/#website","url":"https:\/\/biorius.com\/de\/","name":"Biorius","description":"You create dreams we protect them","potentialAction":[{"@type":"SearchAction","target":{"@type":"EntryPoint","urlTemplate":"https:\/\/biorius.com\/de\/?s={search_term_string}"},"query-input":{"@type":"PropertyValueSpecification","valueRequired":true,"valueName":"search_term_string"}}],"inLanguage":"de-DE"},{"@type":"Person","@id":"https:\/\/biorius.com\/de\/#\/schema\/person\/118636d0af6db915f51e7a434d16faa3","name":"nicolas.lenaers@biorius.com","image":{"@type":"ImageObject","inLanguage":"de-DE","@id":"https:\/\/secure.gravatar.com\/avatar\/3a520f0f485dafed9d1c4b410310d05d541c8291d6f54c1e0e2b3687906b3979?s=96&d=mm&r=gafd756382464e9b8c7dd55685562e5f5","url":"https:\/\/secure.gravatar.com\/avatar\/3a520f0f485dafed9d1c4b410310d05d541c8291d6f54c1e0e2b3687906b3979?s=96&d=mm&r=g","contentUrl":"https:\/\/secure.gravatar.com\/avatar\/3a520f0f485dafed9d1c4b410310d05d541c8291d6f54c1e0e2b3687906b3979?s=96&d=mm&r=g","caption":"nicolas.lenaers@biorius.com"},"url":"https:\/\/biorius.com\/cosmetic-news\/author\/nicolas-lenaersbiorius-com\/"}]}},"authors":[{"term_id":2288,"user_id":0,"is_guest":1,"slug":"christophe-brault-chevalier","display_name":"Christophe Brault-Chevalier","avatar_url":{"url":"https:\/\/biorius.com\/wp-content\/uploads\/2024\/08\/Christophe-Brault-Chevalier.webp","url2x":"https:\/\/biorius.com\/wp-content\/uploads\/2024\/08\/Christophe-Brault-Chevalier.webp"},"0":null,"1":"","2":"","3":"","4":"","5":"","6":"","7":"","8":""}],"_links":{"self":[{"href":"https:\/\/biorius.com\/de\/wp-json\/wp\/v2\/posts\/48764","targetHints":{"allow":["GET"]}}],"collection":[{"href":"https:\/\/biorius.com\/de\/wp-json\/wp\/v2\/posts"}],"about":[{"href":"https:\/\/biorius.com\/de\/wp-json\/wp\/v2\/types\/post"}],"author":[{"embeddable":true,"href":"https:\/\/biorius.com\/de\/wp-json\/wp\/v2\/users\/2"}],"replies":[{"embeddable":true,"href":"https:\/\/biorius.com\/de\/wp-json\/wp\/v2\/comments?post=48764"}],"version-history":[{"count":0,"href":"https:\/\/biorius.com\/de\/wp-json\/wp\/v2\/posts\/48764\/revisions"}],"wp:featuredmedia":[{"embeddable":true,"href":"https:\/\/biorius.com\/de\/wp-json\/wp\/v2\/media\/48676"}],"wp:attachment":[{"href":"https:\/\/biorius.com\/de\/wp-json\/wp\/v2\/media?parent=48764"}],"wp:term":[{"taxonomy":"category","embeddable":true,"href":"https:\/\/biorius.com\/de\/wp-json\/wp\/v2\/categories?post=48764"},{"taxonomy":"post_tag","embeddable":true,"href":"https:\/\/biorius.com\/de\/wp-json\/wp\/v2\/tags?post=48764"},{"taxonomy":"author","embeddable":true,"href":"https:\/\/biorius.com\/de\/wp-json\/wp\/v2\/ppma_author?post=48764"}],"curies":[{"name":"wp","href":"https:\/\/api.w.org\/{rel}","templated":true}]}}