{"id":48761,"date":"2015-08-13T00:00:00","date_gmt":"2015-08-12T22:00:00","guid":{"rendered":"https:\/\/biorius.com\/cosmetic-news\/neue-beschraenkungen-fuer-neun-inhaltsstoffe-von-haarfaerbemitteln\/"},"modified":"2025-01-13T10:09:49","modified_gmt":"2025-01-13T09:09:49","slug":"neue-beschraenkungen-fuer-neun-inhaltsstoffe-von-haarfaerbemitteln","status":"publish","type":"post","link":"https:\/\/biorius.com\/de\/cosmetic-news\/neue-beschraenkungen-fuer-neun-inhaltsstoffe-von-haarfaerbemitteln\/","title":{"rendered":"Neue Beschr\u00e4nkungen f\u00fcr neun Inhaltsstoffe von Haarf\u00e4rbemitteln"},"content":{"rendered":"&#13;\n<p>In zahlreichen von Experten begutachteten Artikeln wurde die Toxizit\u00e4t von Haarf\u00e4rbemitteln hervorgehoben, insbesondere ihre karzinogenen, genotoxischen und hautsensibilisierenden Eigenschaften. Besorgt \u00fcber die potenziellen Risiken f\u00fcr die Verbraucher haben der SCCS, die EU-Kommission, die Mitgliedstaaten und die Industrie eine Gesamtstrategie entwickelt, um eine Reihe von Haarf\u00e4rbestoffen zu bewerten und sie gegebenenfalls \u00fcber die Anh\u00e4nge der EU-Kosmetikverordnung zu regulieren.<\/p>&#13;\n&#13;\n<p>Auf der Grundlage dieser Bewertung ver\u00f6ffentlichte die EU-Kommission eine neue \u00c4nderung<a href=\"https:\/\/eur-lex.europa.eu\/legal-content\/EN\/TXT\/PDF\/?uri=CELEX:32015R1190&amp;qid=1439465558454&amp;from=EN\" target=\"_blank\" rel=\"noreferrer noopener\" aria-label=\"undefined (opens in a new tab)\">(EU Nr. 2015\/1190<\/a>) der Verordnung, mit der neun Eintr\u00e4ge in Anhang III hinzugef\u00fcgt wurden. Die Einschr\u00e4nkungen und Warnhinweise (die Sie \u00fcber den oben angegebenen Link einsehen k\u00f6nnen) beziehen sich auf die folgenden Zutaten:<\/p>&#13;\n&#13;\n<figure class=\"wp-block-table\">&#13;\n<table>&#13;\n<tbody>&#13;\n<tr>&#13;\n<td class=\"has-text-align-left\" data-align=\"left\"><strong>Referenznummer<\/strong><\/td>&#13;\n<td class=\"has-text-align-left\" data-align=\"left\"><strong>Chemische Bezeichnung<\/strong><\/td>&#13;\n<td class=\"has-text-align-left\" data-align=\"left\"><strong>INCI-Name<\/strong><\/td>&#13;\n<td class=\"has-text-align-left\" data-align=\"left\"><strong>CAS<\/strong><\/td>&#13;\n<td class=\"has-text-align-left\" data-align=\"left\"><strong>EINECS<\/strong><\/td>&#13;\n<\/tr>&#13;\n<tr>&#13;\n<td class=\"has-text-align-left\" data-align=\"left\"><strong><span class=\"ugb-highlight\" style=\"color: #93d500;\">a<\/span><\/strong><\/td>&#13;\n<td class=\"has-text-align-left\" data-align=\"left\"><strong><span class=\"ugb-highlight\" style=\"color: #93d500;\">b<\/span><\/strong><\/td>&#13;\n<td class=\"has-text-align-left\" data-align=\"left\"><strong><span class=\"ugb-highlight\" style=\"color: #93d500;\">c<\/span><\/strong><\/td>&#13;\n<td class=\"has-text-align-left\" data-align=\"left\"><strong><span class=\"ugb-highlight\" style=\"color: #93d500;\">d<\/span><\/strong><\/td>&#13;\n<td class=\"has-text-align-left\" data-align=\"left\"><strong><span class=\"ugb-highlight\" style=\"color: #93d500;\">e<\/span><\/strong><\/td>&#13;\n<\/tr>&#13;\n<tr>&#13;\n<td class=\"has-text-align-left\" data-align=\"left\">288<\/td>&#13;\n<td class=\"has-text-align-left\" data-align=\"left\">3-[(4-Amino-3-methyl-9,10-dioxo9,10-dihydroanthracen-1-yl)amino]-<br\/>N,N,N-Trimethylpropan-1-aminium,<br\/>Methylsulfat-Salz<\/td>&#13;\n<td class=\"has-text-align-left\" data-align=\"left\">HC Blau Nr. 17<\/td>&#13;\n<td class=\"has-text-align-left\" data-align=\"left\">16517-75-2<\/td>&#13;\n<td class=\"has-text-align-left\" data-align=\"left\">605-392-2<\/td>&#13;\n<\/tr>&#13;\n<tr>&#13;\n<td class=\"has-text-align-left\" data-align=\"left\">289<\/td>&#13;\n<td class=\"has-text-align-left\" data-align=\"left\">Phosphors\u00e4ureverbindung mit 4-<br\/>[(2,6-Dichlorphenyl) (4-imino-3,5-<br\/>dimethyl-2,5-cyclohexadien-1-<br\/>yliden) methyl]-2,6-dimethylanilin<br\/>(1:1)<\/td>&#13;\n<td class=\"has-text-align-left\" data-align=\"left\">HC Blau Nr. 15<\/td>&#13;\n<td class=\"has-text-align-left\" data-align=\"left\">74578-10-2<\/td>&#13;\n<td class=\"has-text-align-left\" data-align=\"left\">277-929-5<\/td>&#13;\n<\/tr>&#13;\n<tr>&#13;\n<td class=\"has-text-align-left\" data-align=\"left\">290<\/td>&#13;\n<td class=\"has-text-align-left\" data-align=\"left\">Dinatrium-2,2\u2032-(9,10-<br\/>dioxoanthracen-1,4-<br\/>diyldiimino)bis(5-methylsulfonat)<\/td>&#13;\n<td class=\"has-text-align-left\" data-align=\"left\">S\u00e4uregr\u00fcn 25<\/td>&#13;\n<td class=\"has-text-align-left\" data-align=\"left\">4403-90-1<\/td>&#13;\n<td class=\"has-text-align-left\" data-align=\"left\">224-546-6<\/td>&#13;\n<\/tr>&#13;\n<tr>&#13;\n<td class=\"has-text-align-left\" data-align=\"left\">291<\/td>&#13;\n<td class=\"has-text-align-left\" data-align=\"left\">Natrium, 4-[(9,10-Dihydro-4-hydroxy9,10-dioxo-1-anthryl)amino]toluene3-sulphonat<\/td>&#13;\n<td class=\"has-text-align-left\" data-align=\"left\">Violett sauer 43<\/td>&#13;\n<td class=\"has-text-align-left\" data-align=\"left\">4430-18-6<\/td>&#13;\n<td class=\"has-text-align-left\" data-align=\"left\">224-618-7<\/td>&#13;\n<\/tr>&#13;\n<tr>&#13;\n<td class=\"has-text-align-left\" data-align=\"left\">292<\/td>&#13;\n<td class=\"has-text-align-left\" data-align=\"left\">1,4-Benzenediamin, 2-<br\/>(Methoxymethyl)<\/td>&#13;\n<td class=\"has-text-align-left\" data-align=\"left\">2-Methoxymethyl-pPhenylendiamin<\/td>&#13;\n<td class=\"has-text-align-left\" data-align=\"left\">337906-36-<br\/>2<\/td>&#13;\n<td class=\"has-text-align-left\" data-align=\"left\">\u00a0<\/td>&#13;\n<\/tr>&#13;\n<tr>&#13;\n<td class=\"has-text-align-left\" data-align=\"left\">292<\/td>&#13;\n<td class=\"has-text-align-left\" data-align=\"left\">1,4-Benzenediamin, 2-<br\/>(Methoxymethyl)-, Sulfat<\/td>&#13;\n<td class=\"has-text-align-left\" data-align=\"left\">2-Methoxymethyl-pPhenylendiamin<br\/>Sulfat<\/td>&#13;\n<td class=\"has-text-align-left\" data-align=\"left\">337906-37-<br\/>3<\/td>&#13;\n<td class=\"has-text-align-left\" data-align=\"left\">\u00a0<\/td>&#13;\n<\/tr>&#13;\n<tr>&#13;\n<td class=\"has-text-align-left\" data-align=\"left\">293<\/td>&#13;\n<td class=\"has-text-align-left\" data-align=\"left\">1-NMethylmorpholiniumpropylamino4-hydroxyanthrachinon, Methyl<br\/>sulfat<\/td>&#13;\n<td class=\"has-text-align-left\" data-align=\"left\">Hydroxyanthrachinonaminopropyl Methyl<br\/>Morpholinium<br\/>Methosulfat<\/td>&#13;\n<td class=\"has-text-align-left\" data-align=\"left\">38866-20-5<\/td>&#13;\n<td class=\"has-text-align-left\" data-align=\"left\">254-161-9<\/td>&#13;\n<\/tr>&#13;\n<tr>&#13;\n<td class=\"has-text-align-left\" data-align=\"left\">294<\/td>&#13;\n<td class=\"has-text-align-left\" data-align=\"left\">Ethanol, 2,2\u2032-[[3-Methyl-4-[(E)-(4-<br\/>nitrophenyl)azo]phenyl]imino]bis<\/td>&#13;\n<td class=\"has-text-align-left\" data-align=\"left\">Dispergieren Rot 17<\/td>&#13;\n<td class=\"has-text-align-left\" data-align=\"left\">3179-89-3<\/td>&#13;\n<td class=\"has-text-align-left\" data-align=\"left\">221-665-5<\/td>&#13;\n<\/tr>&#13;\n<tr>&#13;\n<td class=\"has-text-align-left\" data-align=\"left\">295<\/td>&#13;\n<td class=\"has-text-align-left\" data-align=\"left\">4-Amino-5-hydroxy-3-(4-<br\/>nitrophenylazo)-6-(phenylazo)-2,7-<br\/>naphthalindisulfons\u00e4ure,<br\/>Dinatriumsalz<\/td>&#13;\n<td class=\"has-text-align-left\" data-align=\"left\">Schwarzs\u00e4ure 1<\/td>&#13;\n<td class=\"has-text-align-left\" data-align=\"left\">1064-48-8<\/td>&#13;\n<td class=\"has-text-align-left\" data-align=\"left\">213-903-1<\/td>&#13;\n<\/tr>&#13;\n<tr>&#13;\n<td class=\"has-text-align-left\" data-align=\"left\">296<\/td>&#13;\n<td class=\"has-text-align-left\" data-align=\"left\">Dinatrium-3-hydroxy-4-[(E)-(4-<br\/>methyl-2-sulfonatophenyl)diazenyl]-<br\/>2-naphthoat<\/td>&#13;\n<td class=\"has-text-align-left\" data-align=\"left\">Pigment Rot 57<\/td>&#13;\n<td class=\"has-text-align-left\" data-align=\"left\">5858-81-1<\/td>&#13;\n<td class=\"has-text-align-left\" data-align=\"left\">227-497-9<\/td>&#13;\n<\/tr>&#13;\n<\/tbody>&#13;\n<\/table>&#13;\n<\/figure>&#13;\n&#13;\n<p>Die EU-Kommission gew\u00e4hrt eine \u00dcbergangsfrist von 12 Monaten, damit die Industrie diese Anforderungen erf\u00fcllen kann (Neuformulierung und Anpassung der Warnhinweise). Das bedeutet, dass nach dem 10. August 2016 keine nicht konformen Produkte mehr auf dem Unionsmarkt in Verkehr gebracht oder bereitgestellt werden d\u00fcrfen.<\/p>&#13;\n\n<div id=\"\" class=\"wp-block-ugb-cta ugb-cta ugb-0eeab08 ugb-cta ugb-cta--v2 ugb-cta--design-plain ugb-main-block\"><style>.ugb-0eeab08 .ugb-button .ugb-button--inner{color:#93D500 !important}.ugb-0eeab08 .ugb-button{border-color:#93D500 !important}.ugb-0eeab08 .ugb-button:hover .ugb-button--inner{color:#93D500 !important}<\/style>\n<div class=\"ugb-inner-block\">\n<div class=\"ugb-block-content\">\n<div class=\"ugb-cta__item\">\n<h3 class=\"ugb-cta__title\">Haben Sie Fragen?<\/h3>\n<div class=\"ugb-button-container\"><a class=\"ugb-button ugb-button--size-normal ugb-button--design-ghost\" href=\"https:\/\/biorius.com\/de\/kontakt\/\" rel=\"\"><span class=\"ugb-button--inner\">Kontaktieren Sie uns<\/span><\/a><\/div>\n<\/div>\n<\/div>\n<\/div>\n<\/div>\n","protected":false},"excerpt":{"rendered":"<p>&#13; In zahlreichen von Experten begutachteten Artikeln wurde die Toxizit\u00e4t von Haarf\u00e4rbemitteln hervorgehoben, insbesondere ihre karzinogenen, genotoxischen und hautsensibilisierenden Eigenschaften. Besorgt \u00fcber die potenziellen Risiken&#8230;<\/p>\n","protected":false},"author":2,"featured_media":48676,"comment_status":"open","ping_status":"open","sticky":false,"template":"","format":"standard","meta":{"_acf_changed":false,"_coblocks_attr":"","_coblocks_dimensions":"","_coblocks_responsive_height":"","_coblocks_accordion_ie_support":"","footnotes":""},"categories":[2293],"tags":[],"ppma_author":[2288],"class_list":["post-48761","post","type-post","status-publish","format-standard","has-post-thumbnail","hentry","category-kosmetikverordnung","author-christophe-brault-chevalier"],"acf":[],"yoast_head":"<!-- This site is optimized with the Yoast SEO plugin v27.5 - https:\/\/yoast.com\/product\/yoast-seo-wordpress\/ -->\n<title>Neue Beschr\u00e4nkungen f\u00fcr neun Inhaltsstoffe von Haarf\u00e4rbemitteln - Biorius<\/title>\n<meta name=\"description\" content=\"Die EU verh\u00e4ngt neue Beschr\u00e4nkungen f\u00fcr neun Inhaltsstoffe von Haarf\u00e4rbemitteln und nimmt sie mit Wirkung vom 10. August 2016 in Anhang III der Kosmetikverordnung auf.\" \/>\n<meta name=\"robots\" content=\"index, follow, max-snippet:-1, max-image-preview:large, max-video-preview:-1\" \/>\n<link rel=\"canonical\" href=\"https:\/\/biorius.com\/de\/cosmetic-news\/neue-beschraenkungen-fuer-neun-inhaltsstoffe-von-haarfaerbemitteln\/\" \/>\n<meta property=\"og:locale\" content=\"de_DE\" \/>\n<meta property=\"og:type\" content=\"article\" \/>\n<meta property=\"og:title\" content=\"Neue Beschr\u00e4nkungen f\u00fcr neun Inhaltsstoffe von Haarf\u00e4rbemitteln - Biorius\" \/>\n<meta property=\"og:description\" content=\"Die EU verh\u00e4ngt neue Beschr\u00e4nkungen f\u00fcr neun Inhaltsstoffe von Haarf\u00e4rbemitteln und nimmt sie mit Wirkung vom 10. August 2016 in Anhang III der Kosmetikverordnung auf.\" \/>\n<meta property=\"og:url\" content=\"https:\/\/biorius.com\/de\/cosmetic-news\/neue-beschraenkungen-fuer-neun-inhaltsstoffe-von-haarfaerbemitteln\/\" \/>\n<meta property=\"og:site_name\" content=\"Biorius\" \/>\n<meta property=\"article:published_time\" content=\"2015-08-12T22:00:00+00:00\" \/>\n<meta property=\"article:modified_time\" content=\"2025-01-13T09:09:49+00:00\" \/>\n<meta property=\"og:image\" content=\"https:\/\/biorius.com\/wp-content\/uploads\/2023\/10\/books-1845614_1920.jpg\" \/>\n\t<meta property=\"og:image:width\" content=\"1920\" \/>\n\t<meta property=\"og:image:height\" content=\"1042\" \/>\n\t<meta property=\"og:image:type\" content=\"image\/jpeg\" \/>\n<meta name=\"author\" content=\"Christophe Brault-Chevalier\" \/>\n<meta name=\"twitter:card\" content=\"summary_large_image\" \/>\n<meta name=\"twitter:label1\" content=\"Verfasst von\" \/>\n\t<meta name=\"twitter:data1\" content=\"nicolas.lenaers@biorius.com\" \/>\n\t<meta name=\"twitter:label2\" content=\"Gesch\u00e4tzte Lesezeit\" \/>\n\t<meta name=\"twitter:data2\" content=\"2 Minuten\" \/>\n<script type=\"application\/ld+json\" class=\"yoast-schema-graph\">{\"@context\":\"https:\\\/\\\/schema.org\",\"@graph\":[{\"@type\":\"Article\",\"@id\":\"https:\\\/\\\/biorius.com\\\/de\\\/cosmetic-news\\\/neue-beschraenkungen-fuer-neun-inhaltsstoffe-von-haarfaerbemitteln\\\/#article\",\"isPartOf\":{\"@id\":\"https:\\\/\\\/biorius.com\\\/de\\\/cosmetic-news\\\/neue-beschraenkungen-fuer-neun-inhaltsstoffe-von-haarfaerbemitteln\\\/\"},\"author\":{\"name\":\"nicolas.lenaers@biorius.com\",\"@id\":\"https:\\\/\\\/biorius.com\\\/de\\\/#\\\/schema\\\/person\\\/118636d0af6db915f51e7a434d16faa3\"},\"headline\":\"Neue Beschr\u00e4nkungen f\u00fcr neun Inhaltsstoffe von Haarf\u00e4rbemitteln\",\"datePublished\":\"2015-08-12T22:00:00+00:00\",\"dateModified\":\"2025-01-13T09:09:49+00:00\",\"mainEntityOfPage\":{\"@id\":\"https:\\\/\\\/biorius.com\\\/de\\\/cosmetic-news\\\/neue-beschraenkungen-fuer-neun-inhaltsstoffe-von-haarfaerbemitteln\\\/\"},\"wordCount\":319,\"commentCount\":0,\"image\":{\"@id\":\"https:\\\/\\\/biorius.com\\\/de\\\/cosmetic-news\\\/neue-beschraenkungen-fuer-neun-inhaltsstoffe-von-haarfaerbemitteln\\\/#primaryimage\"},\"thumbnailUrl\":\"https:\\\/\\\/biorius.com\\\/wp-content\\\/uploads\\\/2023\\\/10\\\/books-1845614_1920.jpg\",\"articleSection\":[\"Kosmetikverordnung\"],\"inLanguage\":\"de-DE\",\"potentialAction\":[{\"@type\":\"CommentAction\",\"name\":\"Comment\",\"target\":[\"https:\\\/\\\/biorius.com\\\/de\\\/cosmetic-news\\\/neue-beschraenkungen-fuer-neun-inhaltsstoffe-von-haarfaerbemitteln\\\/#respond\"]}]},{\"@type\":\"WebPage\",\"@id\":\"https:\\\/\\\/biorius.com\\\/de\\\/cosmetic-news\\\/neue-beschraenkungen-fuer-neun-inhaltsstoffe-von-haarfaerbemitteln\\\/\",\"url\":\"https:\\\/\\\/biorius.com\\\/de\\\/cosmetic-news\\\/neue-beschraenkungen-fuer-neun-inhaltsstoffe-von-haarfaerbemitteln\\\/\",\"name\":\"Neue Beschr\u00e4nkungen f\u00fcr neun Inhaltsstoffe von Haarf\u00e4rbemitteln - Biorius\",\"isPartOf\":{\"@id\":\"https:\\\/\\\/biorius.com\\\/de\\\/#website\"},\"primaryImageOfPage\":{\"@id\":\"https:\\\/\\\/biorius.com\\\/de\\\/cosmetic-news\\\/neue-beschraenkungen-fuer-neun-inhaltsstoffe-von-haarfaerbemitteln\\\/#primaryimage\"},\"image\":{\"@id\":\"https:\\\/\\\/biorius.com\\\/de\\\/cosmetic-news\\\/neue-beschraenkungen-fuer-neun-inhaltsstoffe-von-haarfaerbemitteln\\\/#primaryimage\"},\"thumbnailUrl\":\"https:\\\/\\\/biorius.com\\\/wp-content\\\/uploads\\\/2023\\\/10\\\/books-1845614_1920.jpg\",\"datePublished\":\"2015-08-12T22:00:00+00:00\",\"dateModified\":\"2025-01-13T09:09:49+00:00\",\"author\":{\"@id\":\"https:\\\/\\\/biorius.com\\\/de\\\/#\\\/schema\\\/person\\\/118636d0af6db915f51e7a434d16faa3\"},\"description\":\"Die EU verh\u00e4ngt neue Beschr\u00e4nkungen f\u00fcr neun Inhaltsstoffe von Haarf\u00e4rbemitteln und nimmt sie mit Wirkung vom 10. August 2016 in Anhang III der Kosmetikverordnung auf.\",\"breadcrumb\":{\"@id\":\"https:\\\/\\\/biorius.com\\\/de\\\/cosmetic-news\\\/neue-beschraenkungen-fuer-neun-inhaltsstoffe-von-haarfaerbemitteln\\\/#breadcrumb\"},\"inLanguage\":\"de-DE\",\"potentialAction\":[{\"@type\":\"ReadAction\",\"target\":[\"https:\\\/\\\/biorius.com\\\/de\\\/cosmetic-news\\\/neue-beschraenkungen-fuer-neun-inhaltsstoffe-von-haarfaerbemitteln\\\/\"]}]},{\"@type\":\"ImageObject\",\"inLanguage\":\"de-DE\",\"@id\":\"https:\\\/\\\/biorius.com\\\/de\\\/cosmetic-news\\\/neue-beschraenkungen-fuer-neun-inhaltsstoffe-von-haarfaerbemitteln\\\/#primaryimage\",\"url\":\"https:\\\/\\\/biorius.com\\\/wp-content\\\/uploads\\\/2023\\\/10\\\/books-1845614_1920.jpg\",\"contentUrl\":\"https:\\\/\\\/biorius.com\\\/wp-content\\\/uploads\\\/2023\\\/10\\\/books-1845614_1920.jpg\",\"width\":1920,\"height\":1042,\"caption\":\"Discover how the 2019 Omnibus Regulation impacts cosmetics, including new restrictions on Salicylic Acid and updates on prohibited substances.\"},{\"@type\":\"BreadcrumbList\",\"@id\":\"https:\\\/\\\/biorius.com\\\/de\\\/cosmetic-news\\\/neue-beschraenkungen-fuer-neun-inhaltsstoffe-von-haarfaerbemitteln\\\/#breadcrumb\",\"itemListElement\":[{\"@type\":\"ListItem\",\"position\":1,\"name\":\"Startseite\",\"item\":\"https:\\\/\\\/biorius.com\\\/de\\\/\"},{\"@type\":\"ListItem\",\"position\":2,\"name\":\"Neue Beschr\u00e4nkungen f\u00fcr neun Inhaltsstoffe von Haarf\u00e4rbemitteln\"}]},{\"@type\":\"WebSite\",\"@id\":\"https:\\\/\\\/biorius.com\\\/de\\\/#website\",\"url\":\"https:\\\/\\\/biorius.com\\\/de\\\/\",\"name\":\"Biorius\",\"description\":\"You create dreams we protect them\",\"potentialAction\":[{\"@type\":\"SearchAction\",\"target\":{\"@type\":\"EntryPoint\",\"urlTemplate\":\"https:\\\/\\\/biorius.com\\\/de\\\/?s={search_term_string}\"},\"query-input\":{\"@type\":\"PropertyValueSpecification\",\"valueRequired\":true,\"valueName\":\"search_term_string\"}}],\"inLanguage\":\"de-DE\"},{\"@type\":\"Person\",\"@id\":\"https:\\\/\\\/biorius.com\\\/de\\\/#\\\/schema\\\/person\\\/118636d0af6db915f51e7a434d16faa3\",\"name\":\"nicolas.lenaers@biorius.com\",\"image\":{\"@type\":\"ImageObject\",\"inLanguage\":\"de-DE\",\"@id\":\"https:\\\/\\\/secure.gravatar.com\\\/avatar\\\/3a520f0f485dafed9d1c4b410310d05d541c8291d6f54c1e0e2b3687906b3979?s=96&d=mm&r=gafd756382464e9b8c7dd55685562e5f5\",\"url\":\"https:\\\/\\\/secure.gravatar.com\\\/avatar\\\/3a520f0f485dafed9d1c4b410310d05d541c8291d6f54c1e0e2b3687906b3979?s=96&d=mm&r=g\",\"contentUrl\":\"https:\\\/\\\/secure.gravatar.com\\\/avatar\\\/3a520f0f485dafed9d1c4b410310d05d541c8291d6f54c1e0e2b3687906b3979?s=96&d=mm&r=g\",\"caption\":\"nicolas.lenaers@biorius.com\"},\"url\":\"https:\\\/\\\/biorius.com\\\/ko\\\/cosmetic-news\\\/author\\\/nicolas-lenaersbiorius-com\\\/\"}]}<\/script>\n<!-- \/ Yoast SEO plugin. -->","yoast_head_json":{"title":"Neue Beschr\u00e4nkungen f\u00fcr neun Inhaltsstoffe von Haarf\u00e4rbemitteln - Biorius","description":"Die EU verh\u00e4ngt neue Beschr\u00e4nkungen f\u00fcr neun Inhaltsstoffe von Haarf\u00e4rbemitteln und nimmt sie mit Wirkung vom 10. August 2016 in Anhang III der Kosmetikverordnung auf.","robots":{"index":"index","follow":"follow","max-snippet":"max-snippet:-1","max-image-preview":"max-image-preview:large","max-video-preview":"max-video-preview:-1"},"canonical":"https:\/\/biorius.com\/de\/cosmetic-news\/neue-beschraenkungen-fuer-neun-inhaltsstoffe-von-haarfaerbemitteln\/","og_locale":"de_DE","og_type":"article","og_title":"Neue Beschr\u00e4nkungen f\u00fcr neun Inhaltsstoffe von Haarf\u00e4rbemitteln - Biorius","og_description":"Die EU verh\u00e4ngt neue Beschr\u00e4nkungen f\u00fcr neun Inhaltsstoffe von Haarf\u00e4rbemitteln und nimmt sie mit Wirkung vom 10. August 2016 in Anhang III der Kosmetikverordnung auf.","og_url":"https:\/\/biorius.com\/de\/cosmetic-news\/neue-beschraenkungen-fuer-neun-inhaltsstoffe-von-haarfaerbemitteln\/","og_site_name":"Biorius","article_published_time":"2015-08-12T22:00:00+00:00","article_modified_time":"2025-01-13T09:09:49+00:00","og_image":[{"width":1920,"height":1042,"url":"https:\/\/biorius.com\/wp-content\/uploads\/2023\/10\/books-1845614_1920.jpg","type":"image\/jpeg"}],"author":"Christophe Brault-Chevalier","twitter_card":"summary_large_image","twitter_misc":{"Verfasst von":"nicolas.lenaers@biorius.com","Gesch\u00e4tzte Lesezeit":"2 Minuten"},"schema":{"@context":"https:\/\/schema.org","@graph":[{"@type":"Article","@id":"https:\/\/biorius.com\/de\/cosmetic-news\/neue-beschraenkungen-fuer-neun-inhaltsstoffe-von-haarfaerbemitteln\/#article","isPartOf":{"@id":"https:\/\/biorius.com\/de\/cosmetic-news\/neue-beschraenkungen-fuer-neun-inhaltsstoffe-von-haarfaerbemitteln\/"},"author":{"name":"nicolas.lenaers@biorius.com","@id":"https:\/\/biorius.com\/de\/#\/schema\/person\/118636d0af6db915f51e7a434d16faa3"},"headline":"Neue Beschr\u00e4nkungen f\u00fcr neun Inhaltsstoffe von Haarf\u00e4rbemitteln","datePublished":"2015-08-12T22:00:00+00:00","dateModified":"2025-01-13T09:09:49+00:00","mainEntityOfPage":{"@id":"https:\/\/biorius.com\/de\/cosmetic-news\/neue-beschraenkungen-fuer-neun-inhaltsstoffe-von-haarfaerbemitteln\/"},"wordCount":319,"commentCount":0,"image":{"@id":"https:\/\/biorius.com\/de\/cosmetic-news\/neue-beschraenkungen-fuer-neun-inhaltsstoffe-von-haarfaerbemitteln\/#primaryimage"},"thumbnailUrl":"https:\/\/biorius.com\/wp-content\/uploads\/2023\/10\/books-1845614_1920.jpg","articleSection":["Kosmetikverordnung"],"inLanguage":"de-DE","potentialAction":[{"@type":"CommentAction","name":"Comment","target":["https:\/\/biorius.com\/de\/cosmetic-news\/neue-beschraenkungen-fuer-neun-inhaltsstoffe-von-haarfaerbemitteln\/#respond"]}]},{"@type":"WebPage","@id":"https:\/\/biorius.com\/de\/cosmetic-news\/neue-beschraenkungen-fuer-neun-inhaltsstoffe-von-haarfaerbemitteln\/","url":"https:\/\/biorius.com\/de\/cosmetic-news\/neue-beschraenkungen-fuer-neun-inhaltsstoffe-von-haarfaerbemitteln\/","name":"Neue Beschr\u00e4nkungen f\u00fcr neun Inhaltsstoffe von Haarf\u00e4rbemitteln - Biorius","isPartOf":{"@id":"https:\/\/biorius.com\/de\/#website"},"primaryImageOfPage":{"@id":"https:\/\/biorius.com\/de\/cosmetic-news\/neue-beschraenkungen-fuer-neun-inhaltsstoffe-von-haarfaerbemitteln\/#primaryimage"},"image":{"@id":"https:\/\/biorius.com\/de\/cosmetic-news\/neue-beschraenkungen-fuer-neun-inhaltsstoffe-von-haarfaerbemitteln\/#primaryimage"},"thumbnailUrl":"https:\/\/biorius.com\/wp-content\/uploads\/2023\/10\/books-1845614_1920.jpg","datePublished":"2015-08-12T22:00:00+00:00","dateModified":"2025-01-13T09:09:49+00:00","author":{"@id":"https:\/\/biorius.com\/de\/#\/schema\/person\/118636d0af6db915f51e7a434d16faa3"},"description":"Die EU verh\u00e4ngt neue Beschr\u00e4nkungen f\u00fcr neun Inhaltsstoffe von Haarf\u00e4rbemitteln und nimmt sie mit Wirkung vom 10. August 2016 in Anhang III der Kosmetikverordnung auf.","breadcrumb":{"@id":"https:\/\/biorius.com\/de\/cosmetic-news\/neue-beschraenkungen-fuer-neun-inhaltsstoffe-von-haarfaerbemitteln\/#breadcrumb"},"inLanguage":"de-DE","potentialAction":[{"@type":"ReadAction","target":["https:\/\/biorius.com\/de\/cosmetic-news\/neue-beschraenkungen-fuer-neun-inhaltsstoffe-von-haarfaerbemitteln\/"]}]},{"@type":"ImageObject","inLanguage":"de-DE","@id":"https:\/\/biorius.com\/de\/cosmetic-news\/neue-beschraenkungen-fuer-neun-inhaltsstoffe-von-haarfaerbemitteln\/#primaryimage","url":"https:\/\/biorius.com\/wp-content\/uploads\/2023\/10\/books-1845614_1920.jpg","contentUrl":"https:\/\/biorius.com\/wp-content\/uploads\/2023\/10\/books-1845614_1920.jpg","width":1920,"height":1042,"caption":"Discover how the 2019 Omnibus Regulation impacts cosmetics, including new restrictions on Salicylic Acid and updates on prohibited substances."},{"@type":"BreadcrumbList","@id":"https:\/\/biorius.com\/de\/cosmetic-news\/neue-beschraenkungen-fuer-neun-inhaltsstoffe-von-haarfaerbemitteln\/#breadcrumb","itemListElement":[{"@type":"ListItem","position":1,"name":"Startseite","item":"https:\/\/biorius.com\/de\/"},{"@type":"ListItem","position":2,"name":"Neue Beschr\u00e4nkungen f\u00fcr neun Inhaltsstoffe von Haarf\u00e4rbemitteln"}]},{"@type":"WebSite","@id":"https:\/\/biorius.com\/de\/#website","url":"https:\/\/biorius.com\/de\/","name":"Biorius","description":"You create dreams we protect them","potentialAction":[{"@type":"SearchAction","target":{"@type":"EntryPoint","urlTemplate":"https:\/\/biorius.com\/de\/?s={search_term_string}"},"query-input":{"@type":"PropertyValueSpecification","valueRequired":true,"valueName":"search_term_string"}}],"inLanguage":"de-DE"},{"@type":"Person","@id":"https:\/\/biorius.com\/de\/#\/schema\/person\/118636d0af6db915f51e7a434d16faa3","name":"nicolas.lenaers@biorius.com","image":{"@type":"ImageObject","inLanguage":"de-DE","@id":"https:\/\/secure.gravatar.com\/avatar\/3a520f0f485dafed9d1c4b410310d05d541c8291d6f54c1e0e2b3687906b3979?s=96&d=mm&r=gafd756382464e9b8c7dd55685562e5f5","url":"https:\/\/secure.gravatar.com\/avatar\/3a520f0f485dafed9d1c4b410310d05d541c8291d6f54c1e0e2b3687906b3979?s=96&d=mm&r=g","contentUrl":"https:\/\/secure.gravatar.com\/avatar\/3a520f0f485dafed9d1c4b410310d05d541c8291d6f54c1e0e2b3687906b3979?s=96&d=mm&r=g","caption":"nicolas.lenaers@biorius.com"},"url":"https:\/\/biorius.com\/ko\/cosmetic-news\/author\/nicolas-lenaersbiorius-com\/"}]}},"authors":[{"term_id":2288,"user_id":0,"is_guest":1,"slug":"christophe-brault-chevalier","display_name":"Christophe Brault-Chevalier","avatar_url":{"url":"https:\/\/biorius.com\/wp-content\/uploads\/2024\/08\/Christophe-Brault-Chevalier.webp","url2x":"https:\/\/biorius.com\/wp-content\/uploads\/2024\/08\/Christophe-Brault-Chevalier.webp"},"0":null,"1":"","2":"","3":"","4":"","5":"","6":"","7":"","8":""}],"_links":{"self":[{"href":"https:\/\/biorius.com\/de\/wp-json\/wp\/v2\/posts\/48761","targetHints":{"allow":["GET"]}}],"collection":[{"href":"https:\/\/biorius.com\/de\/wp-json\/wp\/v2\/posts"}],"about":[{"href":"https:\/\/biorius.com\/de\/wp-json\/wp\/v2\/types\/post"}],"author":[{"embeddable":true,"href":"https:\/\/biorius.com\/de\/wp-json\/wp\/v2\/users\/2"}],"replies":[{"embeddable":true,"href":"https:\/\/biorius.com\/de\/wp-json\/wp\/v2\/comments?post=48761"}],"version-history":[{"count":0,"href":"https:\/\/biorius.com\/de\/wp-json\/wp\/v2\/posts\/48761\/revisions"}],"wp:featuredmedia":[{"embeddable":true,"href":"https:\/\/biorius.com\/de\/wp-json\/wp\/v2\/media\/48676"}],"wp:attachment":[{"href":"https:\/\/biorius.com\/de\/wp-json\/wp\/v2\/media?parent=48761"}],"wp:term":[{"taxonomy":"category","embeddable":true,"href":"https:\/\/biorius.com\/de\/wp-json\/wp\/v2\/categories?post=48761"},{"taxonomy":"post_tag","embeddable":true,"href":"https:\/\/biorius.com\/de\/wp-json\/wp\/v2\/tags?post=48761"},{"taxonomy":"author","embeddable":true,"href":"https:\/\/biorius.com\/de\/wp-json\/wp\/v2\/ppma_author?post=48761"}],"curies":[{"name":"wp","href":"https:\/\/api.w.org\/{rel}","templated":true}]}}